{"id":2022463,"date":"2022-04-27T09:56:52","date_gmt":"2022-04-27T08:56:52","guid":{"rendered":"https:\/\/exindex.hu\/?p=2022463"},"modified":"2022-05-16T18:02:52","modified_gmt":"2022-05-16T17:02:52","slug":"szabad-ter-arnyakkal","status":"publish","type":"post","link":"https:\/\/exindex.hu\/hu\/hirek\/szabad-ter-arnyakkal\/","title":{"rendered":"Szabad t\u00e9r \u00e1rnyakkal"},"content":{"rendered":"<p><a href=\"https:\/\/exindex.hu\/wp-content\/uploads\/szabadterarnyakkal.jpg\"><img loading=\"lazy\" decoding=\"async\" class=\"aligncenter wp-image-2022464 size-large\" src=\"https:\/\/exindex.hu\/wp-content\/uploads\/szabadterarnyakkal-1200x823.jpg\" alt=\"\" width=\"648\" height=\"444\" srcset=\"https:\/\/exindex.hu\/wp-content\/uploads\/szabadterarnyakkal-1200x823.jpg 1200w, https:\/\/exindex.hu\/wp-content\/uploads\/szabadterarnyakkal-360x247.jpg 360w, https:\/\/exindex.hu\/wp-content\/uploads\/szabadterarnyakkal-768x526.jpg 768w, https:\/\/exindex.hu\/wp-content\/uploads\/szabadterarnyakkal-74x50.jpg 74w, https:\/\/exindex.hu\/wp-content\/uploads\/szabadterarnyakkal.jpg 1313w\" sizes=\"auto, (max-width: 648px) 100vw, 648px\" \/><\/a><\/p>\r\n<p>2022. \u00e1prilis 29. \u2013 m\u00e1jus 26.<br \/>\r\nBudapesti Metropolitan Egyetem (Budapest VII. R\u00f3zsa utca 4-6. &#8211; bej\u00e1rat a Hut\u00ffra Ferenc utca fel\u0151l)<\/p>\r\n<p>Megnyit\u00f3: 2022. \u00e1prilis 29. (p\u00e9ntek) 18:00<br \/>\r\nK\u00f6sz\u00f6nt\u0151t mond: Kisfaludy Andr\u00e1s dokumentumfilm-rendez\u0151, producer, a ki\u00e1ll\u00edt\u00e1s kur\u00e1tora<br \/>\r\nA ki\u00e1ll\u00edt\u00e1st megnyitja: W.-Nemessuri Zolt\u00e1n \u00edr\u00f3<\/p>\r\n<p>A Kisfaludy Andr\u00e1s dokumentumfilm-rendez\u0151 kezdem\u00e9nyez\u00e9s\u00e9vel megval\u00f3sul\u00f3 <i>Szabad t\u00e9r \u00e1rnyakkal<\/i> c\u00edm\u0171 \u00f6sszm\u0171v\u00e9szeti v\u00e1ndorki\u00e1ll\u00edt\u00e1s az 1960-as \u00e9s &#8217;70-es \u00e9vek progressz\u00edv m\u0171v\u00e9szet\u00e9t mutatja be k\u00e9pz\u0151m\u0171v\u00e9szeti, irodalmi, filmes \u00e9s zenei m\u0171vekb\u0151l v\u00e1logatva, \u00e1tfog\u00f3an megjelen\u00edtve, mir\u0151l sz\u00f3ltak az akkori \u00fatkeres\u0151 t\u00f6rekv\u00e9sek.<\/p>\r\n<p>A k\u00e9pz\u0151m\u0171v\u00e9szeti alkot\u00e1sokr\u00f3l k\u00e9sz\u00fclt reprodukci\u00f3k mellett film- \u00e9s zenei r\u00e9szletek, valamint irodalmi id\u00e9zetek tekinthet\u0151k, hallgathat\u00f3k meg a ki\u00e1ll\u00edt\u00e1son.<\/p>\r\n<p>A t\u00e1rlat \u00e9s a hozz\u00e1 kapcsol\u00f3d\u00f3 katal\u00f3gus c\u00e9lja, hogy a mai fiatalabb gener\u00e1ci\u00f3 is k\u00f6zelebb ker\u00fclj\u00f6n ehhez a jelent\u0151s, sok tekintetben \u00faj\u00edt\u00f3 korszakhoz, megismerkedjen az ifj\u00fas\u00e1gi pop kult\u00far\u00e1val, amely a \u201960-as \u00e9s \u201970-es \u00e9vek magyar avantg\u00e1rd m\u0171v\u00e9szet\u00e9t jellemezte, \u00e9s ami egy\u00fattal alapj\u00e1ul szolg\u00e1lhatott a mai m\u0171v\u00e9szeti gondolkod\u00e1snak is.<\/p>\r\n<p>Els\u0151 alkalommal a Budapesti Metropolitan Egyetem &#8211; M\u0171v\u00e9szeti \u00e9s Kreat\u00edv-ipari Kar\u00e1n lesz l\u00e1that\u00f3 a ki\u00e1ll\u00edt\u00e1s, majd a Kossuth Klub, \u00e9s rem\u00e9lhet\u0151leg tov\u00e1bbi fels\u0151oktat\u00e1si int\u00e9zm\u00e9nyek is otthont adnak majd a kezdem\u00e9nyez\u00e9snek.<\/p>\r\n<p>K\u00e9pz\u0151m\u0171v\u00e9szet<\/p>\r\n<p>ALAPFY L\u00e1szl\u00f3 \/ ALTORJAI S\u00e1ndor \/ \u00c1REND\u00c1S J\u00f3zsef \/ BAK Imre \/ BAKOS Istv\u00e1n \/ BARANYAY Andr\u00e1s \/ BOTOND K\u00e1roly \/ CS\u00c1JI Attila \/ CSERNUS Tibor \/ BUKTA Imre \/ ef Z\u00c1MB\u00d3 Istv\u00e1n \/ fe LUGOSSY L\u00e1szl\u00f3 \/ ERD\u00c9LY Mikl\u00f3s \/ FREY Kriszti\u00e1n \/ HAJAS Tibor \/ HARASZT\u0178 Istv\u00e1n \/ HARIS L\u00e1szl\u00f3 \/ HENCZE Tam\u00e1s \/ HORV\u00c1TH L\u00e1szl\u00f3 Xav\u00e9r \/ JOV\u00c1NOVICS Gy\u00f6rgy \/ KECSKEM\u00c9TI K\u00e1lm\u00e1n \/ KEM\u00c9NY Gy\u00f6rgy \/ KESER\u00dc Ilona \/ KONCZ Csaba \/ KONKOLY Gyula \/ KOV\u00c1SZNAI Gy\u00f6rgy \/ KULINYI Istv\u00e1n \/ LAKNER L\u00e1szl\u00f3 \/ M\u00c9HES L\u00e1szl\u00f3 \/ N\u00c1DLER Istv\u00e1n \/ OLESCHER Tam\u00e1s \/ P\u00c1LFALUSI Attila \/ PAUER Gyula \/ PINCZEHELYI S\u00e1ndor \/ P\u00d3CS P\u00e9ter \/ PRUTKAY P\u00e9ter \/ SERES L\u00e1szl\u00f3 \/ Ludmil SISKOV \/ SZENTJ\u00d3BY Tam\u00e1s \/ T\u00d3T Endre \/ T\u00d3TH Gy\u00f6rgy \/ T\u00d6R\u00d6K L\u00e1szl\u00f3 \/ VESZELY Ferenc \/ VET\u0150 J\u00e1nos<\/p>\r\n<p>Film<\/p>\r\n<p>B\u00d3DY G\u00e1bor \/ HAJAS Tibor \/ KISFALUDY Andr\u00e1s \/ RAG\u00c1LYI Elem\u00e9r \/ R\u00d3ZSA J\u00e1nos<\/p>\r\n<p>Irodalom<\/p>\r\n<p>AJTONY \u00c1rp\u00e1d \/ BAKSA-SO\u00d3S J\u00e1nos \/ BALASK\u00d3 Jen\u0151 \/ BEREM\u00c9NYI G\u00e9za \/ ESTERH\u00c1ZY P\u00e9ter \/ HAJN\u00d3CZY P\u00e9ter \/ JUH\u00c1SZ S\u00e1ndor \/ N\u00c1DAS P\u00e9ter \/ PETRI Gy\u00f6rgy \/ SIMONFFY Andr\u00e1s \/ TOLNAI Ott\u00f3<\/p>\r\n<p>K\u00f6nny\u0171zene<\/p>\r\n<p>KEX \/ SYRIUS \/ T\u00e1ncdalfesztiv\u00e1l<\/p>\r\n<p>Komolyzene<\/p>\r\n<p>BALASSA S\u00e1ndor \/ DUBROVAY L\u00e1szl\u00f3 \/ KURT\u00c1G Gy\u00f6rgy \/ LIGETI Gy\u00f6rgy \/ MADAR\u00c1SZ Iv\u00e1n \/ SUG\u00c1R Rezs\u0151<\/p>\r\n<p>Megtekinthet\u0151 2022. m\u00e1jus 26-ig, h\u00e9tf\u0151t\u0151l p\u00e9ntekig 8:00\u201320:00 k\u00f6z\u00f6tt.<\/p>\r\n<div id='gallery-1' class='gallery galleryid-2022463 gallery-columns-2 gallery-size-thumbnail'><figure class='gallery-item'>\n\t\t\t<div class='gallery-icon landscape'>\n\t\t\t\t<a href='https:\/\/exindex.hu\/hu\/hirek\/szabad-ter-arnyakkal\/attachment\/szta3\/'><img loading=\"lazy\" decoding=\"async\" width=\"250\" height=\"250\" src=\"https:\/\/exindex.hu\/wp-content\/uploads\/szta3-250x250.jpg\" class=\"attachment-thumbnail size-thumbnail\" alt=\"\" \/><\/a>\n\t\t\t<\/div><\/figure><figure class='gallery-item'>\n\t\t\t<div class='gallery-icon landscape'>\n\t\t\t\t<a href='https:\/\/exindex.hu\/hu\/hirek\/szabad-ter-arnyakkal\/attachment\/szta5\/'><img loading=\"lazy\" decoding=\"async\" width=\"250\" height=\"250\" src=\"https:\/\/exindex.hu\/wp-content\/uploads\/szta5-250x250.jpg\" class=\"attachment-thumbnail size-thumbnail\" alt=\"\" \/><\/a>\n\t\t\t<\/div><\/figure>\n\t\t<\/div>","protected":false},"excerpt":{"rendered":"<p>2022. \u00e1prilis 29. \u2013 m\u00e1jus 26. Budapesti Metropolitan Egyetem (Budapest VII. R\u00f3zsa utca 4-6. &#8211; bej\u00e1rat a Hut\u00ffra Ferenc utca fel\u0151l) Megnyit\u00f3: 2022. \u00e1prilis 29. (p\u00e9ntek) 18:00 K\u00f6sz\u00f6nt\u0151t mond: Kisfaludy Andr\u00e1s dokumentumfilm-rendez\u0151, producer, a ki\u00e1ll\u00edt\u00e1s kur\u00e1tora A ki\u00e1ll\u00edt\u00e1st megnyitja: W.-Nemessuri Zolt\u00e1n \u00edr\u00f3 A Kisfaludy Andr\u00e1s dokumentumfilm-rendez\u0151 kezdem\u00e9nyez\u00e9s\u00e9vel megval\u00f3sul\u00f3 Szabad t\u00e9r \u00e1rnyakkal c\u00edm\u0171 \u00f6sszm\u0171v\u00e9szeti v\u00e1ndorki\u00e1ll\u00edt\u00e1s az [&hellip;]<\/p>\n","protected":false},"author":2,"featured_media":2022464,"parent":0,"comment_status":"open","ping_status":"open","sticky":false,"template":"","format":"standard","meta":{"_acf_changed":false,"footnotes":""},"categories":[3],"tags":[],"class_list":["post-2022463","post","type-post","status-publish","format-standard","has-post-thumbnail","hentry","category-hirek"],"acf":[],"_links":{"self":[{"href":"https:\/\/exindex.hu\/hu\/wp-json\/wp\/v2\/posts\/2022463","targetHints":{"allow":["GET"]}}],"collection":[{"href":"https:\/\/exindex.hu\/hu\/wp-json\/wp\/v2\/posts"}],"about":[{"href":"https:\/\/exindex.hu\/hu\/wp-json\/wp\/v2\/types\/post"}],"author":[{"embeddable":true,"href":"https:\/\/exindex.hu\/hu\/wp-json\/wp\/v2\/users\/2"}],"replies":[{"embeddable":true,"href":"https:\/\/exindex.hu\/hu\/wp-json\/wp\/v2\/comments?post=2022463"}],"version-history":[{"count":8,"href":"https:\/\/exindex.hu\/hu\/wp-json\/wp\/v2\/posts\/2022463\/revisions"}],"predecessor-version":[{"id":2022861,"href":"https:\/\/exindex.hu\/hu\/wp-json\/wp\/v2\/posts\/2022463\/revisions\/2022861"}],"wp:featuredmedia":[{"embeddable":true,"href":"https:\/\/exindex.hu\/hu\/wp-json\/wp\/v2\/media\/2022464"}],"wp:attachment":[{"href":"https:\/\/exindex.hu\/hu\/wp-json\/wp\/v2\/media?parent=2022463"}],"wp:term":[{"taxonomy":"category","embeddable":true,"href":"https:\/\/exindex.hu\/hu\/wp-json\/wp\/v2\/categories?post=2022463"},{"taxonomy":"post_tag","embeddable":true,"href":"https:\/\/exindex.hu\/hu\/wp-json\/wp\/v2\/tags?post=2022463"}],"curies":[{"name":"wp","href":"https:\/\/api.w.org\/{rel}","templated":true}]}}