{"id":2023235,"date":"2022-05-27T14:13:55","date_gmt":"2022-05-27T13:13:55","guid":{"rendered":"https:\/\/exindex.hu\/?p=2023235"},"modified":"2022-06-01T01:16:28","modified_gmt":"2022-06-01T00:16:28","slug":"black-down-town","status":"publish","type":"post","link":"https:\/\/exindex.hu\/hu\/hirek\/black-down-town\/","title":{"rendered":"Black down town"},"content":{"rendered":"<p><img loading=\"lazy\" decoding=\"async\" class=\"aligncenter wp-image-2023237 size-full\" src=\"https:\/\/exindex.hu\/wp-content\/uploads\/hr.jpg\" alt=\"\" width=\"834\" height=\"834\" srcset=\"https:\/\/exindex.hu\/wp-content\/uploads\/hr.jpg 834w, https:\/\/exindex.hu\/wp-content\/uploads\/hr-360x360.jpg 360w, https:\/\/exindex.hu\/wp-content\/uploads\/hr-250x250.jpg 250w, https:\/\/exindex.hu\/wp-content\/uploads\/hr-768x768.jpg 768w\" sizes=\"auto, (max-width: 834px) 100vw, 834px\" \/><\/p>\r\n<p>L\u00e9tminimum B\u00e1zis (Budapest V. Honv\u00e9d utca 18.)<\/p>\r\n<p>Megnyit\u00f3: 2022. m\u00e1jus 27. 19:00<br \/>\r\nKur\u00e1torok: Korodi Luca \u00e9s Komor\u00f3czky Tam\u00e1s<\/p>\r\n<p>Rep\u00fcl\u00e8si technik\u00e1k<\/p>\r\n<p>T\u00e9lv\u00edz ideje \u00e9s minden le\u00e1ll. A percek s az \u00f3r\u00e1k tovasuhannak, mint egy fuvallat az arcon, a napok \u00e9s a hetek. Az \u00e9letnek nyomai, lehet\u0151s\u00e9gei nem jelentkeznek, dolgozik b\u00e1r m\u00e9g a motor, hallani csendes z\u00f6rejes kerreg\u00e9s\u00e9t. Megsz\u00e1moltatik a m\u00falt, s abban l\u00e9v\u0151k eml\u00e9kei, mi az \u00e9let volt, eml\u00e9kszik a bels\u0151 cs\u00f6nd, a boldogs\u00e1g \u00e9s m\u00e1mor pillanataira, mint az \u00e9des m\u00e9zre. Azonban a f\u00f6ld siv\u00e1r terhe lenyom, &#8222;altat, befed&#8221;. A semmi torokszor\u00edt\u00f3 sz\u00edvver\u00e9sei megjelennek, beleremeg az \u00fct\u00f6tt-kopott test. \u00d3lomneh\u00e9z s\u00faly\u00faak az ecsetek \u00e9s a glettvasak. A sz\u00ednek boldog kevered\u00e9sei miatt a f\u00e9lelem \u00e9s a f\u00e1jdalom. A tetszhalott \u00e9s a f\u00e9lni \u00e9lni. A semmibe kil\u0151tt a f\u00e9lelem. A vil\u00e1g a f\u00e9lelem el\u0151ttre, \u00e9s a f\u00e9lelem ut\u00e1nra v\u00e1lik kett\u00e9. A l\u00e9t megsemmis\u00fcl\u00e9sei. A vil\u00e1g megsemmis\u00fcl\u00e9se, ami volt, nincs. A hal\u00e1l pillanatai, de &#8222;a bushid\u00f3 a hal\u00e1lban gy\u00f6keredzik&#8221;. Taoista hangszavak mutatnak kaput. Avagy a hold\u00faj\u00e9v \u00fcnneps\u00e9g\u00e9n a j\u00f3slatok; k\u00f6telez\u0151 jelleg\u0171 bels\u0151 pokolra men\u00e9sek, j\u00e1r\u00e1sok. S valahogy az ember talpra \u00e1llna, hisz l\u00e9trehozta ezt a p\u00e1rh\u00f3napos biztons\u00e1gos zuhan\u00f3 id\u0151t , amit fekve t\u00f6lt, \u00e9s mire \u00e9bredne, megsz\u00f3lalnak kelet fel\u0151l a hal\u00e1lgy\u00e1r \u00e1gy\u00fai \u00e9s cs\u00e9pl\u0151g\u00e9pei.<\/p>\r\n<p>Azut\u00e1n nagy \u00c1rhull\u00e1mmal t\u00e8rnek vissza a m\u00faltban elvetett k\u00e9pzett er\u0151k, s megd\u00fas\u00edtj\u00e1k sz\u00edneikkel a s\u00f6t\u00e9t mez\u0151t.<br \/>\r\nAz elfelejtett boldog k\u00e9pek, pillanatok, \u00e9rz\u00e9sek \u00fajra \u00e1tkarolnak, mint r\u00e9g nem l\u00e1tott l\u00e9nyek.<\/p>","protected":false},"excerpt":{"rendered":"<p>L\u00e9tminimum B\u00e1zis (Budapest V. Honv\u00e9d utca 18.) Megnyit\u00f3: 2022. m\u00e1jus 27. 19:00 Kur\u00e1torok: Korodi Luca \u00e9s Komor\u00f3czky Tam\u00e1s Rep\u00fcl\u00e8si technik\u00e1k T\u00e9lv\u00edz ideje \u00e9s minden le\u00e1ll. A percek s az \u00f3r\u00e1k tovasuhannak, mint egy fuvallat az arcon, a napok \u00e9s a hetek. Az \u00e9letnek nyomai, lehet\u0151s\u00e9gei nem jelentkeznek, dolgozik b\u00e1r m\u00e9g a motor, hallani csendes z\u00f6rejes [&hellip;]<\/p>\n","protected":false},"author":2,"featured_media":2023237,"parent":0,"comment_status":"open","ping_status":"open","sticky":false,"template":"","format":"standard","meta":{"_acf_changed":false,"footnotes":""},"categories":[3],"tags":[],"class_list":["post-2023235","post","type-post","status-publish","format-standard","has-post-thumbnail","hentry","category-hirek"],"acf":[],"_links":{"self":[{"href":"https:\/\/exindex.hu\/hu\/wp-json\/wp\/v2\/posts\/2023235","targetHints":{"allow":["GET"]}}],"collection":[{"href":"https:\/\/exindex.hu\/hu\/wp-json\/wp\/v2\/posts"}],"about":[{"href":"https:\/\/exindex.hu\/hu\/wp-json\/wp\/v2\/types\/post"}],"author":[{"embeddable":true,"href":"https:\/\/exindex.hu\/hu\/wp-json\/wp\/v2\/users\/2"}],"replies":[{"embeddable":true,"href":"https:\/\/exindex.hu\/hu\/wp-json\/wp\/v2\/comments?post=2023235"}],"version-history":[{"count":3,"href":"https:\/\/exindex.hu\/hu\/wp-json\/wp\/v2\/posts\/2023235\/revisions"}],"predecessor-version":[{"id":2023357,"href":"https:\/\/exindex.hu\/hu\/wp-json\/wp\/v2\/posts\/2023235\/revisions\/2023357"}],"wp:featuredmedia":[{"embeddable":true,"href":"https:\/\/exindex.hu\/hu\/wp-json\/wp\/v2\/media\/2023237"}],"wp:attachment":[{"href":"https:\/\/exindex.hu\/hu\/wp-json\/wp\/v2\/media?parent=2023235"}],"wp:term":[{"taxonomy":"category","embeddable":true,"href":"https:\/\/exindex.hu\/hu\/wp-json\/wp\/v2\/categories?post=2023235"},{"taxonomy":"post_tag","embeddable":true,"href":"https:\/\/exindex.hu\/hu\/wp-json\/wp\/v2\/tags?post=2023235"}],"curies":[{"name":"wp","href":"https:\/\/api.w.org\/{rel}","templated":true}]}}