{"id":2025029,"date":"2022-09-19T23:58:24","date_gmt":"2022-09-19T22:58:24","guid":{"rendered":"https:\/\/exindex.hu\/?p=2025029"},"modified":"2023-01-06T22:17:29","modified_gmt":"2023-01-06T21:17:29","slug":"%e2%80%a0-dobos-gabor","status":"publish","type":"post","link":"https:\/\/exindex.hu\/hu\/hirek\/%e2%80%a0-dobos-gabor\/","title":{"rendered":"\u2020 Dobos G\u00e1bor"},"content":{"rendered":"<p><a href=\"https:\/\/exindex.hu\/wp-content\/uploads\/dobos_gabor.jpg\"><img loading=\"lazy\" decoding=\"async\" class=\"aligncenter wp-image-2025031 size-medium\" src=\"https:\/\/exindex.hu\/wp-content\/uploads\/dobos_gabor-270x360.jpg\" alt=\"\" width=\"270\" height=\"360\" srcset=\"https:\/\/exindex.hu\/wp-content\/uploads\/dobos_gabor-270x360.jpg 270w, https:\/\/exindex.hu\/wp-content\/uploads\/dobos_gabor.jpg 720w\" sizes=\"auto, (max-width: 270px) 100vw, 270px\" \/><\/a><\/p>\r\n<p>Elhunyt Dobos G\u00e1bor operat\u0151r, f\u00e9nyk\u00e9p\u00e9sz, filmk\u00e9sz\u00edt\u0151. Az 1947-ben sz\u00fcletett m\u0171v\u00e9sz nemzed\u00e9k\u00e9nek egyik leg\u00e9rz\u00e9kenyebb, k\u00fcl\u00f6n\u00f6s vizualit\u00e1ssal meg\u00e1ldott alkot\u00f3ja volt. Tev\u00e9kenys\u00e9g\u00e9t \u2013 mivel a Sz\u00ednh\u00e1z \u00e9s Filmm\u0171v\u00e9szeti F\u0151iskol\u00e1ra nem siker\u00fclt bejutnia \u2013 a Bal\u00e1zs B\u00e9la St\u00fadi\u00f3ban fejtette ki. \u00c9veken kereszt\u00fcl dolgozott a Magyar Telev\u00edzi\u00f3ban is. 1975-ben Tarr B\u00e9la javaslat\u00e1ra a Ganz-M\u00c1VAG M\u0171vel\u0151d\u00e9si H\u00e1z fot\u00f3szakk\u00f6r\u00e9nek vezet\u0151je volt, melyet k\u00e9s\u0151bb Dziga Vertov Fot\u00f3- \u00e9s Filmszakk\u00f6r n\u00e9vre keresztelt. 1976-ban <i>Viviszekci\u00f3<\/i> c\u00edmmel performanszot mutatott be az FMK-ban \u00e9s a F\u0151v\u00e1rosi M\u0171vel\u0151d\u00e9si H\u00e1zban.<\/p>\r\n<p>Az \u0151 kamer\u00e1ja \u00f6r\u00f6k\u00edtette meg a Doh\u00e1ny utca Lak\u00e1ssz\u00ednh\u00e1z el\u0151ad\u00e1sait, s a v\u00e9g\u00fcl emigr\u00e1ci\u00f3ba k\u00e9nyszer\u00edtett t\u00e1rsulat tev\u00e9kenys\u00e9g\u00e9r\u0151l is \u0151 k\u00e9sz\u00edtett felv\u00e9teleket New Yorkban. Egy itt \u00e1t\u00e9lt bad trip k\u00f6vetkezt\u00e9ben gy\u00f3gy\u00edthatatlan beteg lett, 1978-ban \u00e9s 1982-ben r\u00f6vid ideig elmegy\u00f3gyint\u00e9zetben is kezelt\u00e9k. 1998-ban egy agytumorm\u0171t\u00e9t k\u00f6vetkezt\u00e9ben elvesztette l\u00e1t\u00e1s\u00e1t \u00e9s hall\u00e1sa is jelent\u0151sen k\u00e1rosult. Ezut\u00e1n folyamatosan int\u00e9zeti kezel\u00e9sre szorult, \u00e9lete utols\u00f3 huszonh\u00e1rom \u00e9v\u00e9t egy szanat\u00f3riumban t\u00f6lt\u00f6tte, szerettei kitart\u00f3 \u00e1pol\u00e1sa mellett. A Kiscelli M\u00fazeum \u2013 F\u0151v\u00e1rosi K\u00e9pt\u00e1r 2006-ban rendezett ki\u00e1ll\u00edt\u00e1st az \u00e9letm\u0171b\u0151l.<\/p>\r\n<p>Filmjei:<br \/>\r\n<br \/>\r\n1971 Dr\u00e1ma (r: Ajtony \u00c1rp\u00e1d)<br \/>\r\n1975 A cs\u00e1sz\u00e1r \u00fczenete (r: Najm\u00e1nyi L\u00e1szl\u00f3)<br \/>\r\n\u00a0\u00a0\u00a0 \u00a0\u00a0\u00a0 \u00a0 \u00c9letform\u00e1k (r: Don\u00e1th P\u00e9ter)<br \/>\r\n\u00a0\u00a0\u00a0 \u00a0\u00a0\u00a0 \u00a0 Don Giovanni (r: Hal\u00e1sz P\u00e9ter)<br \/>\r\n\u00a0\u00a0\u00a0 \u00a0\u00a0\u00a0 \u00a0 Egy\u00fctthat\u00f3k (r: Dobai P\u00e9ter)<br \/>\r\n1976 \u00d6ndivatbemutat\u00f3 (r: Hajas Tibor)<br \/>\r\n1977 \u00c1lomm\u00e1solatok (r: Erd\u00e9ly Mikl\u00f3s)<br \/>\r\n1981 V\u00e1rakoz\u00e1s (r: H\u00e1y \u00c1gnes)<br \/>\r\n1984 J\u00e9gkr\u00e9mbalett (r: Wahorn Andr\u00e1s)<br \/>\r\n1987 Kreativit\u00e1s, vizualit\u00e1s (r: Maurer D\u00f3ra)<br \/>\r\n<br \/>\r\n\u00a0<br \/>\r\n<br \/>\r\n<\/p>","protected":false},"excerpt":{"rendered":"<p>Elhunyt Dobos G\u00e1bor operat\u0151r, f\u00e9nyk\u00e9p\u00e9sz, filmk\u00e9sz\u00edt\u0151. Az 1947-ben sz\u00fcletett m\u0171v\u00e9sz nemzed\u00e9k\u00e9nek egyik leg\u00e9rz\u00e9kenyebb, k\u00fcl\u00f6n\u00f6s vizualit\u00e1ssal meg\u00e1ldott alkot\u00f3ja volt. Tev\u00e9kenys\u00e9g\u00e9t \u2013 mivel a Sz\u00ednh\u00e1z \u00e9s Filmm\u0171v\u00e9szeti F\u0151iskol\u00e1ra nem siker\u00fclt bejutnia \u2013 a Bal\u00e1zs B\u00e9la St\u00fadi\u00f3ban fejtette ki. \u00c9veken kereszt\u00fcl dolgozott a Magyar Telev\u00edzi\u00f3ban is. 1975-ben Tarr B\u00e9la javaslat\u00e1ra a Ganz-M\u00c1VAG M\u0171vel\u0151d\u00e9si H\u00e1z fot\u00f3szakk\u00f6r\u00e9nek vezet\u0151je volt, melyet [&hellip;]<\/p>\n","protected":false},"author":2,"featured_media":2025031,"parent":0,"comment_status":"open","ping_status":"open","sticky":false,"template":"","format":"standard","meta":{"_acf_changed":false,"footnotes":""},"categories":[3],"tags":[],"class_list":["post-2025029","post","type-post","status-publish","format-standard","has-post-thumbnail","hentry","category-hirek"],"acf":[],"_links":{"self":[{"href":"https:\/\/exindex.hu\/hu\/wp-json\/wp\/v2\/posts\/2025029","targetHints":{"allow":["GET"]}}],"collection":[{"href":"https:\/\/exindex.hu\/hu\/wp-json\/wp\/v2\/posts"}],"about":[{"href":"https:\/\/exindex.hu\/hu\/wp-json\/wp\/v2\/types\/post"}],"author":[{"embeddable":true,"href":"https:\/\/exindex.hu\/hu\/wp-json\/wp\/v2\/users\/2"}],"replies":[{"embeddable":true,"href":"https:\/\/exindex.hu\/hu\/wp-json\/wp\/v2\/comments?post=2025029"}],"version-history":[{"count":3,"href":"https:\/\/exindex.hu\/hu\/wp-json\/wp\/v2\/posts\/2025029\/revisions"}],"predecessor-version":[{"id":2026749,"href":"https:\/\/exindex.hu\/hu\/wp-json\/wp\/v2\/posts\/2025029\/revisions\/2026749"}],"wp:featuredmedia":[{"embeddable":true,"href":"https:\/\/exindex.hu\/hu\/wp-json\/wp\/v2\/media\/2025031"}],"wp:attachment":[{"href":"https:\/\/exindex.hu\/hu\/wp-json\/wp\/v2\/media?parent=2025029"}],"wp:term":[{"taxonomy":"category","embeddable":true,"href":"https:\/\/exindex.hu\/hu\/wp-json\/wp\/v2\/categories?post=2025029"},{"taxonomy":"post_tag","embeddable":true,"href":"https:\/\/exindex.hu\/hu\/wp-json\/wp\/v2\/tags?post=2025029"}],"curies":[{"name":"wp","href":"https:\/\/api.w.org\/{rel}","templated":true}]}}