{"id":2028478,"date":"2023-05-01T22:19:19","date_gmt":"2023-05-01T21:19:19","guid":{"rendered":"https:\/\/exindex.hu\/?p=2028478"},"modified":"2023-06-06T14:16:51","modified_gmt":"2023-06-06T13:16:51","slug":"szemuvegeket-felvenni","status":"publish","type":"post","link":"https:\/\/exindex.hu\/hu\/hirek\/szemuvegeket-felvenni\/","title":{"rendered":"Szem\u00fcvegeket felvenni&#8230;"},"content":{"rendered":"<p><a href=\"https:\/\/exindex.hu\/wp-content\/uploads\/zuzu.jpg\"><img loading=\"lazy\" decoding=\"async\" class=\"aligncenter size-large wp-image-2028480\" src=\"https:\/\/exindex.hu\/wp-content\/uploads\/zuzu-1200x676.jpg\" alt=\"\" width=\"900\" height=\"507\" srcset=\"https:\/\/exindex.hu\/wp-content\/uploads\/zuzu-1200x676.jpg 1200w, https:\/\/exindex.hu\/wp-content\/uploads\/zuzu-360x203.jpg 360w, https:\/\/exindex.hu\/wp-content\/uploads\/zuzu-768x433.jpg 768w, https:\/\/exindex.hu\/wp-content\/uploads\/zuzu-1536x865.jpg 1536w, https:\/\/exindex.hu\/wp-content\/uploads\/zuzu.jpg 1640w\" sizes=\"auto, (max-width: 900px) 100vw, 900px\" \/><\/a><\/p>\r\n<p>2023. m\u00e1jus 4. &#8211; j\u00fanius 2.<br \/>\r\nThe Space (Budapest I. Hatty\u00fa utca 16. fszt. 4. &#8211; 53. cseng\u0151)<\/p>\r\n<p>Megnyit\u00f3: <strong>2023. 05. 03. (szerda) 18.00<\/strong><\/p>\r\n<p><b>Olaj\/v\u00e1szon<\/b><br \/>\r\nM\u00e9hes L\u00f3r\u00e1nt a hazai hiperrealista fest\u00e9szet kiemelked\u0151, egyedi hang\u00fa k\u00e9pvisel\u0151je. Az 1972-t\u0151l festett k\u00e9peinek kiindul\u00f3pontjai, realisztikus alapmot\u00edvumai Zuzu \u00e9let\u00e9nek kiragadott pillanataib\u00f3l \u00f6ssze\u00e1ll\u00f3 k\u00f6rnyezetek, amelyekben \u00e9let\u00e9nek meghat\u00e1roz\u00f3 szem\u00e9lyei szerepelnek. A kor\u00e1bban fot\u00f3kon r\u00f6gz\u00edtett pillanatok a festm\u00e9nyek k\u00e9sz\u00edt\u00e9se sor\u00e1n t\u00f6bb szinten v\u00e1ltoznak meg. Elt\u0171nnek az id\u0151korlatok, a kompoz\u00edci\u00f3kban megjelen\u00edtett egyedi utal\u00e1sokat jelent\u0151 mot\u00edvumoknak k\u00f6sz\u00f6nhet\u0151en. A ki\u00e1ll\u00edt\u00e1son bemutatott egyik friss Zuzu festm\u00e9ny <em>Modern fest\u0151 leszek (gondoltam 16 \u00e9ves koromban)<\/em> c\u00edm\u0171 alkot\u00e1s el\u0151k\u00e9pe 1973-ban k\u00e9sz\u00fclt.<\/p>\r\n<p><b>Ludas Matyi sorozat<\/b><br \/>\r\nAz \u00e9letm\u0171 legismertebb darabjai ezek az egyszerre \u00e9rz\u00e9keny, virtu\u00f3z \u00e9s mark\u00e1nsan karikaturisztkus rajzok. M\u00e9hes ezeket a sz\u00ednes rajzokat a napi \u00e9let\u00e9lm\u00e9nyek inspir\u00e1ci\u00f3j\u00e1nak hat\u00e1s\u00e1ra k\u00e9sz\u00edti. Nincs el\u0151zetesen elk\u00e9sz\u00edtett terv, nem hordoznak primer jelent\u00e9startalm\u00fa \u00fczenetet. A l\u00e9trej\u00f6v\u0151 egyedi grafikai alkot\u00e1sokat semmi nem k\u00f6ti \u00f6ssze, m\u00e9gis \u00f6sszetartoznak. A m\u0171vek kieg\u00e9sz\u00edtik egym\u00e1st, mint egy nagy t\u00e1rsas\u00e1g.<\/p>\r\n<p><b>F\u00fcst-fot\u00f3 k\u00eds\u00e9rletek \u2013 2008 ut\u00e1n<\/b><br \/>\r\n<i>\u201eEgyed\u00fcl \u00fcltem otthon, k\u00eds\u00e9rleteztem a f\u00e9nyelnyel\u0151 h\u00e1tt\u00e9rrel, majd a megfelel\u0151 karakter\u0171 f\u00fcst l\u00e9trehoz\u00e1s\u00e1val<\/i>\u201d. A F\u00fcst-sorozat fot\u00f3inak er\u0151s \u00e9s karakteres rajzolat\u00fa f\u00fcstjeleit Zuzu egyik f\u00fcst\u00f6l\u0151je adja. A most ki\u00e1ll\u00edtott darabok mindegyike egyedi 1\/1-es p\u00e9ld\u00e1nysz\u00e1mban k\u00e9sz\u00fclt digit\u00e1lis fot\u00f3 print.<\/p>\r\n<p><a href=\"https:\/\/exindex.hu\/wp-content\/uploads\/zuzu2.jpg\"><img loading=\"lazy\" decoding=\"async\" class=\"aligncenter size-full wp-image-2028482\" src=\"https:\/\/exindex.hu\/wp-content\/uploads\/zuzu2.jpg\" alt=\"\" width=\"617\" height=\"960\" srcset=\"https:\/\/exindex.hu\/wp-content\/uploads\/zuzu2.jpg 617w, https:\/\/exindex.hu\/wp-content\/uploads\/zuzu2-231x360.jpg 231w\" sizes=\"auto, (max-width: 617px) 100vw, 617px\" \/><\/a><\/p>","protected":false},"excerpt":{"rendered":"<p>2023. m\u00e1jus 4. &#8211; j\u00fanius 2. The Space (Budapest I. Hatty\u00fa utca 16. fszt. 4. &#8211; 53. cseng\u0151) Megnyit\u00f3: 2023. 05. 03. (szerda) 18.00 Olaj\/v\u00e1szon M\u00e9hes L\u00f3r\u00e1nt a hazai hiperrealista fest\u00e9szet kiemelked\u0151, egyedi hang\u00fa k\u00e9pvisel\u0151je. Az 1972-t\u0151l festett k\u00e9peinek kiindul\u00f3pontjai, realisztikus alapmot\u00edvumai Zuzu \u00e9let\u00e9nek kiragadott pillanataib\u00f3l \u00f6ssze\u00e1ll\u00f3 k\u00f6rnyezetek, amelyekben \u00e9let\u00e9nek meghat\u00e1roz\u00f3 szem\u00e9lyei szerepelnek. A kor\u00e1bban [&hellip;]<\/p>\n","protected":false},"author":2,"featured_media":2028486,"parent":0,"comment_status":"closed","ping_status":"closed","sticky":false,"template":"","format":"standard","meta":{"_acf_changed":false,"footnotes":""},"categories":[3],"tags":[],"class_list":["post-2028478","post","type-post","status-publish","format-standard","has-post-thumbnail","hentry","category-hirek"],"acf":[],"_links":{"self":[{"href":"https:\/\/exindex.hu\/hu\/wp-json\/wp\/v2\/posts\/2028478","targetHints":{"allow":["GET"]}}],"collection":[{"href":"https:\/\/exindex.hu\/hu\/wp-json\/wp\/v2\/posts"}],"about":[{"href":"https:\/\/exindex.hu\/hu\/wp-json\/wp\/v2\/types\/post"}],"author":[{"embeddable":true,"href":"https:\/\/exindex.hu\/hu\/wp-json\/wp\/v2\/users\/2"}],"replies":[{"embeddable":true,"href":"https:\/\/exindex.hu\/hu\/wp-json\/wp\/v2\/comments?post=2028478"}],"version-history":[{"count":8,"href":"https:\/\/exindex.hu\/hu\/wp-json\/wp\/v2\/posts\/2028478\/revisions"}],"predecessor-version":[{"id":2028921,"href":"https:\/\/exindex.hu\/hu\/wp-json\/wp\/v2\/posts\/2028478\/revisions\/2028921"}],"wp:featuredmedia":[{"embeddable":true,"href":"https:\/\/exindex.hu\/hu\/wp-json\/wp\/v2\/media\/2028486"}],"wp:attachment":[{"href":"https:\/\/exindex.hu\/hu\/wp-json\/wp\/v2\/media?parent=2028478"}],"wp:term":[{"taxonomy":"category","embeddable":true,"href":"https:\/\/exindex.hu\/hu\/wp-json\/wp\/v2\/categories?post=2028478"},{"taxonomy":"post_tag","embeddable":true,"href":"https:\/\/exindex.hu\/hu\/wp-json\/wp\/v2\/tags?post=2028478"}],"curies":[{"name":"wp","href":"https:\/\/api.w.org\/{rel}","templated":true}]}}