{"id":2034634,"date":"2024-09-24T11:15:10","date_gmt":"2024-09-24T10:15:10","guid":{"rendered":"https:\/\/exindex.hu\/?p=2034634"},"modified":"2024-11-04T10:09:28","modified_gmt":"2024-11-04T09:09:28","slug":"eheto-legjobb-2","status":"publish","type":"post","link":"https:\/\/exindex.hu\/hu\/hirek\/eheto-legjobb-2\/","title":{"rendered":"ehet\u0151 legjobb"},"content":{"rendered":"<p><a href=\"https:\/\/exindex.hu\/wp-content\/uploads\/eheto.jpg\"><img loading=\"lazy\" decoding=\"async\" class=\"aligncenter size-large wp-image-2034637\" src=\"https:\/\/exindex.hu\/wp-content\/uploads\/eheto-1200x628.jpg\" alt=\"\" width=\"900\" height=\"471\" srcset=\"https:\/\/exindex.hu\/wp-content\/uploads\/eheto-1200x628.jpg 1200w, https:\/\/exindex.hu\/wp-content\/uploads\/eheto-360x188.jpg 360w, https:\/\/exindex.hu\/wp-content\/uploads\/eheto-768x402.jpg 768w, https:\/\/exindex.hu\/wp-content\/uploads\/eheto-1536x804.jpg 1536w, https:\/\/exindex.hu\/wp-content\/uploads\/eheto.jpg 1920w\" sizes=\"auto, (max-width: 900px) 100vw, 900px\" \/><\/a><\/p>\r\n<p>2024. 09. 27. &#8211; 10. 31.<br \/>\r\nM\u0171v\u00e9szet \u00e9s Irodalom H\u00e1za (P\u00e9cs, J\u00f3kai t\u00e9r 2.)<\/p>\r\n<p>A ki\u00e1ll\u00edt\u00e1s megnyit\u00f3ja: 2024. szeptember 26. (cs\u00fct\u00f6rt\u00f6k) 18.00 \u00f3ra<br \/>\r\nMegnyitja: Szily L\u00e1szl\u00f3, \u00fajs\u00e1g\u00edr\u00f3.<br \/>\r\nA ki\u00e1ll\u00edt\u00e1smegnyit\u00f3 ingyenes.<\/p>\r\n<p>Horv\u00e1th Tibor 3 \u00e9vvel ezel\u0151tt a covid karant\u00e9n alatt kezdte el az obst und gem\u00fcse sorozat\u00e1t.<br \/>\r\nA k\u00e9zzel faragott z\u00f6lds\u00e9g-gy\u00fcm\u00f6lcs szobrok alapanyaguk miatt k\u00e9r\u00e9sz \u00e9let\u0171ek, ez\u00e9rt a m\u0171v\u00e9sz fot\u00f3n \u00f6r\u00f6k\u00edti meg az elk\u00e9sz\u00fclt alkot\u00e1sokat.<\/p>\r\n<p>A jelenleg 150 darabos sorozatb\u00f3l most egy gondosan k\u00e9sz\u00edtett v\u00e1logat\u00e1st l\u00e1that a p\u00e9csi k\u00f6z\u00f6ns\u00e9g.<\/p>\r\n<p>A ki\u00e1ll\u00edt\u00e1s kur\u00e1tora: G\u00e1ldi Vink\u00f3 Andrea fotogr\u00e1fus.<\/p>\r\n<p>Jegyek:<br \/>\r\nteljes \u00e1r\u00fa: 1000 Ft,<br \/>\r\nkedvezm\u00e9nyes: (di\u00e1k, nyugd\u00edjas, pedag\u00f3gus): 500 Ft<\/p>","protected":false},"excerpt":{"rendered":"<p>2024. 09. 27. &#8211; 10. 31. M\u0171v\u00e9szet \u00e9s Irodalom H\u00e1za (P\u00e9cs, J\u00f3kai t\u00e9r 2.) A ki\u00e1ll\u00edt\u00e1s megnyit\u00f3ja: 2024. szeptember 26. (cs\u00fct\u00f6rt\u00f6k) 18.00 \u00f3ra Megnyitja: Szily L\u00e1szl\u00f3, \u00fajs\u00e1g\u00edr\u00f3. A ki\u00e1ll\u00edt\u00e1smegnyit\u00f3 ingyenes. Horv\u00e1th Tibor 3 \u00e9vvel ezel\u0151tt a covid karant\u00e9n alatt kezdte el az obst und gem\u00fcse sorozat\u00e1t. A k\u00e9zzel faragott z\u00f6lds\u00e9g-gy\u00fcm\u00f6lcs szobrok alapanyaguk miatt k\u00e9r\u00e9sz \u00e9let\u0171ek, [&hellip;]<\/p>\n","protected":false},"author":2,"featured_media":2034637,"parent":0,"comment_status":"closed","ping_status":"closed","sticky":false,"template":"","format":"standard","meta":{"_acf_changed":false,"footnotes":""},"categories":[3],"tags":[],"class_list":["post-2034634","post","type-post","status-publish","format-standard","has-post-thumbnail","hentry","category-hirek"],"acf":[],"_links":{"self":[{"href":"https:\/\/exindex.hu\/hu\/wp-json\/wp\/v2\/posts\/2034634","targetHints":{"allow":["GET"]}}],"collection":[{"href":"https:\/\/exindex.hu\/hu\/wp-json\/wp\/v2\/posts"}],"about":[{"href":"https:\/\/exindex.hu\/hu\/wp-json\/wp\/v2\/types\/post"}],"author":[{"embeddable":true,"href":"https:\/\/exindex.hu\/hu\/wp-json\/wp\/v2\/users\/2"}],"replies":[{"embeddable":true,"href":"https:\/\/exindex.hu\/hu\/wp-json\/wp\/v2\/comments?post=2034634"}],"version-history":[{"count":3,"href":"https:\/\/exindex.hu\/hu\/wp-json\/wp\/v2\/posts\/2034634\/revisions"}],"predecessor-version":[{"id":2035639,"href":"https:\/\/exindex.hu\/hu\/wp-json\/wp\/v2\/posts\/2034634\/revisions\/2035639"}],"wp:featuredmedia":[{"embeddable":true,"href":"https:\/\/exindex.hu\/hu\/wp-json\/wp\/v2\/media\/2034637"}],"wp:attachment":[{"href":"https:\/\/exindex.hu\/hu\/wp-json\/wp\/v2\/media?parent=2034634"}],"wp:term":[{"taxonomy":"category","embeddable":true,"href":"https:\/\/exindex.hu\/hu\/wp-json\/wp\/v2\/categories?post=2034634"},{"taxonomy":"post_tag","embeddable":true,"href":"https:\/\/exindex.hu\/hu\/wp-json\/wp\/v2\/tags?post=2034634"}],"curies":[{"name":"wp","href":"https:\/\/api.w.org\/{rel}","templated":true}]}}