{"id":2036326,"date":"2024-11-24T19:45:35","date_gmt":"2024-11-24T18:45:35","guid":{"rendered":"https:\/\/exindex.hu\/?p=2036326"},"modified":"2024-12-26T01:09:37","modified_gmt":"2024-12-26T00:09:37","slug":"elkepzelt-univerzum","status":"publish","type":"post","link":"https:\/\/exindex.hu\/hu\/hirek\/elkepzelt-univerzum\/","title":{"rendered":"Elk\u00e9pzelt Univerzum"},"content":{"rendered":"<p><a href=\"https:\/\/exindex.hu\/wp-content\/uploads\/pcscs-scaled.jpg\"><img loading=\"lazy\" decoding=\"async\" class=\"aligncenter size-large wp-image-2036329\" src=\"https:\/\/exindex.hu\/wp-content\/uploads\/pcscs-1200x527.jpg\" alt=\"\" width=\"900\" height=\"395\" srcset=\"https:\/\/exindex.hu\/wp-content\/uploads\/pcscs-1200x527.jpg 1200w, https:\/\/exindex.hu\/wp-content\/uploads\/pcscs-360x158.jpg 360w, https:\/\/exindex.hu\/wp-content\/uploads\/pcscs-768x337.jpg 768w, https:\/\/exindex.hu\/wp-content\/uploads\/pcscs-1536x674.jpg 1536w, https:\/\/exindex.hu\/wp-content\/uploads\/pcscs-2048x899.jpg 2048w\" sizes=\"auto, (max-width: 900px) 100vw, 900px\" \/><\/a><\/p>\r\n<p>2024. 2024. november 28. &#8211; december 20.<br \/>\r\nLad\u00f3 Gal\u00e9ria (Budapest, Klauz\u00e1l t\u00e9r 11. V\u00e1s\u00e1rcsarnok 1. emelet)<\/p>\r\n<p>Megnyit\u00f3: 2024. november 27. (szerda) 18:00<br \/>\r\nA ki\u00e1ll\u00edt\u00e1st megnyitja: Tillmann J\u00f3zsef filoz\u00f3fus<\/p>\r\n<p>T\u00e1rlatvezet\u00e9s: 2024. december 12. (cs\u00fct\u00f6rt\u00f6k) 18.00<\/p>\r\n<p>A por a l\u00e1that\u00f3 mat\u00e9ria legkisebb egys\u00e9ge, minden porb\u00f3l \u00e1ll, \u00e9s visszabomlik porr\u00e1. A por a vil\u00e1g p\u00e9ld\u00e1zata, filoz\u00f3fiai szempontb\u00f3l a por a v\u00e9gso\u030b dolgok k\u00f6z\u00e9 tartozik, mert eg\u00e9szen anyagi \u00e9rtelemben az a marad\u00e9k, amely a l\u00e9tez\u00e9sr\u0151l tan\u00faskodik, annak bizony\u00edt\u00e9ka, de m\u00e9g ink\u00e1bb a c\u00e9lja, hogy a vil\u00e1gmindens\u00e9g r\u00e9sze legyen.<\/p>\r\n<p>Az Elk\u00e9pzelt Univerzum k\u00e9pei ebben az \u00e9vben elhunyt bar\u00e1tom, Eszter lak\u00e1s\u00e1nak h\u00e1zi por\u00e1b\u00f3l k\u00e9sz\u00fclt fotogr\u00e1fi\u00e1k. Az ellenf\u00e9nyben kavarg\u00f3 porban kirajzol\u00f3dik egy p\u00e1rhuzamos vil\u00e1gegyetem, pontosan olyan, mint egy kozmikus t\u00e1j k\u00e9pe, egy olyan univerzum\u00e9, amely nem az \u0150 eml\u00e9kezet\u00e9t \u0151rzi, hanem \u0150t mag\u00e1t.<\/p>\r\n<p>A kozmikus t\u00e1jk\u00e9peket a f\u00e9nyk\u00e9pekre rajzolt kital\u00e1lt csillagk\u00e9pek k\u00eds\u00e9rik, amik Eszter \u00e9let\u00e9re \u00e9s szem\u00e9lyis\u00e9g\u00e9re jellemz\u0151 mot\u00edvumokb\u00f3l \u00e1llnak, ez egy j\u00e1t\u00e9kos k\u00eds\u00e9rlet egy ut\u00f3lag elk\u00e9pzelt asztrol\u00f3giai k\u00e9plet fel\u00e1ll\u00edt\u00e1s\u00e1ra.<\/p>\r\n<p>A ki\u00e1ll\u00edt\u00e1s harmadik r\u00e9sze, arra a gondolatra \u00e9p\u00fcl, hogy m\u00edg a szemmel alig l\u00e1that\u00f3 porszem bizonyos n\u00e9z\u0151pontb\u00f3l n\u00e9zve egy teljes univerzum, a bolyg\u00f3k a vil\u00e1gegyetem szemsz\u00f6g\u00e9b\u0151l n\u00e9zve porszemnek t\u0171nnek. Minden csak n\u00e9z\u0151pont k\u00e9rd\u00e9se. A por mikroszkopikus k\u00e9pei bolyg\u00f3kk\u00e9nt funkcion\u00e1lnak a ki\u00e1ll\u00edt\u00e1s install\u00e1ci\u00f3j\u00e1ban, amelyben a m\u0171vek az \u00e1ltalam elk\u00e9pzelt univerzum t\u00e1jaira nyitott ablakok.<\/p>\r\n<p>A ki\u00e1ll\u00edt\u00e1s k\u00e9peinek elk\u00e9sz\u00edt\u00e9s\u00e9ben k\u00f6zrem\u0171k\u00f6d\u00f6tt: G\u00e1los Viktor, M\u00e1rkus B\u00e1lint, Szeklencei Csilla \u00e9s Tam\u00e1s.<\/p>","protected":false},"excerpt":{"rendered":"<p>2024. 2024. november 28. &#8211; december 20. Lad\u00f3 Gal\u00e9ria (Budapest, Klauz\u00e1l t\u00e9r 11. V\u00e1s\u00e1rcsarnok 1. emelet) Megnyit\u00f3: 2024. november 27. (szerda) 18:00 A ki\u00e1ll\u00edt\u00e1st megnyitja: Tillmann J\u00f3zsef filoz\u00f3fus T\u00e1rlatvezet\u00e9s: 2024. december 12. (cs\u00fct\u00f6rt\u00f6k) 18.00 A por a l\u00e1that\u00f3 mat\u00e9ria legkisebb egys\u00e9ge, minden porb\u00f3l \u00e1ll, \u00e9s visszabomlik porr\u00e1. A por a vil\u00e1g p\u00e9ld\u00e1zata, filoz\u00f3fiai szempontb\u00f3l a [&hellip;]<\/p>\n","protected":false},"author":2,"featured_media":2036329,"parent":0,"comment_status":"closed","ping_status":"closed","sticky":false,"template":"","format":"standard","meta":{"_acf_changed":false,"footnotes":""},"categories":[3],"tags":[],"class_list":["post-2036326","post","type-post","status-publish","format-standard","has-post-thumbnail","hentry","category-hirek"],"acf":[],"_links":{"self":[{"href":"https:\/\/exindex.hu\/hu\/wp-json\/wp\/v2\/posts\/2036326","targetHints":{"allow":["GET"]}}],"collection":[{"href":"https:\/\/exindex.hu\/hu\/wp-json\/wp\/v2\/posts"}],"about":[{"href":"https:\/\/exindex.hu\/hu\/wp-json\/wp\/v2\/types\/post"}],"author":[{"embeddable":true,"href":"https:\/\/exindex.hu\/hu\/wp-json\/wp\/v2\/users\/2"}],"replies":[{"embeddable":true,"href":"https:\/\/exindex.hu\/hu\/wp-json\/wp\/v2\/comments?post=2036326"}],"version-history":[{"count":3,"href":"https:\/\/exindex.hu\/hu\/wp-json\/wp\/v2\/posts\/2036326\/revisions"}],"predecessor-version":[{"id":2036863,"href":"https:\/\/exindex.hu\/hu\/wp-json\/wp\/v2\/posts\/2036326\/revisions\/2036863"}],"wp:featuredmedia":[{"embeddable":true,"href":"https:\/\/exindex.hu\/hu\/wp-json\/wp\/v2\/media\/2036329"}],"wp:attachment":[{"href":"https:\/\/exindex.hu\/hu\/wp-json\/wp\/v2\/media?parent=2036326"}],"wp:term":[{"taxonomy":"category","embeddable":true,"href":"https:\/\/exindex.hu\/hu\/wp-json\/wp\/v2\/categories?post=2036326"},{"taxonomy":"post_tag","embeddable":true,"href":"https:\/\/exindex.hu\/hu\/wp-json\/wp\/v2\/tags?post=2036326"}],"curies":[{"name":"wp","href":"https:\/\/api.w.org\/{rel}","templated":true}]}}