{"id":2037697,"date":"2025-02-03T16:18:37","date_gmt":"2025-02-03T15:18:37","guid":{"rendered":"https:\/\/exindex.hu\/?p=2037697"},"modified":"2025-02-10T15:52:48","modified_gmt":"2025-02-10T14:52:48","slug":"kiallitasok-es-kritikak-kepzomuveszeti-diskurzusok-az-1980-as-evekben","status":"publish","type":"post","link":"https:\/\/exindex.hu\/hu\/hirek\/kiallitasok-es-kritikak-kepzomuveszeti-diskurzusok-az-1980-as-evekben\/","title":{"rendered":"Ki\u00e1ll\u00edt\u00e1sok \u00e9s kritik\u00e1k. K\u00e9pz\u0151m\u0171v\u00e9szeti diskurzusok az 1980-as \u00e9vekben"},"content":{"rendered":"<p><a href=\"https:\/\/exindex.hu\/wp-content\/uploads\/kk1.png\"><img loading=\"lazy\" decoding=\"async\" class=\"aligncenter size-full wp-image-2037700\" src=\"https:\/\/exindex.hu\/wp-content\/uploads\/kk1.png\" alt=\"\" width=\"796\" height=\"803\" srcset=\"https:\/\/exindex.hu\/wp-content\/uploads\/kk1.png 796w, https:\/\/exindex.hu\/wp-content\/uploads\/kk1-357x360.png 357w, https:\/\/exindex.hu\/wp-content\/uploads\/kk1-768x775.png 768w\" sizes=\"auto, (max-width: 796px) 100vw, 796px\" \/><\/a><\/p>\r\n<div>2025. febru\u00e1r 5. (szerda) 17.00<\/div>\r\n<div>Budapest XIII. Szabolcs utca 33\u201335., C \u00e9p\u00fclet (OMRRK kampusz)<\/div>\r\n<div>\u00a0<\/div>\r\n<div>Kev\u00e9s id\u0151szakban voltak olyan intenz\u00edv, izgalmas \u00e9s nyitott vit\u00e1k a magyarorsz\u00e1gi k\u00e9pz\u0151m\u0171v\u00e9szeti mez\u0151ben, mint az 1980-as \u00e9vekben. A K\u00f6z\u00e9p-Eur\u00f3pai M\u0171v\u00e9szett\u00f6rt\u00e9neti Kutat\u00f3int\u00e9zet (KEMKI) els\u0151 kiadv\u00e1nya, a Huth J\u00faliusz \u00e9s Nagy Krist\u00f3f szerkeszt\u00e9s\u00e9ben megjelent Ki\u00e1ll\u00edt\u00e1sok \u00e9s kritik\u00e1k c\u00edm\u0171 hi\u00e1nyp\u00f3tl\u00f3 antol\u00f3gia ennek a korszaknak a m\u0171v\u00e9szeti diskurzusait vizsg\u00e1lja. A k\u00f6tetet bevezet\u0151 tanulm\u00e1ny mellett az antol\u00f3gia t\u00f6bb mint \u00f6tven, a korszakban keletkezett \u00edr\u00e1st tartalmaz az 1980-as \u00e9vek m\u0171kritikai term\u00e9s\u00e9b\u0151l.<\/div>\r\n<div>\u00a0<\/div>\r\n<div>A kiadv\u00e1ny arra tesz k\u00eds\u00e9rletet, hogy t\u00e1gabb t\u00f6rt\u00e9neti folyamatokba \u00e1gyazva, forr\u00e1ssz\u00f6vegeken kereszt\u00fcl mutassa be a korszak m\u0171v\u00e9szeti vit\u00e1it a posztmodernr\u0151l, az \u00faj fest\u00e9szetr\u0151l, a szocializmusr\u00f3l \u00e9s a m\u0171t\u00e1rgypiac m\u0171k\u00f6d\u00e9s\u00e9r\u0151l a korabeli Magyarorsz\u00e1gon.<\/div>\r\n<div>\u00a0<\/div>\r\n<div>A k\u00f6tetbemutat\u00f3 r\u00e9sztvev\u0151i:<\/div>\r\n<div>Hornyik S\u00e1ndor (HUN-REN BTK M\u0171v\u00e9szett\u00f6rt\u00e9neti Int\u00e9zet)<\/div>\r\n<div>Huth J\u00faliusz (KEMKI)<\/div>\r\n<div>K\u00fcrti Emese (KEMKI)<\/div>\r\n<div>M\u00e9lyi J\u00f3zsef (Magyar K\u00e9pz\u0151m\u0171v\u00e9szeti Egyetem)<\/div>\r\n<div>Nagy Krist\u00f3f (KEMKI)<\/div>\r\n<div>Sasv\u00e1ri Edit (Kass\u00e1k M\u00fazeum)<\/div>\r\n<div>K\u00f6sz\u00f6nt\u0151t mond: Feh\u00e9r D\u00e1vid, a KEMKI igazgat\u00f3ja<\/div>\r\n<div>\u00a0<\/div>\r\n<div>A k\u00f6tetet Kozma D\u00e1niel tervezte.<\/div>\r\n<div><a href=\"https:\/\/exindex.hu\/wp-content\/uploads\/kk2-1.jpg\"><img loading=\"lazy\" decoding=\"async\" class=\"aligncenter size-large wp-image-2037703\" src=\"https:\/\/exindex.hu\/wp-content\/uploads\/kk2-1-1200x880.jpg\" alt=\"\" width=\"900\" height=\"660\" srcset=\"https:\/\/exindex.hu\/wp-content\/uploads\/kk2-1-1200x880.jpg 1200w, https:\/\/exindex.hu\/wp-content\/uploads\/kk2-1-360x264.jpg 360w, https:\/\/exindex.hu\/wp-content\/uploads\/kk2-1-768x563.jpg 768w, https:\/\/exindex.hu\/wp-content\/uploads\/kk2-1-1536x1127.jpg 1536w, https:\/\/exindex.hu\/wp-content\/uploads\/kk2-1.jpg 1772w\" sizes=\"auto, (max-width: 900px) 100vw, 900px\" \/><\/a><a href=\"https:\/\/exindex.hu\/wp-content\/uploads\/kk3-1.jpg\"><img loading=\"lazy\" decoding=\"async\" class=\"aligncenter size-large wp-image-2037706\" src=\"https:\/\/exindex.hu\/wp-content\/uploads\/kk3-1-1200x880.jpg\" alt=\"\" width=\"900\" height=\"660\" srcset=\"https:\/\/exindex.hu\/wp-content\/uploads\/kk3-1-1200x880.jpg 1200w, https:\/\/exindex.hu\/wp-content\/uploads\/kk3-1-360x264.jpg 360w, https:\/\/exindex.hu\/wp-content\/uploads\/kk3-1-768x563.jpg 768w, https:\/\/exindex.hu\/wp-content\/uploads\/kk3-1-1536x1127.jpg 1536w, https:\/\/exindex.hu\/wp-content\/uploads\/kk3-1.jpg 1772w\" sizes=\"auto, (max-width: 900px) 100vw, 900px\" \/><\/a><\/div>","protected":false},"excerpt":{"rendered":"<p>2025. febru\u00e1r 5. (szerda) 17.00 Budapest XIII. Szabolcs utca 33\u201335., C \u00e9p\u00fclet (OMRRK kampusz) \u00a0 Kev\u00e9s id\u0151szakban voltak olyan intenz\u00edv, izgalmas \u00e9s nyitott vit\u00e1k a magyarorsz\u00e1gi k\u00e9pz\u0151m\u0171v\u00e9szeti mez\u0151ben, mint az 1980-as \u00e9vekben. A K\u00f6z\u00e9p-Eur\u00f3pai M\u0171v\u00e9szett\u00f6rt\u00e9neti Kutat\u00f3int\u00e9zet (KEMKI) els\u0151 kiadv\u00e1nya, a Huth J\u00faliusz \u00e9s Nagy Krist\u00f3f szerkeszt\u00e9s\u00e9ben megjelent Ki\u00e1ll\u00edt\u00e1sok \u00e9s kritik\u00e1k c\u00edm\u0171 hi\u00e1nyp\u00f3tl\u00f3 antol\u00f3gia ennek a [&hellip;]<\/p>\n","protected":false},"author":2,"featured_media":2037700,"parent":0,"comment_status":"closed","ping_status":"closed","sticky":false,"template":"","format":"standard","meta":{"_acf_changed":false,"footnotes":""},"categories":[3],"tags":[],"class_list":["post-2037697","post","type-post","status-publish","format-standard","has-post-thumbnail","hentry","category-hirek"],"acf":[],"_links":{"self":[{"href":"https:\/\/exindex.hu\/hu\/wp-json\/wp\/v2\/posts\/2037697","targetHints":{"allow":["GET"]}}],"collection":[{"href":"https:\/\/exindex.hu\/hu\/wp-json\/wp\/v2\/posts"}],"about":[{"href":"https:\/\/exindex.hu\/hu\/wp-json\/wp\/v2\/types\/post"}],"author":[{"embeddable":true,"href":"https:\/\/exindex.hu\/hu\/wp-json\/wp\/v2\/users\/2"}],"replies":[{"embeddable":true,"href":"https:\/\/exindex.hu\/hu\/wp-json\/wp\/v2\/comments?post=2037697"}],"version-history":[{"count":2,"href":"https:\/\/exindex.hu\/hu\/wp-json\/wp\/v2\/posts\/2037697\/revisions"}],"predecessor-version":[{"id":2037850,"href":"https:\/\/exindex.hu\/hu\/wp-json\/wp\/v2\/posts\/2037697\/revisions\/2037850"}],"wp:featuredmedia":[{"embeddable":true,"href":"https:\/\/exindex.hu\/hu\/wp-json\/wp\/v2\/media\/2037700"}],"wp:attachment":[{"href":"https:\/\/exindex.hu\/hu\/wp-json\/wp\/v2\/media?parent=2037697"}],"wp:term":[{"taxonomy":"category","embeddable":true,"href":"https:\/\/exindex.hu\/hu\/wp-json\/wp\/v2\/categories?post=2037697"},{"taxonomy":"post_tag","embeddable":true,"href":"https:\/\/exindex.hu\/hu\/wp-json\/wp\/v2\/tags?post=2037697"}],"curies":[{"name":"wp","href":"https:\/\/api.w.org\/{rel}","templated":true}]}}