{"id":2038402,"date":"2025-03-06T22:50:38","date_gmt":"2025-03-06T21:50:38","guid":{"rendered":"https:\/\/exindex.hu\/?p=2038402"},"modified":"2025-05-19T13:03:26","modified_gmt":"2025-05-19T12:03:26","slug":"recept","status":"publish","type":"post","link":"https:\/\/exindex.hu\/hu\/hirek\/recept\/","title":{"rendered":"Recept"},"content":{"rendered":"<p><a href=\"https:\/\/exindex.hu\/wp-content\/uploads\/recept.jpg\"><img loading=\"lazy\" decoding=\"async\" class=\"aligncenter size-large wp-image-2038405\" src=\"https:\/\/exindex.hu\/wp-content\/uploads\/recept-1200x628.jpg\" alt=\"\" width=\"900\" height=\"471\" srcset=\"https:\/\/exindex.hu\/wp-content\/uploads\/recept-1200x628.jpg 1200w, https:\/\/exindex.hu\/wp-content\/uploads\/recept-360x188.jpg 360w, https:\/\/exindex.hu\/wp-content\/uploads\/recept-768x402.jpg 768w, https:\/\/exindex.hu\/wp-content\/uploads\/recept-1536x804.jpg 1536w, https:\/\/exindex.hu\/wp-content\/uploads\/recept.jpg 1920w\" sizes=\"auto, (max-width: 900px) 100vw, 900px\" \/><\/a><\/p>\r\n<p>2025.03.08. \u2013 2025.05.01.<br \/>\r\naqb Project Space (Budapest XXII, Nagyt\u00e9t\u00e9nyi \u00fat 48.)<\/p>\r\n<p>Megnyit\u00f3: 2025. m\u00e1rcius 07 (p\u00e9ntek) 18.00<br \/>\r\nMegnyit\u00f3 install\u00e1ci\u00f3: TILLINGER Adrienn \u2013 B\u00c9RDI Tam\u00e1s (Fa\u00e9k m\u0171hely)<br \/>\r\nKur\u00e1tor: Zagyvai S\u00e1ri<br \/>\r\n<br \/>\r\nKi\u00e1ll\u00edt\u00f3 m\u0171v\u00e9szek: DOKTOR Melinda, FELSMANN Istv\u00e1n, Marlene FRANZ BAUTZ, Diana GALLI, HORV\u00c1TH \u00c1gnes, Barbara KARRER, Aki KIEFER, M\u00c1TY\u00c1SI P\u00e9ter, NAGY Kinga Kata, Miriam SALAMANDER, SZAB\u00d3 Be\u00e1ta, SZEDERK\u00c9NYI Luk\u00e1cs (AU Workshop)<\/p>\r\n<p>A <i>Recept<\/i> c\u00edm\u0171 ki\u00e1ll\u00edt\u00e1s a kort\u00e1rs m\u0171v\u00e9szet \u00e9s az \u00e9telek k\u00f6z\u00f6tti sokr\u00e9t\u0171 kapcsolatot t\u00e1rja fel. N\u00e9met \u00e9s magyar alkot\u00f3k k\u00fcl\u00f6nb\u00f6z\u0151 n\u00e9z\u0151pontokb\u00f3l vizsg\u00e1lj\u00e1k, hogyan v\u00e1lhat az \u00e9tel identit\u00e1sform\u00e1l\u00f3 m\u00e9diumm\u00e1, vagy a kult\u00far\u00e1k k\u00f6z\u00f6tti p\u00e1rbesz\u00e9d eszk\u00f6z\u00e9v\u00e9.<\/p>\r\n<p>Az \u00e9telek alapanyagainak fizikai \u00e9s kultur\u00e1lis jelent\u00e9sei p\u00e1rhuzamba ker\u00fclnek a m\u0171alkot\u00e1sok anyagaival, mik\u00f6zben a m\u0171vek aktu\u00e1lis \u00e9lelmiszeripari, fenntarthat\u00f3s\u00e1gi \u00e9s t\u00e1rsadalmi k\u00e9rd\u00e9seket feszegetnek.<\/p>\r\n<p>A ki\u00e1ll\u00edt\u00e1s k\u00f6zponti elemei az install\u00e1ci\u00f3k \u00e9s objektek, amelyek a mindennapi t\u00e1rgyakat \u00faj kontextusba helyezik. Az elhagyott, funkci\u00f3jukat vesztett anyagok \u00e1talakulnak, \u00faj eszt\u00e9tikai \u00e9s szimbolikus jelent\u00e9ssel tel\u00edt\u0151dve. A festm\u00e9nyek \u00e9s akvarellek finom ir\u00f3ni\u00e1val reflekt\u00e1lnak az ipari rovarteny\u00e9szt\u00e9s j\u00f6v\u0151beli lehet\u0151s\u00e9geire, a kl\u00edmav\u00e1ltoz\u00e1s \u00e9s fenntarthat\u00f3s\u00e1g kih\u00edv\u00e1saira.<\/p>\r\n<p>A hagyma, mint visszat\u00e9r\u0151 mot\u00edvum, egyszerre hordozza az egyszer\u0171s\u00e9g, a t\u00f6r\u00e9kenys\u00e9g \u00e9s a provokat\u00edv \u00e9rz\u00e9kis\u00e9g jelent\u00e9sr\u00e9tegeit. Illata, text\u00far\u00e1ja \u00e9s t\u00f6r\u00e9kenys\u00e9ge k\u00f6zvetlen \u00e9rz\u00e9ki tapasztalatot k\u00edn\u00e1l, m\u00edg t\u00e1rsadalmi tabukhoz k\u00f6t\u0151d\u0151 gesztusai \u2013 k\u00f6nnyez\u00e9s, gy\u00far\u00e1s, szag \u2013 performat\u00edv elemekk\u00e9nt jelennek meg a megnyit\u00f3n bemutatott ehet\u0151 install\u00e1ci\u00f3kban.<\/p>\r\n<p>A l\u00e1togat\u00f3k eml\u00e9kk\u00e9nt Heged\u0171s Zo\u00e9 K\u00e4sesp\u00e4tzle receptj\u00e9t vihetik haza, amely a k\u00f6z\u00f6ss\u00e9gi \u00e9tkez\u00e9s \u00e9s az alkot\u00e1s \u00f6sszefon\u00f3d\u00e1s\u00e1nak szimb\u00f3luma.<\/p>\r\n<p>A Sp\u00e4tzle Workshop sor\u00e1n a r\u00e9sztvev\u0151k alternat\u00edv konyhai eszk\u00f6z\u00f6ket fejleszthetnek k\u00fcl\u00f6nb\u00f6z\u0151 anyagokb\u00f3l, \u00e9s \u00faj, kreat\u00edv \u00e9tkez\u00e9si \u00e9lm\u00e9nyeket fedezhetnek fel, melyeket k\u00f6z\u00f6s vacsorakeretben \u00e9lhetnek \u00e1t.<br \/>\r\nBel\u00e9p\u00e9s: Ingyenes<\/p>\r\n<p>K\u00eds\u00e9r\u0151 program: Sp\u00e4tzle Workshop a ki\u00e1ll\u00edt\u00f3 n\u00e9met m\u0171v\u00e9szekkel \u00e9s HEGED\u0170S Zo\u00e9val, a Midsommar foodstylistj\u00e1val \u2013 2025.03.08. 15:00<\/p>","protected":false},"excerpt":{"rendered":"<p>2025.03.08. \u2013 2025.05.01. aqb Project Space (Budapest XXII, Nagyt\u00e9t\u00e9nyi \u00fat 48.) Megnyit\u00f3: 2025. m\u00e1rcius 07 (p\u00e9ntek) 18.00 Megnyit\u00f3 install\u00e1ci\u00f3: TILLINGER Adrienn \u2013 B\u00c9RDI Tam\u00e1s (Fa\u00e9k m\u0171hely) Kur\u00e1tor: Zagyvai S\u00e1ri Ki\u00e1ll\u00edt\u00f3 m\u0171v\u00e9szek: DOKTOR Melinda, FELSMANN Istv\u00e1n, Marlene FRANZ BAUTZ, Diana GALLI, HORV\u00c1TH \u00c1gnes, Barbara KARRER, Aki KIEFER, M\u00c1TY\u00c1SI P\u00e9ter, NAGY Kinga Kata, Miriam SALAMANDER, SZAB\u00d3 Be\u00e1ta, [&hellip;]<\/p>\n","protected":false},"author":2,"featured_media":2038405,"parent":0,"comment_status":"closed","ping_status":"closed","sticky":false,"template":"","format":"standard","meta":{"_acf_changed":false,"footnotes":""},"categories":[3],"tags":[],"class_list":["post-2038402","post","type-post","status-publish","format-standard","has-post-thumbnail","hentry","category-hirek"],"acf":[],"_links":{"self":[{"href":"https:\/\/exindex.hu\/hu\/wp-json\/wp\/v2\/posts\/2038402","targetHints":{"allow":["GET"]}}],"collection":[{"href":"https:\/\/exindex.hu\/hu\/wp-json\/wp\/v2\/posts"}],"about":[{"href":"https:\/\/exindex.hu\/hu\/wp-json\/wp\/v2\/types\/post"}],"author":[{"embeddable":true,"href":"https:\/\/exindex.hu\/hu\/wp-json\/wp\/v2\/users\/2"}],"replies":[{"embeddable":true,"href":"https:\/\/exindex.hu\/hu\/wp-json\/wp\/v2\/comments?post=2038402"}],"version-history":[{"count":2,"href":"https:\/\/exindex.hu\/hu\/wp-json\/wp\/v2\/posts\/2038402\/revisions"}],"predecessor-version":[{"id":2040019,"href":"https:\/\/exindex.hu\/hu\/wp-json\/wp\/v2\/posts\/2038402\/revisions\/2040019"}],"wp:featuredmedia":[{"embeddable":true,"href":"https:\/\/exindex.hu\/hu\/wp-json\/wp\/v2\/media\/2038405"}],"wp:attachment":[{"href":"https:\/\/exindex.hu\/hu\/wp-json\/wp\/v2\/media?parent=2038402"}],"wp:term":[{"taxonomy":"category","embeddable":true,"href":"https:\/\/exindex.hu\/hu\/wp-json\/wp\/v2\/categories?post=2038402"},{"taxonomy":"post_tag","embeddable":true,"href":"https:\/\/exindex.hu\/hu\/wp-json\/wp\/v2\/tags?post=2038402"}],"curies":[{"name":"wp","href":"https:\/\/api.w.org\/{rel}","templated":true}]}}