{"id":2040217,"date":"2025-05-26T09:17:50","date_gmt":"2025-05-26T08:17:50","guid":{"rendered":"https:\/\/exindex.hu\/?p=2040217"},"modified":"2025-06-16T20:27:31","modified_gmt":"2025-06-16T19:27:31","slug":"foldfigyeles","status":"publish","type":"post","link":"https:\/\/exindex.hu\/hu\/hirek\/foldfigyeles\/","title":{"rendered":"F\u00f6ldfigyel\u00e9s"},"content":{"rendered":"<p><a href=\"https:\/\/exindex.hu\/wp-content\/uploads\/fold.jpg\"><img loading=\"lazy\" decoding=\"async\" class=\"aligncenter size-full wp-image-2040220\" src=\"https:\/\/exindex.hu\/wp-content\/uploads\/fold.jpg\" alt=\"\" width=\"1200\" height=\"628\" srcset=\"https:\/\/exindex.hu\/wp-content\/uploads\/fold.jpg 1200w, https:\/\/exindex.hu\/wp-content\/uploads\/fold-360x188.jpg 360w, https:\/\/exindex.hu\/wp-content\/uploads\/fold-768x402.jpg 768w\" sizes=\"auto, (max-width: 1200px) 100vw, 1200px\" \/><\/a>2025. m\u00e1jus 28. &#8211; j\u00fanius 16.<br \/>\r\nE\u00f6tv\u00f6s10 Pincegal\u00e9ria (1067 Budapest, E\u00f6tv\u00f6s utca. 10.)<\/p>\r\n<p>Megnyit\u00f3: 2025. m\u00e1jus 27. 18:00<br \/>\r\nA ki\u00e1ll\u00edt\u00e1st megnyitja: \u00d6tv\u00f6s Zolt\u00e1n, fest\u0151m\u0171v\u00e9sz<\/p>\r\n<p>T\u00e1rlatvezet\u00e9s: 2025. j\u00fanius 16. (h\u00e9tf\u0151) 18.00<\/p>\r\n<p>Kur\u00e1tor: Schopp Ildik\u00f3<\/p>\r\n<p>A <em>F\u00f6ldfigyel\u00e9s<\/em> egyszerre hordozza a megfigyel\u00e9s passzivit\u00e1s\u00e1t \u00e9s az akt\u00edv t\u00f6r\u0151d\u00e9st, a m\u0171v\u00e9szi reflexi\u00f3t \u00e9s a val\u00f3s\u00e1g\u00e9rz\u00e9kel\u00e9s s\u00fcrget\u0151 k\u00e9rd\u00e9seit. A m\u0171v\u00e9szi munka egyfajta dokument\u00e1ci\u00f3 \u2013 a jelen pillanat r\u00f6gz\u00edt\u00e9se \u2013, de k\u00f6zben figyelmeztet\u00e9s \u00e9s felel\u0151ss\u00e9gv\u00e1llal\u00e1s is.<\/p>\r\n<p>A m\u0171v\u00e9szek \u00e9rz\u00e9kenyebben, intuit\u00edvabban reag\u00e1lnak a vil\u00e1gra, ebb\u0151l k\u00f6vetkezhet az, hogy lehet\u0151s\u00e9g\u00fck van felh\u00edvni a figyelmet azokra a v\u00e1ltoz\u00e1sokra \u00e9s jelens\u00e9gekre, amelyeket sokan m\u00e1r \u00e9szre sem vesznek, vagy tudatosan figyelmen k\u00edv\u00fcl hagynak. A vil\u00e1g t\u00f6rt\u00e9n\u00e9sei azonban egyre ink\u00e1bb elt\u00e1volodnak a v\u00e1gyott b\u00e9k\u00e9t\u0151l, ami m\u00e9g s\u00fcrget\u0151bb\u00e9 teszi a figyelem fel\u00e9breszt\u00e9s\u00e9t.<\/p>\r\n<p>Fekete G\u00e9za P\u00e9ter, Fuchs Tam\u00e1s \u00e9s Baranyai Levente f\u00f6ldmegfigyel\u00e9sei pontosan ilyenek: az alkot\u00f3k a figyelem felkelt\u00e9s\u00e9re alkalmas munk\u00e1ikat t\u00e1rj\u00e1k a l\u00e1togat\u00f3k el\u00e9.<\/p>\r\n<p>A ki\u00e1ll\u00edt\u00e1s j\u00fanius 16-ig l\u00e1togathat\u00f3 minden nap 10:00-18:00 k\u00f6z\u00f6tt.<\/p>\r\n<p><a href=\"https:\/\/exindex.hu\/wp-content\/uploads\/fold2.jpg\"><img loading=\"lazy\" decoding=\"async\" class=\"aligncenter wp-image-2040223 size-large\" src=\"https:\/\/exindex.hu\/wp-content\/uploads\/fold2-e1748333849766-1200x655.jpg\" alt=\"\" width=\"900\" height=\"491\" srcset=\"https:\/\/exindex.hu\/wp-content\/uploads\/fold2-e1748333849766-1200x655.jpg 1200w, https:\/\/exindex.hu\/wp-content\/uploads\/fold2-e1748333849766-360x196.jpg 360w, https:\/\/exindex.hu\/wp-content\/uploads\/fold2-e1748333849766-768x419.jpg 768w, https:\/\/exindex.hu\/wp-content\/uploads\/fold2-e1748333849766-1536x838.jpg 1536w, https:\/\/exindex.hu\/wp-content\/uploads\/fold2-e1748333849766.jpg 1734w\" sizes=\"auto, (max-width: 900px) 100vw, 900px\" \/><\/a><\/p>\r\n<p>&nbsp;<\/p>","protected":false},"excerpt":{"rendered":"<p>2025. m\u00e1jus 28. &#8211; j\u00fanius 16. E\u00f6tv\u00f6s10 Pincegal\u00e9ria (1067 Budapest, E\u00f6tv\u00f6s utca. 10.) Megnyit\u00f3: 2025. m\u00e1jus 27. 18:00 A ki\u00e1ll\u00edt\u00e1st megnyitja: \u00d6tv\u00f6s Zolt\u00e1n, fest\u0151m\u0171v\u00e9sz T\u00e1rlatvezet\u00e9s: 2025. j\u00fanius 16. (h\u00e9tf\u0151) 18.00 Kur\u00e1tor: Schopp Ildik\u00f3 A F\u00f6ldfigyel\u00e9s egyszerre hordozza a megfigyel\u00e9s passzivit\u00e1s\u00e1t \u00e9s az akt\u00edv t\u00f6r\u0151d\u00e9st, a m\u0171v\u00e9szi reflexi\u00f3t \u00e9s a val\u00f3s\u00e1g\u00e9rz\u00e9kel\u00e9s s\u00fcrget\u0151 k\u00e9rd\u00e9seit. A m\u0171v\u00e9szi munka [&hellip;]<\/p>\n","protected":false},"author":2,"featured_media":2040223,"parent":0,"comment_status":"closed","ping_status":"closed","sticky":false,"template":"","format":"standard","meta":{"_acf_changed":false,"footnotes":""},"categories":[3],"tags":[],"class_list":["post-2040217","post","type-post","status-publish","format-standard","has-post-thumbnail","hentry","category-hirek"],"acf":[],"_links":{"self":[{"href":"https:\/\/exindex.hu\/hu\/wp-json\/wp\/v2\/posts\/2040217","targetHints":{"allow":["GET"]}}],"collection":[{"href":"https:\/\/exindex.hu\/hu\/wp-json\/wp\/v2\/posts"}],"about":[{"href":"https:\/\/exindex.hu\/hu\/wp-json\/wp\/v2\/types\/post"}],"author":[{"embeddable":true,"href":"https:\/\/exindex.hu\/hu\/wp-json\/wp\/v2\/users\/2"}],"replies":[{"embeddable":true,"href":"https:\/\/exindex.hu\/hu\/wp-json\/wp\/v2\/comments?post=2040217"}],"version-history":[{"count":3,"href":"https:\/\/exindex.hu\/hu\/wp-json\/wp\/v2\/posts\/2040217\/revisions"}],"predecessor-version":[{"id":2040640,"href":"https:\/\/exindex.hu\/hu\/wp-json\/wp\/v2\/posts\/2040217\/revisions\/2040640"}],"wp:featuredmedia":[{"embeddable":true,"href":"https:\/\/exindex.hu\/hu\/wp-json\/wp\/v2\/media\/2040223"}],"wp:attachment":[{"href":"https:\/\/exindex.hu\/hu\/wp-json\/wp\/v2\/media?parent=2040217"}],"wp:term":[{"taxonomy":"category","embeddable":true,"href":"https:\/\/exindex.hu\/hu\/wp-json\/wp\/v2\/categories?post=2040217"},{"taxonomy":"post_tag","embeddable":true,"href":"https:\/\/exindex.hu\/hu\/wp-json\/wp\/v2\/tags?post=2040217"}],"curies":[{"name":"wp","href":"https:\/\/api.w.org\/{rel}","templated":true}]}}