{"id":2040418,"date":"2025-06-06T15:07:57","date_gmt":"2025-06-06T14:07:57","guid":{"rendered":"https:\/\/exindex.hu\/?p=2040418"},"modified":"2026-01-20T17:26:07","modified_gmt":"2026-01-20T16:26:07","slug":"esterhazy-art-award-2025","status":"publish","type":"post","link":"https:\/\/exindex.hu\/hu\/hirek\/esterhazy-art-award-2025\/","title":{"rendered":"Esterh\u00e1zy Art Award 2025"},"content":{"rendered":"<p><a href=\"https:\/\/exindex.hu\/wp-content\/uploads\/eaa25-1.jpg\"><img loading=\"lazy\" decoding=\"async\" class=\"aligncenter size-large wp-image-2040424\" src=\"https:\/\/exindex.hu\/wp-content\/uploads\/eaa25-1-1200x800.jpg\" alt=\"\" width=\"900\" height=\"600\" srcset=\"https:\/\/exindex.hu\/wp-content\/uploads\/eaa25-1-1200x800.jpg 1200w, https:\/\/exindex.hu\/wp-content\/uploads\/eaa25-1-360x240.jpg 360w, https:\/\/exindex.hu\/wp-content\/uploads\/eaa25-1-768x512.jpg 768w, https:\/\/exindex.hu\/wp-content\/uploads\/eaa25-1-1536x1024.jpg 1536w, https:\/\/exindex.hu\/wp-content\/uploads\/eaa25-1-900x600.jpg 900w, https:\/\/exindex.hu\/wp-content\/uploads\/eaa25-1-74x50.jpg 74w, https:\/\/exindex.hu\/wp-content\/uploads\/eaa25-1.jpg 1600w\" sizes=\"auto, (max-width: 900px) 100vw, 900px\" \/><\/a><\/p>\r\n<p>Kiosztott\u00e1k az Esterh\u00e1zy Art Award 2025 d\u00edjait<\/p>\r\n<p>KO\u00d3S G\u00e1bor, PAP G\u00e1bor \u00e9s V\u00c9KONY Dorottya az idei Esterh\u00e1zy Art Award d\u00edjazottjai. A k\u00f6z\u00f6ns\u00e9gnek \u00fajra lesz lehet\u0151s\u00e9ge kiv\u00e1lasztania kedvenc alkot\u00e1sait, a k\u00f6z\u00f6ns\u00e9gd\u00edj eredm\u00e9nyhirdet\u00e9se szeptember 11-\u00e9n lesz.<\/p>\r\n<p>A kilencedik alkalommal meghirdetett p\u00e1ly\u00e1zatra 273 m\u0171v\u00e9sz jelentkezett. A f\u00fcggetlen nemzetk\u00f6zi szakmai zs\u0171ri 21 p\u00e1lyam\u0171vet jel\u00f6lt a d\u00edjra. A d\u00edjra jel\u00f6lt m\u0171v\u00e9szek v\u00e1logatott m\u0171veib\u0151l rendezett <em>What We Believe In \u2013 Amiben hisz\u00fcnk<\/em> c\u00edm\u0171 ki\u00e1ll\u00edt\u00e1st 2025. j\u00fanius 6-t\u00f3l 2025. szeptember 14-ig l\u00e1thatj\u00e1k az \u00e9rdekl\u0151d\u0151k a Ludwig M\u00fazeum \u2013 Kort\u00e1rs M\u0171v\u00e9szeti M\u00fazeumban.<\/p>\r\n<p><a href=\"https:\/\/exindex.hu\/wp-content\/uploads\/eaa25-2.jpg\"><img loading=\"lazy\" decoding=\"async\" class=\"aligncenter size-large wp-image-2040430\" src=\"https:\/\/exindex.hu\/wp-content\/uploads\/eaa25-2-1200x800.jpg\" alt=\"\" width=\"900\" height=\"600\" srcset=\"https:\/\/exindex.hu\/wp-content\/uploads\/eaa25-2-1200x800.jpg 1200w, https:\/\/exindex.hu\/wp-content\/uploads\/eaa25-2-360x240.jpg 360w, https:\/\/exindex.hu\/wp-content\/uploads\/eaa25-2-768x512.jpg 768w, https:\/\/exindex.hu\/wp-content\/uploads\/eaa25-2-1536x1024.jpg 1536w, https:\/\/exindex.hu\/wp-content\/uploads\/eaa25-2-900x600.jpg 900w, https:\/\/exindex.hu\/wp-content\/uploads\/eaa25-2-74x50.jpg 74w, https:\/\/exindex.hu\/wp-content\/uploads\/eaa25-2.jpg 1600w\" sizes=\"auto, (max-width: 900px) 100vw, 900px\" \/><\/a><\/p>\r\n<p><em>What We Believe In \u2013 Amiben hisz\u00fcnk<\/em><\/p>\r\n<p>Az Esterhazy Privatstiftung 2009-ben alap\u00edtotta az Esterh\u00e1zy Art Award-d\u00edjat. A d\u00edj oda\u00edt\u00e9l\u00e9s\u00e9vel folytat\u00f3dik az Esterh\u00e1zy hercegi csal\u00e1d n\u00e9gy \u00e9vsz\u00e1zadon kereszt\u00fcl gyakorolt, nagy hagyom\u00e1nyokkal rendelkez\u0151 mec\u00e9n\u00e1si tev\u00e9kenys\u00e9ge.<\/p>\r\n<p>Az elismer\u00e9shez kapcsol\u00f3d\u00f3, k\u00e9t\u00e9vente a Ludwig M\u00fazeum \u2013 Kort\u00e1rs M\u0171v\u00e9szeti M\u00fazeumban rendezett ki\u00e1ll\u00edt\u00e1s a fiatal magyar m\u0171v\u00e9szeti szc\u00e9na legm\u00e9rt\u00e9kad\u00f3bb \u00e1ttekint\u00e9s\u00e9nek min\u0151s\u00fcl.<\/p>\r\n<p>A d\u00edj oda\u00edt\u00e9l\u00e9s\u00e9vel az alap\u00edtv\u00e1ny c\u00e9lja a kiemelked\u0151 tehets\u00e9gek \u00e9s nemzetk\u00f6zi megjelen\u00e9s\u00fck t\u00e1mogat\u00e1sa. A d\u00edj oda\u00edt\u00e9l\u00e9se ut\u00e1n sz\u00e1mos m\u0171v\u00e9sznek siker\u00fclt a nemzetk\u00f6zi \u00e1tt\u00f6r\u00e9s.<\/p>\r\n<p>A h\u00e1rom d\u00edjazott m\u0171 jutalma fejenk\u00e9nt 5000 eur\u00f3 \u00e9s a k\u00f6z\u00f6ns\u00e9g is \u00fajra szavazhat kedvenc alkot\u00e1s\u00e1ra. A k\u00f6z\u00f6ns\u00e9gd\u00edjas m\u0171v\u00e9sz jutalma, hogy r\u00e9szt vehet a d\u00edjazottak 2026 \u00e1prilis\u00e1ban, a kismartoni Esterh\u00e1zy-kast\u00e9ly t\u00f6rt\u00e9nelmi tereiben ny\u00edl\u00f3 ki\u00e1ll\u00edt\u00e1s\u00e1n. K\u00fcl\u00f6n kih\u00edv\u00e1st jelent majd sz\u00e1mukra, hogy hogy helyezik p\u00e1rbesz\u00e9dbe alkot\u00e1saikat az Esterh\u00e1zy-kast\u00e9ly 18. \u00e9s 19. sz\u00e1zadi t\u00f6rt\u00e9nelmi d\u00edsztermeivel.<\/p>\r\n<p>Ebben az \u00e9vben 273 p\u00e1ly\u00e1z\u00f3t\u00f3l v\u00e1lasztotta ki a d\u00edjra jel\u00f6lt 21 p\u00e1lyam\u0171vet a nemzetk\u00f6zi zs\u0171ri. Bizonytalan id\u0151ket \u00e9l\u00fcnk: az ir\u00e1nyveszt\u00e9s, az \u00e1lh\u00edrek \u00e9s a neoimperialista politikusok vil\u00e1gszerte k\u00e9z a k\u00e9zben j\u00e1rnak. A m\u0171v\u00e9szek mindig is a jelen szeizmogr\u00e1fjai \u00e9s a j\u00f6v\u0151 felder\u00edt\u0151i voltak, a m\u0171veik ki\u00e1ll\u00edt\u00e1sa mellett arra k\u00e9rt\u00fck a 2025-\u00f6s Esterh\u00e1zy Art Award ki\u00e1ll\u00edt\u00f3it, hogy fogalmazz\u00e1k meg r\u00f6vid v\u00e1laszukat arra a k\u00e9rd\u00e9sre, hogy miben hisznek, erre utal a ki\u00e1ll\u00edt\u00e1s c\u00edme is \u2013 <em>What We Believe In \u2013 Amiben hisz\u00fcnk<\/em>. A feltett k\u00e9rd\u00e9st az elm\u00falt \u00e9vekben feler\u0151s\u00f6d\u0151 ir\u00e1nyveszt\u00e9s, kil\u00e1t\u00e1stalans\u00e1g \u00e9rz\u00e9se motiv\u00e1lta. Sok p\u00e1lyam\u0171 egy elszigetelt szigethez hasonl\u00edthat\u00f3, ahov\u00e1 a m\u0171v\u00e9szek visszavonultak. Sokakat saj\u00e1t csal\u00e1dt\u00f6rt\u00e9nete, saj\u00e1t ereje vagy egy\u00e9ni mitol\u00f3gi\u00e1ja foglalkoztatja. A d\u00edjra jel\u00f6lt m\u0171v\u00e9szek k\u00f6z\u00fcl sokan saj\u00e1t vil\u00e1got, illetve mag\u00e1nmitol\u00f3gi\u00e1kat teremtettek maguknak. A m\u0171v\u00e9szek fenti k\u00e9rd\u00e9sre adott v\u00e1laszait \u00e9s a m\u0171vekhez kapcsol\u00f3d\u00f3 gondolatait a teremsz\u00f6vegekben olvashatj\u00e1k.<\/p>\r\n<p>A d\u00edjra jel\u00f6lt ki\u00e1ll\u00edt\u00f3 m\u0171v\u00e9szek:<\/p>\r\n<p>CZENE M\u00e1rta, G\u00c1SP\u00c1R Szil\u00e1rd, EJTECH (K\u00c1RP\u00c1TI Judit Eszter \u00e9s Esteban de la TORRE) &amp; MELKOVICS Tam\u00e1s, G\u00c1LDI VINK\u00d3 Andi, HeyWeSeeAskShowandDie (SIPOS Eszter \u00e9s HORV\u00c1TH Csaba \u00c1rp\u00e1d), KANICS Dorottya, KERESZTESI Botond, KLING Emma, KO\u00d3S G\u00e1bor, L\u0150RINCZ \u00c1ron, MAROSI Panni, N\u00c9METH L\u00e1szl\u00f3, PAP G\u00e1bor, PETR\u00c1NYI Luca, PINT\u00c9R Dia, PINT\u00c9R G\u00e1bor, S\u00dcVEGES Rita, SZOMBAT \u00c9va, VARGA \u00c1d\u00e1m, VET\u0150 Lia Orsolya, V\u00c9KONY Dorottya<\/p>\r\n<p>A f\u00fcggetlen nemzetk\u00f6zi szak\u00e9rt\u0151i zs\u0171ri d\u00edjazottjai 2025-ben: KO\u00d3S G\u00e1bor, PAP G\u00e1bor \u00e9s V\u00c9KONY Dorottya.<\/p>\r\n<p>Az \u00f6sszesen 15.000 eur\u00f3 \u00e9rt\u00e9k\u0171 d\u00edj egyenl\u0151 ar\u00e1nyban oszlik meg a h\u00e1rom gy\u0151ztes p\u00e1lyam\u0171 k\u00f6z\u00f6tt.<\/p>\r\n<p>A zs\u0171ri \u00e9rt\u00e9kel\u00e9se:<\/p>\r\n<p>KO\u00d3S G\u00e1bor (\u273d 1986 Losonc, Budapesten \u00e9l \u00e9s alkot) m\u0171v\u00e9szet\u00e9t az \u00f6nvizsg\u00e1lat, az eml\u00e9kek keletkez\u00e9se \u00e9s meg\u0151rz\u00e9se \u00f6szt\u00f6nzi. Fel\u00fcleteket tapogat le, hogy felt\u00e1rja mi van alatta \u00e9s m\u00f6g\u00f6tte. Ko\u00f3s \u00faj eszk\u00f6ze a fotogrammetria: k\u00e9tdimenzi\u00f3s f\u00e9nyk\u00e9pekb\u0151l h\u00e1romdimenzi\u00f3s form\u00e1kat rekonstru\u00e1l, amib\u0151l r\u00f6gt\u00f6n k\u00f6vetkezik egyfajta indexikalit\u00e1s: az \u00e1br\u00e1zolt \u00e9s az \u00e1br\u00e1zol\u00e1s k\u00f6z\u00f6tti tagadhatatlan kapcsolat. A technol\u00f3gi\u00e1b\u00f3l ered\u0151 glitchek a pontfelh\u0151ben olyan nyomokk\u00e1 v\u00e1lnak, amelyek szembes\u00edtenek minket a lek\u00e9pez\u00e9sben rejl\u0151 kih\u00edv\u00e1sokkal, \u00e9s egyben megism\u00e9telhetetlenn\u00e9 teszik az anyagszer\u0171 voltukban l\u00e9tez\u0151 szobrokat.<\/p>\r\n<p>Dics\u00e9rni j\u00f6ttem a magyar ugar c\u00e9z\u00e1rj\u00e1t, nem temetni. Mert a h\u00e1zt\u00e1ji szem\u00e9tb\u0151l, a falusi hullad\u00e9kb\u00f3l, a kiskerti telev\u00e9nyb\u0151l k\u00e9t-h\u00e1rom \u00e9v alatt kin\u0151tt valami origin\u00e1lis \u00e9s nagyszer\u0171. Felesleges most m\u00e1r j\u00f3zsefattill\u00e1zni, derkovitsozni \u00e9s basquiatozni, mert PAP G\u00e1bor (\u273d1991, Szentes, \u00d6cs\u00f6d\u00f6n \u00e9l \u00e9s alkot) j\u00f6tt, l\u00e1tott \u00e9s gy\u0151z\u00f6tt. Mert nagyot \u00e1lmodni, \u00e9s teremtett egy vadonat\u00faj, origin\u00e1lis, Pap G\u00e1bor-i vil\u00e1got, zs\u00e1kv\u00e1szonb\u00f3l \u00e9s akkumul\u00e1torb\u00f3l, eg\u00e9rcsapd\u00e1b\u00f3l \u00e9s fest\u0151palett\u00e1b\u00f3l, keny\u00e9rveknib\u0151l \u00e9s dr\u00f3tker\u00edt\u00e9sb\u0151l, saras szalm\u00e1b\u00f3l \u00e9s LED-szalagb\u00f3l, energiaitalos-dobozb\u00f3l \u00e9s form\u00e1zottv\u00e1szonb\u00f3l. Isten h\u00e1ta m\u00f6g\u00f6tt, de sub specie aeternitatis teremtette meg a gigantikus v\u00e1lyogmonstrumot, a falakat \u00e1tt\u00f6r\u0151 \u00f3ri\u00e1sk\u00edgy\u00f3t, a saj\u00e1t fark\u00e1ba harap\u00f3 Uroboroszt, a sivatagg\u00e1 v\u00e1l\u00f3 foly\u00f3meder \u00f6ko-mitologikus \u0151sszellem\u00e9t, azt a tr\u00f3jai falovat, aminek h\u00e1t\u00e1n \u00d6cs\u00f6d belovagolhat (bek\u00edgy\u00f3zhat) a kort\u00e1rs m\u0171v\u00e9szet white cube szent\u00e9ly\u00e9be.<\/p>\r\n<p>V\u00c9KONY Dorotty\u00e1t (\u273d1985, Debrecen, Budapesten \u00e9l \u00e9s alkot) \u00e9vek \u00f3ta a term\u00e9kenys\u00e9g t\u00e9m\u00e1ja, vagyis az \u00e9let alapjai foglalkoztatja. M\u00edg kor\u00e1bbi munk\u00e1inak k\u00f6z\u00e9ppontj\u00e1ban az ember \u00e1llt, a \u201eKiterjesztett vir\u00e1gz\u00e1s \/ Extended Blooming&#8221; c\u00edm\u0171 sorozat a n\u00f6v\u00e9nyvil\u00e1ggal foglalkozik. A k\u00f6rnyezetszennyez\u00e9s \u00e9s a monokult\u00far\u00e1s mez\u0151gazdas\u00e1g a rovarpopul\u00e1ci\u00f3, k\u00f6zt\u00fck a beporz\u00f3k cs\u00f6kken\u00e9s\u00e9vel fenyeget. V\u00e9kony Dorottya munk\u00e1j\u00e1ban ez\u00e9rt a rovarok, azaz a beporz\u00f3k sz\u00e1m\u00e1ra sokkal vonz\u00f3bb vir\u00e1gokat alkotott, egyfajta fotogr\u00e1fiai g\u00e9ntechnol\u00f3gi\u00e1t alkalmazva. A g\u00e9nm\u00f3dos\u00edt\u00e1s \u00e9s \u00faj fajok nemes\u00edt\u00e9se azonban bonyolult etikai \u00e9s \u00f6kol\u00f3giai k\u00e9rd\u00e9seket is felvet. Az optimaliz\u00e1l\u00e1s \u00e9s a teljes\u00edtm\u00e9nyfokoz\u00e1s egyens\u00falytalans\u00e1ghoz vezethet. Az install\u00e1ci\u00f3 teh\u00e1t azt a k\u00e9rd\u00e9st is felveti, hogy: mi val\u00f3di, \u00e9s mi az ill\u00fazi\u00f3? A zs\u0171rit a kutat\u00e1si t\u00e9ma k\u00f6vetkezetes tov\u00e1bbgondol\u00e1sa gy\u0151zte meg. M\u00edg a k\u00e9pek els\u0151 pillant\u00e1sra sz\u00e9ps\u00e9g\u00fckkel ragadj\u00e1k mag\u00e1val a n\u00e9z\u0151t, benn\u00fck elm\u00e9ly\u00fclve azonban sz\u00e1mos dologra asszoci\u00e1lhatunk \u00e9s aktu\u00e1lis t\u00e1rsadalmi t\u00e9m\u00e1kat \u00e9rintenek. Az install\u00e1ci\u00f3 hidat k\u00e9pez a tudom\u00e1nyos spekul\u00e1ci\u00f3 \u00e9s a m\u0171v\u00e9szi reflexi\u00f3 k\u00f6z\u00f6tt, \u00e9s gondolkod\u00e1sra k\u00e9sztet a term\u00e9szet j\u00f6v\u0151j\u00e9r\u0151l, az ember felel\u0151ss\u00e9g\u00e9r\u0151l, valamint a technol\u00f3gia \u00e9s a k\u00f6rnyezet k\u00f6z\u00f6tti t\u00f6r\u00e9keny egyens\u00falyr\u00f3l.<\/p>\r\n<p>A kor\u00e1bbi gy\u0151ztesek \u2013 HORV\u00c1TH D\u00e1niel, SIEGMUND \u00c1kos, a BORSOS L\u0151rinc (2009), KIR\u00c1LY Andr\u00e1s, SZAB\u00d3 \u00c1bel, KAR\u00c1CSONYI L\u00e1szl\u00f3 Attila (2011), CSAT\u00d3 J\u00f3zsef, KALICZKA Patr\u00edcia, KOV\u00c1CS Ol\u00edvia (2013), MAKAI Mira Dalma, KASZ\u00c1S Tam\u00e1s, TIBOR Zsolt (2015), KERESZTES Zs\u00f3fi, EZER \u00c1kos \u00e9s NAGY Imre (2017), GY\u0150RI \u00c9va Andrea, NEMES M\u00e1rton, PUKLUS P\u00e9ter (2019), R\u00d3ZSA Luca S\u00e1ra, TRANKER Kata, ULBERT \u00c1d\u00e1m, (2021), HORV\u00c1TH Gideon, A KORTMANN-J\u00c1RAY Katalin \u00e9s MENDRECZKY Karina m\u0171v\u00e9szp\u00e1ros, TRAPP Dominika (2023) \u00e9s S\u00dcVEGES Rita (2023 k\u00f6z\u00f6ns\u00e9gd\u00edj)\u2013 alkot\u00f3i munk\u00e1ss\u00e1g\u00e1t az alap\u00edtv\u00e1ny tov\u00e1bbra is figyelemmel k\u00eds\u00e9ri.<\/p>\r\n<p>Zs\u0171ritagok:<\/p>\r\n<p>Dr. FAB\u00c9NYI Julia, a Ludwig M\u00fazeum \u2013 Kort\u00e1rs M\u0171v\u00e9szeti M\u00fazeum igazgat\u00f3ja<br \/>\r\nBarbara HORVATH, kur\u00e1tor, m\u0171v\u00e9szett\u00f6rt\u00e9n\u00e9sz, a Part International Residency Art vezet\u0151je, B\u00e9cs<br \/>\r\nDr. OTTRUBAY Istv\u00e1n, a d\u00edj alap\u00edt\u00f3ja, az az Esterhazy Privatstiftung igazgat\u00f3tan\u00e1cs\u00e1nak eln\u00f6ke, Kismarton<br \/>\r\nRIEDER G\u00e1bor PhD, m\u0171v\u00e9szett\u00f6rt\u00e9n\u00e9sz, kur\u00e1tor, szerkeszt\u0151, Budapest<br \/>\r\nEveline SUTER, licenci\u00e1tusi fokozat\u00fa filoz\u00f3fus, m\u0171v\u00e9szett\u00f6rt\u00e9n\u00e9sz, kur\u00e1tor, Kunstmuseum Luzern<br \/>\r\nSZEGEDY-MASZ\u00c1K Zsuzsanna, PhD, m\u0171v\u00e9szett\u00f6rt\u00e9n\u00e9sz, kur\u00e1tor, a Magyar Nemzeti M\u00fazeum T\u00f6rt\u00e9neti F\u00e9nyk\u00e9pt\u00e1r f\u0151 muzeol\u00f3gusa, Budapest<br \/>\r\nVitus WEH, a ki\u00e1ll\u00edt\u00e1sszervez\u0151, kur\u00e1tor, kutat\u00f3 (kult\u00fara-tudom\u00e1nyok), az Esterhazy Privatstiftung m\u0171v\u00e9szeti tan\u00e1csad\u00f3ja<\/p>\r\n<p><a href=\"https:\/\/exindex.hu\/wp-content\/uploads\/eaa25-3.jpg\"><img loading=\"lazy\" decoding=\"async\" class=\"aligncenter size-large wp-image-2040427\" src=\"https:\/\/exindex.hu\/wp-content\/uploads\/eaa25-3-1200x800.jpg\" alt=\"\" width=\"900\" height=\"600\" srcset=\"https:\/\/exindex.hu\/wp-content\/uploads\/eaa25-3-1200x800.jpg 1200w, https:\/\/exindex.hu\/wp-content\/uploads\/eaa25-3-360x240.jpg 360w, https:\/\/exindex.hu\/wp-content\/uploads\/eaa25-3-768x512.jpg 768w, https:\/\/exindex.hu\/wp-content\/uploads\/eaa25-3-1536x1024.jpg 1536w, https:\/\/exindex.hu\/wp-content\/uploads\/eaa25-3-900x600.jpg 900w, https:\/\/exindex.hu\/wp-content\/uploads\/eaa25-3-74x50.jpg 74w, https:\/\/exindex.hu\/wp-content\/uploads\/eaa25-3.jpg 1600w\" sizes=\"auto, (max-width: 900px) 100vw, 900px\" \/><\/a><\/p>","protected":false},"excerpt":{"rendered":"<p>Kiosztott\u00e1k az Esterh\u00e1zy Art Award 2025 d\u00edjait KO\u00d3S G\u00e1bor, PAP G\u00e1bor \u00e9s V\u00c9KONY Dorottya az idei Esterh\u00e1zy Art Award d\u00edjazottjai. A k\u00f6z\u00f6ns\u00e9gnek \u00fajra lesz lehet\u0151s\u00e9ge kiv\u00e1lasztania kedvenc alkot\u00e1sait, a k\u00f6z\u00f6ns\u00e9gd\u00edj eredm\u00e9nyhirdet\u00e9se szeptember 11-\u00e9n lesz. A kilencedik alkalommal meghirdetett p\u00e1ly\u00e1zatra 273 m\u0171v\u00e9sz jelentkezett. A f\u00fcggetlen nemzetk\u00f6zi szakmai zs\u0171ri 21 p\u00e1lyam\u0171vet jel\u00f6lt a d\u00edjra. A d\u00edjra jel\u00f6lt [&hellip;]<\/p>\n","protected":false},"author":2,"featured_media":2040430,"parent":0,"comment_status":"closed","ping_status":"closed","sticky":false,"template":"","format":"standard","meta":{"_acf_changed":false,"footnotes":""},"categories":[3],"tags":[],"class_list":["post-2040418","post","type-post","status-publish","format-standard","has-post-thumbnail","hentry","category-hirek"],"acf":[],"_links":{"self":[{"href":"https:\/\/exindex.hu\/hu\/wp-json\/wp\/v2\/posts\/2040418","targetHints":{"allow":["GET"]}}],"collection":[{"href":"https:\/\/exindex.hu\/hu\/wp-json\/wp\/v2\/posts"}],"about":[{"href":"https:\/\/exindex.hu\/hu\/wp-json\/wp\/v2\/types\/post"}],"author":[{"embeddable":true,"href":"https:\/\/exindex.hu\/hu\/wp-json\/wp\/v2\/users\/2"}],"replies":[{"embeddable":true,"href":"https:\/\/exindex.hu\/hu\/wp-json\/wp\/v2\/comments?post=2040418"}],"version-history":[{"count":3,"href":"https:\/\/exindex.hu\/hu\/wp-json\/wp\/v2\/posts\/2040418\/revisions"}],"predecessor-version":[{"id":2044738,"href":"https:\/\/exindex.hu\/hu\/wp-json\/wp\/v2\/posts\/2040418\/revisions\/2044738"}],"wp:featuredmedia":[{"embeddable":true,"href":"https:\/\/exindex.hu\/hu\/wp-json\/wp\/v2\/media\/2040430"}],"wp:attachment":[{"href":"https:\/\/exindex.hu\/hu\/wp-json\/wp\/v2\/media?parent=2040418"}],"wp:term":[{"taxonomy":"category","embeddable":true,"href":"https:\/\/exindex.hu\/hu\/wp-json\/wp\/v2\/categories?post=2040418"},{"taxonomy":"post_tag","embeddable":true,"href":"https:\/\/exindex.hu\/hu\/wp-json\/wp\/v2\/tags?post=2040418"}],"curies":[{"name":"wp","href":"https:\/\/api.w.org\/{rel}","templated":true}]}}