{"id":2040661,"date":"2025-06-17T01:22:39","date_gmt":"2025-06-17T00:22:39","guid":{"rendered":"https:\/\/exindex.hu\/?p=2040661"},"modified":"2026-01-20T17:29:39","modified_gmt":"2026-01-20T16:29:39","slug":"%e2%80%a0-guillaume-bijl","status":"publish","type":"post","link":"https:\/\/exindex.hu\/hu\/hirek\/%e2%80%a0-guillaume-bijl\/","title":{"rendered":"\u2020 Guillaume Bijl"},"content":{"rendered":"<p><a href=\"https:\/\/exindex.hu\/wp-content\/uploads\/bijl5.jpg\"><img loading=\"lazy\" decoding=\"async\" class=\"aligncenter wp-image-2040703\" src=\"https:\/\/exindex.hu\/wp-content\/uploads\/bijl5.jpg\" alt=\"\" width=\"800\" height=\"1200\" srcset=\"https:\/\/exindex.hu\/wp-content\/uploads\/bijl5.jpg 1365w, https:\/\/exindex.hu\/wp-content\/uploads\/bijl5-240x360.jpg 240w, https:\/\/exindex.hu\/wp-content\/uploads\/bijl5-800x1200.jpg 800w, https:\/\/exindex.hu\/wp-content\/uploads\/bijl5-768x1152.jpg 768w, https:\/\/exindex.hu\/wp-content\/uploads\/bijl5-1024x1536.jpg 1024w\" sizes=\"auto, (max-width: 800px) 100vw, 800px\" \/><\/a><\/p>\r\n<p><span data-start=\"52\" data-end=\"70\">79 \u00e9ves kor\u00e1ban elhunyt <a href=\"https:\/\/www.guillaumebijl.be\/indexpop.html\" target=\"_blank\" rel=\"noopener\">Guillaume Bijl<\/a>, a kort\u00e1rs belga m\u0171v\u00e9szet egyik legeredetibb \u00e9s legkritikusabb hangja. M\u0171v\u00e9szete p\u00e1ratlan \u00e9rz\u00e9kenys\u00e9ggel \u00e9s ir\u00f3ni\u00e1val reflekt\u00e1lt a nyugati t\u00e1rsadalom m\u0171k\u00f6d\u00e9s\u00e9re, k\u00fcl\u00f6n\u00f6sen annak h\u00e9tk\u00f6znapi ritu\u00e1l\u00e9ira, fogyaszt\u00f3i szok\u00e1saira \u00e9s kultur\u00e1lis \u00f6nk\u00e9p\u00e9re. Bijl egy \u00f6nmag\u00e1t k\u00e9pz\u0151 k\u00edv\u00fcl\u00e1ll\u00f3k\u00e9nt indult a m\u0171v\u00e9szet vil\u00e1g\u00e1ban, \u00e9s \u00e9vtizedek alatt v\u00e1lt a konceptu\u00e1lis \u00e9s install\u00e1ci\u00f3s m\u0171v\u00e9szet egyik legismertebb \u00e9s legnagyobb hat\u00e1s\u00fa alakj\u00e1v\u00e1.<br \/>\r\n<br \/>\r\nBijl legismertebb m\u0171faja az \u00fagynevezett \u201etransform\u00e1ci\u00f3s install\u00e1ci\u00f3\u201d volt, amelyben h\u00e9tk\u00f6znapi helysz\u00edneket \u2013 p\u00e9ld\u00e1ul aut\u00f3siskol\u00e1t, kaszin\u00f3t, atombunkert vagy pszichi\u00e1triai k\u00f3rh\u00e1zat \u2013 helyezett el gal\u00e9ri\u00e1k vagy m\u00fazeumok tereiben, t\u00f6k\u00e9letes realizmussal \u00e9s precizit\u00e1ssal. Ezek az install\u00e1ci\u00f3k gyakran zavarba ejtett\u00e9k a l\u00e1togat\u00f3t: nem volt vil\u00e1gos, hogy val\u00f3di funkci\u00f3j\u00fa helyis\u00e9get l\u00e1t-e, vagy m\u0171alkot\u00e1ssal van dolga. Az ebb\u0151l fakad\u00f3 bizonytalans\u00e1g volt Bijl c\u00e9lja \u2013 k\u00e9rd\u00e9sei nemcsak a m\u0171v\u00e9szet mibenl\u00e9t\u00e9re, hanem t\u00e1rsadalmunk l\u00e1thatatlan strukt\u00far\u00e1ira is ir\u00e1nyultak.<br \/>\r\n<br \/>\r\nM\u0171veit t\u00f6bb sorozatba rendezte: a \u201etransform\u00e1ci\u00f3k\u201d mellett k\u00e9sz\u00edtett \u201eszitu\u00e1ci\u00f3s install\u00e1ci\u00f3kat\u201d, melyekben a fikci\u00f3 kil\u00e9pett a gal\u00e9ri\u00e1k falai k\u00f6z\u00fcl \u00e9s a k\u00f6zterekre ker\u00fclt, valamint \u201ecompositions trouv\u00e9es\u201d-t \u2013 olyan t\u00e1rgyegy\u00fctteseket, amelyek a jelenkor vizu\u00e1lis r\u00e9g\u00e9szeti leleteik\u00e9nt \u00e9rtelmezhet\u0151k. Az \u201eSorry\u201d-sorozat ironikus, abszurd kis install\u00e1ci\u00f3k sorozata, groteszk, tragikomikus t\u00e1rsadalmi t\u00fckr\u00f6k. A \u201ekultur\u00e1lis turizmus\u201d sorozatban \u00e1l-m\u00fazeumokat hozott l\u00e9tre \u2013 mint p\u00e9ld\u00e1ul a Bid\u00e9 M\u00fazeum vagy B\u0151rnadr\u00e1g M\u00fazeum \u2013, amelyek a t\u00f6megkult\u00fara giccses nosztalgi\u00e1j\u00e1t parodiz\u00e1lt\u00e1k.<br \/>\r\n<br \/>\r\nBijl munk\u00e1iban alapvet\u0151 k\u00e9rd\u00e9seket tett fel a m\u0171v\u00e9szet szerep\u00e9r\u0151l, hat\u00e1rair\u00f3l, valamint a m\u0171v\u00e9szeti int\u00e9zm\u00e9nyek funkci\u00f3j\u00e1r\u00f3l. Mi t\u00f6rt\u00e9nik, ha egy ki\u00e1ll\u00edt\u00f3t\u00e9r elvesz\u00edti m\u0171v\u00e9szeti identit\u00e1s\u00e1t, \u00e9s helyette egy h\u00e9tk\u00f6znapi funkci\u00f3t \u00f6lt mag\u00e1ra? Hol h\u00faz\u00f3dik a hat\u00e1r a val\u00f3s\u00e1g \u00e9s a m\u0171v\u00e9szi ill\u00fazi\u00f3 k\u00f6z\u00f6tt? Milyen szerepet j\u00e1tszik a n\u00e9z\u0151 \u2013 aki gyakran akaratlanul is \u201eszerepl\u0151v\u00e9\u201d v\u00e1lik az install\u00e1ci\u00f3kban?<br \/>\r\n<br \/>\r\nP\u00e1ly\u00e1ja sor\u00e1n t\u00f6bb mint hatvan nagyobb l\u00e9pt\u00e9k\u0171 \u201e<a href=\"https:\/\/www.youtube.com\/@GuillaumeBijl\/videos\" target=\"_blank\" rel=\"noopener\">\u00e1talak\u00edt\u00e1st<\/a>\u201d hajtott v\u00e9gre szerte Eur\u00f3p\u00e1ban \u00e9s azon t\u00fal. Rendszeres szerepl\u0151je volt olyan rangos esem\u00e9nyeknek, mint a Documenta, a Skulptur Projekte M\u00fcnster, a Lyon, Isztambul vagy Z\u00fcrich bienn\u00e1l\u00e9k. Munk\u00e1ss\u00e1g\u00e1t a t\u00e1rsadalmi \u00e9rz\u00e9kenys\u00e9g \u00e9s a pontos vizu\u00e1lis megfigyel\u00e9s <a href=\"https:\/\/www.youtube.com\/watch?v=WmdMUFI71RM\" target=\"_blank\" rel=\"noopener\">jellemezte<\/a>. Nem \u00edt\u00e9lkezett, ink\u00e1bb finoman mutatott r\u00e1 a k\u00f6z\u00e9poszt\u00e1lybeli \u00e9rt\u00e9krendek, a fogyaszt\u00f3i kult\u00fara \u00e9s a kultur\u00e1lis int\u00e9zm\u00e9nyrendszerek abszurdit\u00e1s\u00e1ra.<\/span><\/p>\r\n<p><a href=\"https:\/\/exindex.hu\/wp-content\/uploads\/bijl4.jpg\"><img loading=\"lazy\" decoding=\"async\" class=\"aligncenter size-full wp-image-2040682\" src=\"https:\/\/exindex.hu\/wp-content\/uploads\/bijl4.jpg\" alt=\"\" width=\"1440\" height=\"1080\" srcset=\"https:\/\/exindex.hu\/wp-content\/uploads\/bijl4.jpg 1440w, https:\/\/exindex.hu\/wp-content\/uploads\/bijl4-360x270.jpg 360w, https:\/\/exindex.hu\/wp-content\/uploads\/bijl4-1200x900.jpg 1200w, https:\/\/exindex.hu\/wp-content\/uploads\/bijl4-768x576.jpg 768w\" sizes=\"auto, (max-width: 1440px) 100vw, 1440px\" \/><\/a><\/p>","protected":false},"excerpt":{"rendered":"<p>79 \u00e9ves kor\u00e1ban elhunyt Guillaume Bijl, a kort\u00e1rs belga m\u0171v\u00e9szet egyik legeredetibb \u00e9s legkritikusabb hangja. M\u0171v\u00e9szete p\u00e1ratlan \u00e9rz\u00e9kenys\u00e9ggel \u00e9s ir\u00f3ni\u00e1val reflekt\u00e1lt a nyugati t\u00e1rsadalom m\u0171k\u00f6d\u00e9s\u00e9re, k\u00fcl\u00f6n\u00f6sen annak h\u00e9tk\u00f6znapi ritu\u00e1l\u00e9ira, fogyaszt\u00f3i szok\u00e1saira \u00e9s kultur\u00e1lis \u00f6nk\u00e9p\u00e9re. Bijl egy \u00f6nmag\u00e1t k\u00e9pz\u0151 k\u00edv\u00fcl\u00e1ll\u00f3k\u00e9nt indult a m\u0171v\u00e9szet vil\u00e1g\u00e1ban, \u00e9s \u00e9vtizedek alatt v\u00e1lt a konceptu\u00e1lis \u00e9s install\u00e1ci\u00f3s m\u0171v\u00e9szet egyik legismertebb \u00e9s [&hellip;]<\/p>\n","protected":false},"author":2,"featured_media":2040667,"parent":0,"comment_status":"closed","ping_status":"closed","sticky":false,"template":"","format":"standard","meta":{"_acf_changed":false,"footnotes":""},"categories":[3],"tags":[],"class_list":["post-2040661","post","type-post","status-publish","format-standard","has-post-thumbnail","hentry","category-hirek"],"acf":[],"_links":{"self":[{"href":"https:\/\/exindex.hu\/hu\/wp-json\/wp\/v2\/posts\/2040661","targetHints":{"allow":["GET"]}}],"collection":[{"href":"https:\/\/exindex.hu\/hu\/wp-json\/wp\/v2\/posts"}],"about":[{"href":"https:\/\/exindex.hu\/hu\/wp-json\/wp\/v2\/types\/post"}],"author":[{"embeddable":true,"href":"https:\/\/exindex.hu\/hu\/wp-json\/wp\/v2\/users\/2"}],"replies":[{"embeddable":true,"href":"https:\/\/exindex.hu\/hu\/wp-json\/wp\/v2\/comments?post=2040661"}],"version-history":[{"count":8,"href":"https:\/\/exindex.hu\/hu\/wp-json\/wp\/v2\/posts\/2040661\/revisions"}],"predecessor-version":[{"id":2044753,"href":"https:\/\/exindex.hu\/hu\/wp-json\/wp\/v2\/posts\/2040661\/revisions\/2044753"}],"wp:featuredmedia":[{"embeddable":true,"href":"https:\/\/exindex.hu\/hu\/wp-json\/wp\/v2\/media\/2040667"}],"wp:attachment":[{"href":"https:\/\/exindex.hu\/hu\/wp-json\/wp\/v2\/media?parent=2040661"}],"wp:term":[{"taxonomy":"category","embeddable":true,"href":"https:\/\/exindex.hu\/hu\/wp-json\/wp\/v2\/categories?post=2040661"},{"taxonomy":"post_tag","embeddable":true,"href":"https:\/\/exindex.hu\/hu\/wp-json\/wp\/v2\/tags?post=2040661"}],"curies":[{"name":"wp","href":"https:\/\/api.w.org\/{rel}","templated":true}]}}