{"id":2041720,"date":"2025-09-09T22:02:16","date_gmt":"2025-09-09T21:02:16","guid":{"rendered":"https:\/\/exindex.hu\/?p=2041720"},"modified":"2025-10-21T21:50:53","modified_gmt":"2025-10-21T20:50:53","slug":"vajda-esernyoje","status":"publish","type":"post","link":"https:\/\/exindex.hu\/hu\/hirek\/vajda-esernyoje\/","title":{"rendered":"Vajda eserny\u0151je"},"content":{"rendered":"<p><a href=\"https:\/\/exindex.hu\/wp-content\/uploads\/Vajda_Esernyoje_meghivo.png\"><img loading=\"lazy\" decoding=\"async\" class=\"aligncenter size-large wp-image-2041726\" src=\"https:\/\/exindex.hu\/wp-content\/uploads\/Vajda_Esernyoje_meghivo-1200x576.png\" alt=\"\" width=\"900\" height=\"432\" srcset=\"https:\/\/exindex.hu\/wp-content\/uploads\/Vajda_Esernyoje_meghivo-1200x576.png 1200w, https:\/\/exindex.hu\/wp-content\/uploads\/Vajda_Esernyoje_meghivo-360x173.png 360w, https:\/\/exindex.hu\/wp-content\/uploads\/Vajda_Esernyoje_meghivo-768x369.png 768w, https:\/\/exindex.hu\/wp-content\/uploads\/Vajda_Esernyoje_meghivo-1536x737.png 1536w, https:\/\/exindex.hu\/wp-content\/uploads\/Vajda_Esernyoje_meghivo.png 2000w\" sizes=\"auto, (max-width: 900px) 100vw, 900px\" \/><\/a><\/p>\r\n<p>2025. szeptember 12 &#8211; okt\u00f3ber 9.<br \/>\r\nEserny\u0151s Gal\u00e9ria (Budapest III. F\u0151 t\u00e9r 2.)<\/p>\r\n<p>Megnyit\u00f3: 2025. szeptember 11 (cs\u00fct\u00f6rt\u00f6k) 18.00<br \/>\r\nA ki\u00e1ll\u00edt\u00e1st megnyitja: drM\u00e1ri\u00e1s<br class=\"html-br\" \/>\r\nK\u00f6zrem\u0171k\u00f6dik: M\u00e1k\u00f3 Rozi<\/p>\r\n<p>Ki\u00e1ll\u00edt\u00f3 m\u0171v\u00e9szek: Aknay J\u00e1nos, Baksai J\u00f3zsef, Stephen Balogh, Benkovits Bal\u00e1zs, Bereznai P\u00e9ter, Bereznai Tam\u00e1s, Be\u00f6thy Bal\u00e1zs, Csont\u00f3 Lajos, Ef Z\u00e1mb\u00f3 Istv\u00e1n, felugossy L\u00e1szl\u00f3, Fodor Bal\u00e1zs, Hecker P\u00e9ter, Hugyecsek Bal\u00e1zs, K\u00f3tai Tam\u00e1s, M\u00e1k\u00f3 Bori, Margit Szabolcs, Doktor M\u00e1ri\u00e1s B\u00e9la, Nagy Barbara, Petrovity S\u00e1ndor, Rizmayer P\u00e9ter, Sel\u00e9nyi K\u00e1roly Istv\u00e1n, Szurcsik J\u00f3zsef, T\u00f3th Istv\u00e1n, Vincze Ott\u00f3<\/p>\r\n<div dir=\"ltr\">A Vajda Lajos St\u00fadi\u00f3 Szentendre sz\u00edv\u00e9ben, 1972 \u00f3ta m\u0171k\u00f6d\u0151, m\u00e1ra m\u00e1r legend\u00e1ss\u00e1 v\u00e1lt m\u0171v\u00e9szcsoport \u00e9s k\u00f6z\u00f6ss\u00e9g, amelynek szellemis\u00e9ge m\u00e9lyen gy\u00f6kerezik a v\u00e1ros progressz\u00edv hagyom\u00e1nyaiban. A VLS egy organikus k\u00e9pz\u0151dm\u00e9ny, amely gener\u00e1ci\u00f3k \u00f3ta vonzza a k\u00eds\u00e9rletez\u0151, auton\u00f3m m\u0171v\u00e9szeket, akik szabadon gondolkodnak, \u00e9s nem riadnak vissza a konvenci\u00f3k feszeget\u00e9s\u00e9t\u0151l. A VLS alapvet\u0151 hitvall\u00e1sa a m\u0171v\u00e9szi szabads\u00e1g \u00e9s az alkot\u00f3m\u0171v\u00e9szet hat\u00e1rokat nem ismer\u0151 l\u00e9tez\u00e9se. Nem k\u00f6t\u0151dik trendekhez, egyetlen ir\u00e1nyzathoz vagy st\u00edlushoz sem, \u00e9ppen ellenkez\u0151leg &#8211; a diverzit\u00e1s, a folyamatos meg\u00fajul\u00e1s \u00e9s a szabad k\u00eds\u00e9rletez\u00e9s alapvet\u0151 l\u00e9teleme az egyes\u00fclet szellemis\u00e9g\u00e9nek. A St\u00fadi\u00f3 tagjai sz\u00e1m\u00e1ra az alkot\u00e1s egy \u00e9letforma, egyfajta &#8222;l\u00e9t\u00e1llapot&#8221;, ahol a m\u0171v\u00e9szet \u00e9s az emberi l\u00e9t elv\u00e1laszthatatlan r\u00e9sze.\u00a0<\/div>\r\n<div dir=\"ltr\">\u00a0<\/div>\r\n<div dir=\"ltr\">Szurcsik J\u00f3zsef<\/div>","protected":false},"excerpt":{"rendered":"<p>2025. szeptember 12 &#8211; okt\u00f3ber 9. Eserny\u0151s Gal\u00e9ria (Budapest III. F\u0151 t\u00e9r 2.) Megnyit\u00f3: 2025. szeptember 11 (cs\u00fct\u00f6rt\u00f6k) 18.00 A ki\u00e1ll\u00edt\u00e1st megnyitja: drM\u00e1ri\u00e1s K\u00f6zrem\u0171k\u00f6dik: M\u00e1k\u00f3 Rozi Ki\u00e1ll\u00edt\u00f3 m\u0171v\u00e9szek: Aknay J\u00e1nos, Baksai J\u00f3zsef, Stephen Balogh, Benkovits Bal\u00e1zs, Bereznai P\u00e9ter, Bereznai Tam\u00e1s, Be\u00f6thy Bal\u00e1zs, Csont\u00f3 Lajos, Ef Z\u00e1mb\u00f3 Istv\u00e1n, felugossy L\u00e1szl\u00f3, Fodor Bal\u00e1zs, Hecker P\u00e9ter, Hugyecsek Bal\u00e1zs, [&hellip;]<\/p>\n","protected":false},"author":2,"featured_media":2041729,"parent":0,"comment_status":"closed","ping_status":"closed","sticky":false,"template":"","format":"standard","meta":{"_acf_changed":false,"footnotes":""},"categories":[3],"tags":[],"class_list":["post-2041720","post","type-post","status-publish","format-standard","has-post-thumbnail","hentry","category-hirek"],"acf":[],"_links":{"self":[{"href":"https:\/\/exindex.hu\/hu\/wp-json\/wp\/v2\/posts\/2041720","targetHints":{"allow":["GET"]}}],"collection":[{"href":"https:\/\/exindex.hu\/hu\/wp-json\/wp\/v2\/posts"}],"about":[{"href":"https:\/\/exindex.hu\/hu\/wp-json\/wp\/v2\/types\/post"}],"author":[{"embeddable":true,"href":"https:\/\/exindex.hu\/hu\/wp-json\/wp\/v2\/users\/2"}],"replies":[{"embeddable":true,"href":"https:\/\/exindex.hu\/hu\/wp-json\/wp\/v2\/comments?post=2041720"}],"version-history":[{"count":4,"href":"https:\/\/exindex.hu\/hu\/wp-json\/wp\/v2\/posts\/2041720\/revisions"}],"predecessor-version":[{"id":2042650,"href":"https:\/\/exindex.hu\/hu\/wp-json\/wp\/v2\/posts\/2041720\/revisions\/2042650"}],"wp:featuredmedia":[{"embeddable":true,"href":"https:\/\/exindex.hu\/hu\/wp-json\/wp\/v2\/media\/2041729"}],"wp:attachment":[{"href":"https:\/\/exindex.hu\/hu\/wp-json\/wp\/v2\/media?parent=2041720"}],"wp:term":[{"taxonomy":"category","embeddable":true,"href":"https:\/\/exindex.hu\/hu\/wp-json\/wp\/v2\/categories?post=2041720"},{"taxonomy":"post_tag","embeddable":true,"href":"https:\/\/exindex.hu\/hu\/wp-json\/wp\/v2\/tags?post=2041720"}],"curies":[{"name":"wp","href":"https:\/\/api.w.org\/{rel}","templated":true}]}}