{"id":2042212,"date":"2025-10-03T17:03:17","date_gmt":"2025-10-03T16:03:17","guid":{"rendered":"https:\/\/exindex.hu\/?p=2042212"},"modified":"2025-12-03T23:19:13","modified_gmt":"2025-12-03T22:19:13","slug":"whos-laughing-now","status":"publish","type":"post","link":"https:\/\/exindex.hu\/hu\/hirek\/whos-laughing-now\/","title":{"rendered":"Who\u2019s Laughing Now?"},"content":{"rendered":"<p><a href=\"https:\/\/exindex.hu\/wp-content\/uploads\/whois.jpg\"><img loading=\"lazy\" decoding=\"async\" class=\"aligncenter size-large wp-image-2042215\" src=\"https:\/\/exindex.hu\/wp-content\/uploads\/whois-1200x628.jpg\" alt=\"\" width=\"900\" height=\"471\" srcset=\"https:\/\/exindex.hu\/wp-content\/uploads\/whois-1200x628.jpg 1200w, https:\/\/exindex.hu\/wp-content\/uploads\/whois-360x188.jpg 360w, https:\/\/exindex.hu\/wp-content\/uploads\/whois-768x402.jpg 768w, https:\/\/exindex.hu\/wp-content\/uploads\/whois-1536x804.jpg 1536w, https:\/\/exindex.hu\/wp-content\/uploads\/whois.jpg 1920w\" sizes=\"auto, (max-width: 900px) 100vw, 900px\" \/><\/a><\/p>\r\n<p>\u00a02025. okt\u00f3ber 4. &#8211; november 29.<br \/>\r\naqb (Budapest XXII. Nagyt\u00e9t\u00e9nyi \u00fat 48-50.)<\/p>\r\n<p>Megnyit\u00f3: 2025. okt\u00f3ber 3 (p\u00e9ntek) 19.00<br \/>\r\nMegnyitja Fabian Ortner, az Osztr\u00e1k Kultur\u00e1lis F\u00f3rum budapesti igazgat\u00f3ja<\/p>\r\n<p>Ki\u00e1ll\u00edt\u00f3 m\u0171v\u00e9szek: Fajgern\u00e9 Dud\u00e1s Andrea \/ Anna Vasof \/ Szab\u00f3 Be\u00e1ta \/ M\u00e1trai Erik \/ Franz Konrad \/ Gudrun Lang\/ Markus Wilfling \/ Minaa Hakim \/ T\u00f3th Norbert \/ Rafael Lippuner \/ Ren\u00e9 Corvaia Koch \/ Wolfgang Temmel \/ zweintopf<\/p>\r\n<p>Kur\u00e1torok: Keyvan Paydar \/ Michael Schitnig \/ Kukla Kriszti\u00e1n<\/p>\r\n<p>A humor be\u00e1ll\u00edt\u00f3d\u00e1sm\u00f3d. Egyszerre kataliz\u00e1tor, \u00e1larc \u00e9s reped\u00e9s a rend felsz\u00edn\u00e9n. A nevet\u00e9s k\u00e9pes \u00f6sszek\u00f6tni \u00e9s megsebezni, leleplezni \u00e9s felszabad\u00edtani. Id\u0151z\u00edt\u00e9se lehet rossz \u00e9s j\u00f3 egyar\u00e1nt \u2013 mindig k\u00e9t\u00e9rtelm\u0171, mindig sokr\u00e9t\u0171. A <em>Who\u2019s Laughing Now?<\/em> c\u00edm\u0171 ki\u00e1ll\u00edt\u00e1s olyan nemzetk\u00f6zi m\u0171v\u00e9szeti poz\u00edci\u00f3kat gy\u0171jt \u00f6ssze, amelyekben a humor m\u00f3dszerk\u00e9nt szolg\u00e1l a val\u00f3s\u00e1g \u00e1talak\u00edt\u00e1s\u00e1ra.<\/p>\r\n<p>Adorno szerint a komikus megt\u00f6ri az \u201e\u00f6r\u00f6kk\u00e9 ugyanaz\u201d var\u00e1zs\u00e1t. Hasad\u00e9kokat nyit a mag\u00e1t\u00f3l \u00e9rtet\u0151d\u0151ben, elmozd\u00edtja a megszokott s\u00e9m\u00e1kat, megingatja a hatalmat. A humor azonban nem puszt\u00e1n k\u00edv\u00fclr\u0151l \u00e9rkez\u0151 kritika. Ahogy Simon Critchley fogalmaz, a nevet\u00e9s saj\u00e1t hat\u00e1rainkhoz is elvezet benn\u00fcnket: r\u00e1vil\u00e1g\u00edt t\u00f6r\u00e9kenys\u00e9g\u00fcnkre, az emberi gyarl\u00f3s\u00e1g nevets\u00e9gess\u00e9g\u00e9re, saj\u00e1t kudarcainkra.<\/p>\r\n<p>A ki\u00e1ll\u00edt\u00e1s ebben a fesz\u00fclts\u00e9gmez\u0151ben mozog: ir\u00f3nia \u00e9s komolys\u00e1g, groteszk t\u00falz\u00e1s \u00e9s halk szubverzi\u00f3, felszabad\u00edt\u00f3 kit\u00f6r\u00e9s \u00e9s f\u00e1jdalmas \u00f6nleleplez\u00e9s k\u00f6z\u00f6tt. A humor itt nem k\u00f6nnyeds\u00e9gk\u00e9nt jelenik meg, hanem k\u00e9t\u00e9l\u0171 gyakorlatk\u00e9nt \u2013 olyan m\u00e9diumk\u00e9nt, amely egyszerre fed fel, zavar meg \u00e9s alak\u00edt \u00e1t.<\/p>\r\n<p>A <em>Who\u2019s Laughing Now?<\/em> egy l\u00e1tsz\u00f3lag egyszer\u0171, de val\u00f3j\u00e1ban nehezen megv\u00e1laszolhat\u00f3 k\u00e9rd\u00e9st tesz fel: ki nevet \u2013 \u00e9s mi\u00e9rt? A k\u00e9rd\u00e9s visszhangj\u00e1ban mutatkozik meg a humor megfoghatatlans\u00e1ga: az a k\u00e9pess\u00e9ge, hogy tiszt\u00e1zza \u00e9s \u00f6sszezavarja a jelent, k\u00f6z\u00f6ss\u00e9get teremtsen vagy \u00e9ppen feloldja azt, k\u00f6zel hozzon \u00e9s elt\u00e1vol\u00edtson egyszerre. A nevet\u00e9s mindig ambivalens. Visszhang, \u00e1talakul\u00e1s, nyitotts\u00e1g.<\/p>\r\n<p>A ki\u00e1ll\u00edt\u00e1s az art quarter budapest \u00e9s a grazi Schaumbad \u2013 Freies Atelierhaus egy\u00fcttm\u0171k\u00f6d\u00e9s\u00e9ben j\u00f6tt l\u00e9tre, p\u00e1rbesz\u00e9det, egyfajta &#8222;kiterjesztett tal\u00e1lkoz\u00f3t&#8221; teremtve a k\u00e9t int\u00e9zm\u00e9ny k\u00f6z\u00f6tt.<\/p>\r\n<p><a href=\"https:\/\/exindex.hu\/wp-content\/uploads\/candy_venus.jpg\"><img loading=\"lazy\" decoding=\"async\" class=\"aligncenter size-full wp-image-2042218\" src=\"https:\/\/exindex.hu\/wp-content\/uploads\/candy_venus.jpg\" alt=\"\" width=\"638\" height=\"423\" srcset=\"https:\/\/exindex.hu\/wp-content\/uploads\/candy_venus.jpg 638w, https:\/\/exindex.hu\/wp-content\/uploads\/candy_venus-360x239.jpg 360w, https:\/\/exindex.hu\/wp-content\/uploads\/candy_venus-74x50.jpg 74w\" sizes=\"auto, (max-width: 638px) 100vw, 638px\" \/><\/a><\/p>","protected":false},"excerpt":{"rendered":"<p>\u00a02025. okt\u00f3ber 4. &#8211; november 29. aqb (Budapest XXII. Nagyt\u00e9t\u00e9nyi \u00fat 48-50.) Megnyit\u00f3: 2025. okt\u00f3ber 3 (p\u00e9ntek) 19.00 Megnyitja Fabian Ortner, az Osztr\u00e1k Kultur\u00e1lis F\u00f3rum budapesti igazgat\u00f3ja Ki\u00e1ll\u00edt\u00f3 m\u0171v\u00e9szek: Fajgern\u00e9 Dud\u00e1s Andrea \/ Anna Vasof \/ Szab\u00f3 Be\u00e1ta \/ M\u00e1trai Erik \/ Franz Konrad \/ Gudrun Lang\/ Markus Wilfling \/ Minaa Hakim \/ T\u00f3th Norbert [&hellip;]<\/p>\n","protected":false},"author":2,"featured_media":2042218,"parent":0,"comment_status":"closed","ping_status":"closed","sticky":false,"template":"","format":"standard","meta":{"_acf_changed":false,"footnotes":""},"categories":[3],"tags":[],"class_list":["post-2042212","post","type-post","status-publish","format-standard","has-post-thumbnail","hentry","category-hirek"],"acf":[],"_links":{"self":[{"href":"https:\/\/exindex.hu\/hu\/wp-json\/wp\/v2\/posts\/2042212","targetHints":{"allow":["GET"]}}],"collection":[{"href":"https:\/\/exindex.hu\/hu\/wp-json\/wp\/v2\/posts"}],"about":[{"href":"https:\/\/exindex.hu\/hu\/wp-json\/wp\/v2\/types\/post"}],"author":[{"embeddable":true,"href":"https:\/\/exindex.hu\/hu\/wp-json\/wp\/v2\/users\/2"}],"replies":[{"embeddable":true,"href":"https:\/\/exindex.hu\/hu\/wp-json\/wp\/v2\/comments?post=2042212"}],"version-history":[{"count":3,"href":"https:\/\/exindex.hu\/hu\/wp-json\/wp\/v2\/posts\/2042212\/revisions"}],"predecessor-version":[{"id":2043709,"href":"https:\/\/exindex.hu\/hu\/wp-json\/wp\/v2\/posts\/2042212\/revisions\/2043709"}],"wp:featuredmedia":[{"embeddable":true,"href":"https:\/\/exindex.hu\/hu\/wp-json\/wp\/v2\/media\/2042218"}],"wp:attachment":[{"href":"https:\/\/exindex.hu\/hu\/wp-json\/wp\/v2\/media?parent=2042212"}],"wp:term":[{"taxonomy":"category","embeddable":true,"href":"https:\/\/exindex.hu\/hu\/wp-json\/wp\/v2\/categories?post=2042212"},{"taxonomy":"post_tag","embeddable":true,"href":"https:\/\/exindex.hu\/hu\/wp-json\/wp\/v2\/tags?post=2042212"}],"curies":[{"name":"wp","href":"https:\/\/api.w.org\/{rel}","templated":true}]}}