{"id":2042941,"date":"2025-10-31T15:30:49","date_gmt":"2025-10-31T14:30:49","guid":{"rendered":"https:\/\/exindex.hu\/?p=2042941"},"modified":"2026-01-26T17:23:46","modified_gmt":"2026-01-26T16:23:46","slug":"longtermhandstand-palazzo","status":"publish","type":"post","link":"https:\/\/exindex.hu\/hu\/hirek\/longtermhandstand-palazzo\/","title":{"rendered":"Longtermhandstand Palazzo"},"content":{"rendered":"<p><a href=\"https:\/\/exindex.hu\/wp-content\/uploads\/palazzo.jpg\"><img loading=\"lazy\" decoding=\"async\" class=\"aligncenter size-large wp-image-2042944\" src=\"https:\/\/exindex.hu\/wp-content\/uploads\/palazzo-1200x624.jpg\" alt=\"\" width=\"900\" height=\"468\" srcset=\"https:\/\/exindex.hu\/wp-content\/uploads\/palazzo-1200x624.jpg 1200w, https:\/\/exindex.hu\/wp-content\/uploads\/palazzo-360x187.jpg 360w, https:\/\/exindex.hu\/wp-content\/uploads\/palazzo-768x399.jpg 768w, https:\/\/exindex.hu\/wp-content\/uploads\/palazzo-1536x799.jpg 1536w, https:\/\/exindex.hu\/wp-content\/uploads\/palazzo.jpg 2048w\" sizes=\"auto, (max-width: 900px) 100vw, 900px\" \/><\/a>2025. november 1. (szombat) 20.00<br \/>\r\nPalazzo Permanens (Budapest VII. Dob utca 57.)<\/p>\r\n<p>A Longtermhandstand \u00faj fejezetet nyit. \u201ePalazzo\u201d n\u00e9vre keresztelt \u00faj helysz\u00edn\u00fcnk \u00e9jszakai kort\u00e1rs gal\u00e9riak\u00e9nt mutatkozik be a Palazzo Permanensben, amely a legend\u00e1s F\u00e9szek M\u0171v\u00e9szklub tereit \u00e9leszti \u00fajj\u00e1.<\/p>\r\n<p>A nyit\u00f3ki\u00e1ll\u00edt\u00e1son L\u0151rincz \u00c1ron leg\u00fajabb munk\u00e1j\u00e1val tal\u00e1lkozhat a k\u00f6z\u00f6ns\u00e9g.<\/p>\r\n<p>A kiallit\u00e1s l\u00e1togathat\u00f3: 2026. janu\u00e1r 25-ig<br \/>\r\nNyitvatart\u00e1s: cs\u00fct\u00f6rt\u00f6k-szombat 18:00-05:00<\/p>","protected":false},"excerpt":{"rendered":"<p>2025. november 1. (szombat) 20.00 Palazzo Permanens (Budapest VII. Dob utca 57.) A Longtermhandstand \u00faj fejezetet nyit. \u201ePalazzo\u201d n\u00e9vre keresztelt \u00faj helysz\u00edn\u00fcnk \u00e9jszakai kort\u00e1rs gal\u00e9riak\u00e9nt mutatkozik be a Palazzo Permanensben, amely a legend\u00e1s F\u00e9szek M\u0171v\u00e9szklub tereit \u00e9leszti \u00fajj\u00e1. A nyit\u00f3ki\u00e1ll\u00edt\u00e1son L\u0151rincz \u00c1ron leg\u00fajabb munk\u00e1j\u00e1val tal\u00e1lkozhat a k\u00f6z\u00f6ns\u00e9g. A kiallit\u00e1s l\u00e1togathat\u00f3: 2026. janu\u00e1r 25-ig Nyitvatart\u00e1s: cs\u00fct\u00f6rt\u00f6k-szombat [&hellip;]<\/p>\n","protected":false},"author":2,"featured_media":2042944,"parent":0,"comment_status":"closed","ping_status":"closed","sticky":false,"template":"","format":"standard","meta":{"_acf_changed":false,"footnotes":""},"categories":[3],"tags":[],"class_list":["post-2042941","post","type-post","status-publish","format-standard","has-post-thumbnail","hentry","category-hirek"],"acf":[],"_links":{"self":[{"href":"https:\/\/exindex.hu\/hu\/wp-json\/wp\/v2\/posts\/2042941","targetHints":{"allow":["GET"]}}],"collection":[{"href":"https:\/\/exindex.hu\/hu\/wp-json\/wp\/v2\/posts"}],"about":[{"href":"https:\/\/exindex.hu\/hu\/wp-json\/wp\/v2\/types\/post"}],"author":[{"embeddable":true,"href":"https:\/\/exindex.hu\/hu\/wp-json\/wp\/v2\/users\/2"}],"replies":[{"embeddable":true,"href":"https:\/\/exindex.hu\/hu\/wp-json\/wp\/v2\/comments?post=2042941"}],"version-history":[{"count":2,"href":"https:\/\/exindex.hu\/hu\/wp-json\/wp\/v2\/posts\/2042941\/revisions"}],"predecessor-version":[{"id":2044999,"href":"https:\/\/exindex.hu\/hu\/wp-json\/wp\/v2\/posts\/2042941\/revisions\/2044999"}],"wp:featuredmedia":[{"embeddable":true,"href":"https:\/\/exindex.hu\/hu\/wp-json\/wp\/v2\/media\/2042944"}],"wp:attachment":[{"href":"https:\/\/exindex.hu\/hu\/wp-json\/wp\/v2\/media?parent=2042941"}],"wp:term":[{"taxonomy":"category","embeddable":true,"href":"https:\/\/exindex.hu\/hu\/wp-json\/wp\/v2\/categories?post=2042941"},{"taxonomy":"post_tag","embeddable":true,"href":"https:\/\/exindex.hu\/hu\/wp-json\/wp\/v2\/tags?post=2042941"}],"curies":[{"name":"wp","href":"https:\/\/api.w.org\/{rel}","templated":true}]}}