{"id":2046385,"date":"2026-03-09T15:45:26","date_gmt":"2026-03-09T14:45:26","guid":{"rendered":"https:\/\/exindex.hu\/?p=2046385"},"modified":"2026-04-20T18:00:40","modified_gmt":"2026-04-20T17:00:40","slug":"w-setup-ignore-my-bird","status":"publish","type":"post","link":"https:\/\/exindex.hu\/hu\/hirek\/w-setup-ignore-my-bird\/","title":{"rendered":"W setup? (ignore my bird)"},"content":{"rendered":"<div style=\"width: 900px;\" class=\"wp-video\"><video class=\"wp-video-shortcode\" id=\"video-2046385-1\" width=\"900\" height=\"506\" preload=\"metadata\" controls=\"controls\"><source type=\"video\/mp4\" src=\"https:\/\/exindex.hu\/wp-content\/uploads\/patika.mp4?_=1\" \/><a href=\"https:\/\/exindex.hu\/wp-content\/uploads\/patika.mp4\">https:\/\/exindex.hu\/wp-content\/uploads\/patika.mp4<\/a><\/video><\/div>\r\n<p>&nbsp;<\/p>\r\n<p>2026.03.11. &#8211; 04.21.<br \/>\r\nPatika (Budapest V. K\u00e9p\u00edr\u00f3 utca 6.)<\/p>\r\n<p>Megnyit\u00f3: 2026. 03. 10. (kedd) 19:00 \u00f3ra<br \/>\r\nMegnyit\u00f3 performance: conceptual drive-by (eden_jeneses, Omon Wynfryth)<br \/>\r\nZene: Alley Catss<\/p>\r\n<p>T\u00e1rlatvezet\u00e9s: 2026.03.27. (p\u00e9ntek) 19:00<br \/>\r\nA t\u00e1rlatvezet\u00e9st Szegedy-Masz\u00e1k Zolt\u00e1n k\u00e9pz\u0151m\u0171v\u00e9sz tartja a ki\u00e1ll\u00edt\u00f3 m\u0171v\u00e9szekkel, Kov\u00e1cs M\u00e1t\u00e9val \u00e9s Tihanyi \u00c1ronnal.<\/p>\r\n<p>Kur\u00e1torok: Kortmann-J\u00e1ray Katalin, Szab\u00f3 N\u00f3ra<\/p>\r\n<p>A kommunik\u00e1ci\u00f3s technol\u00f3gi\u00e1k fejl\u0151d\u00e9s\u00e9t Vil\u00e9m Flusser az egyre nagyobb absztrakci\u00f3 fel\u00e9 val\u00f3 elmozdul\u00e1sk\u00e9nt \u00edrja le: a k\u00f6zvetlen term\u00e9szeti tapasztal\u00e1st\u00f3l elindulva el\u0151sz\u00f6r a k\u00e9pek, majd az \u00edrott jelek, v\u00e9g\u00fcl a digit\u00e1lis rendszerek logikai strukt\u00far\u00e1i alak\u00edtott\u00e1k \u00e1t a val\u00f3s\u00e1g reprezent\u00e1ci\u00f3j\u00e1t. A digitalit\u00e1s ugyanakkor nem az anyagt\u00f3l val\u00f3 elszakad\u00e1s \u00e1llapot\u00e1t jelenti, val\u00f3s\u00e1ga m\u00e9lyen a materialit\u00e1sba \u00e1gyaz\u00f3dik: szerverekbe, ritkaf\u00f6ldf\u00e9mekbe, fizikai testekbe \u00e9s terekbe, a testi jelenl\u00e9t \u00e9s a szellemi munkav\u00e9gz\u00e9s anyagi infrastrukt\u00far\u00e1j\u00e1ba, amelyen bel\u00fcl a hozz\u00e1f\u00e9r\u00e9s m\u00e9rt\u00e9ke t\u00e1rsadalmi poz\u00edci\u00f3k \u00e9s hierarchikus viszonyok alak\u00edt\u00f3 t\u00e9nyez\u0151j\u00e9v\u00e9 v\u00e1lik.<\/p>\r\n<p>Arthur C. Clarke szerint a kell\u0151en fejlett technol\u00f3gia megk\u00fcl\u00f6nb\u00f6ztethetetlen a m\u00e1gi\u00e1t\u00f3l. Ez a kijelent\u00e9s nem puszt\u00e1n a technol\u00f3giai fejl\u0151d\u00e9s fok\u00e1ra utal, hanem a mindezzel \u00f6sszef\u00fcgg\u0151 \u00e9szlel\u00e9si \u00e9s m\u0171k\u00f6d\u00e9si strukt\u00far\u00e1k viszony\u00e1nak \u00e1talakul\u00e1s\u00e1ra is. A technol\u00f3gia \u201em\u00e1gikus\u201d \u00e9rzete azonban nem kiz\u00e1r\u00f3lag ebb\u0151l fakad: a m\u0171k\u00f6d\u00e9si mechanizmusok struktur\u00e1lis \u00e9s infrastruktur\u00e1lis elrejtetts\u00e9ge is meghat\u00e1roz\u00f3 szerepet j\u00e1tszik benne.<\/p>\r\n<p>A gal\u00e9ria ter\u00e9t megnyit\u00f3 du\u00f3 munk\u00e1i eset\u00e9ben a t\u00e1gan \u00e9rtelmezett interf\u00e9sz nem csup\u00e1n kezel\u0151fel\u00fcletk\u00e9nt jelenik meg, hanem g\u00e9ptestek, burkok, bor\u00edt\u00e1sok \u00e9s hordoz\u00f3k \u00f6sszess\u00e9gek\u00e9nt. A k\u00fcl\u00f6nb\u00f6z\u0151 fed\u0151r\u00e9tegek \u00e1talakul\u00e1sai a digit\u00e1lis technol\u00f3gi\u00e1k \u00e1ltal form\u00e1lt kultur\u00e1lis viszonyokra reflekt\u00e1lnak.<\/p>\r\n<p>Mik\u00f6zben Kov\u00e1cs M\u00e1t\u00e9 Sehnsucht und Weltschmerz install\u00e1ci\u00f3ja technoromantikus megvil\u00e1g\u00edt\u00e1sban az emberi k\u00f6z\u00f6ss\u00e9g \u00e9s a vil\u00e1g eszm\u00e9nyi egys\u00e9g\u00e9t helyre\u00e1ll\u00edt\u00f3 digit\u00e1lis h\u00e1l\u00f3zat \u00edg\u00e9rete ut\u00e1ni v\u00e1gyakoz\u00e1st id\u00e9zi meg, addig Tihanyi \u00c1ron a digit\u00e1lis szf\u00e9ra \u00e1ltal eredm\u00e9nyezett elidegened\u00e9s \u00e9s a technol\u00f3giai rendszerek l\u00e1tsz\u00f3lagos k\u00f6zels\u00e9ge m\u00f6g\u00f6tt m\u0171k\u00f6d\u0151 rejtett strukt\u00far\u00e1k t\u00e1vols\u00e1g\u00e1t az akt\u00edv r\u00e9szv\u00e9teli jelenl\u00e9t \u00e9s a rendszerbe val\u00f3 bel\u00e9p\u00e9s, illetve beavatkoz\u00e1s lehet\u0151s\u00e9g\u00e9nek megteremt\u00e9s\u00e9vel oldja fel.<\/p>","protected":false},"excerpt":{"rendered":"<p>&nbsp; 2026.03.11. &#8211; 04.21. Patika (Budapest V. K\u00e9p\u00edr\u00f3 utca 6.) Megnyit\u00f3: 2026. 03. 10. (kedd) 19:00 \u00f3ra Megnyit\u00f3 performance: conceptual drive-by (eden_jeneses, Omon Wynfryth) Zene: Alley Catss T\u00e1rlatvezet\u00e9s: 2026.03.27. (p\u00e9ntek) 19:00 A t\u00e1rlatvezet\u00e9st Szegedy-Masz\u00e1k Zolt\u00e1n k\u00e9pz\u0151m\u0171v\u00e9sz tartja a ki\u00e1ll\u00edt\u00f3 m\u0171v\u00e9szekkel, Kov\u00e1cs M\u00e1t\u00e9val \u00e9s Tihanyi \u00c1ronnal. Kur\u00e1torok: Kortmann-J\u00e1ray Katalin, Szab\u00f3 N\u00f3ra A kommunik\u00e1ci\u00f3s technol\u00f3gi\u00e1k fejl\u0151d\u00e9s\u00e9t Vil\u00e9m [&hellip;]<\/p>\n","protected":false},"author":2,"featured_media":2046391,"parent":0,"comment_status":"closed","ping_status":"closed","sticky":false,"template":"","format":"standard","meta":{"_acf_changed":false,"footnotes":""},"categories":[3],"tags":[],"class_list":["post-2046385","post","type-post","status-publish","format-standard","has-post-thumbnail","hentry","category-hirek"],"acf":[],"_links":{"self":[{"href":"https:\/\/exindex.hu\/hu\/wp-json\/wp\/v2\/posts\/2046385","targetHints":{"allow":["GET"]}}],"collection":[{"href":"https:\/\/exindex.hu\/hu\/wp-json\/wp\/v2\/posts"}],"about":[{"href":"https:\/\/exindex.hu\/hu\/wp-json\/wp\/v2\/types\/post"}],"author":[{"embeddable":true,"href":"https:\/\/exindex.hu\/hu\/wp-json\/wp\/v2\/users\/2"}],"replies":[{"embeddable":true,"href":"https:\/\/exindex.hu\/hu\/wp-json\/wp\/v2\/comments?post=2046385"}],"version-history":[{"count":5,"href":"https:\/\/exindex.hu\/hu\/wp-json\/wp\/v2\/posts\/2046385\/revisions"}],"predecessor-version":[{"id":2047684,"href":"https:\/\/exindex.hu\/hu\/wp-json\/wp\/v2\/posts\/2046385\/revisions\/2047684"}],"wp:featuredmedia":[{"embeddable":true,"href":"https:\/\/exindex.hu\/hu\/wp-json\/wp\/v2\/media\/2046391"}],"wp:attachment":[{"href":"https:\/\/exindex.hu\/hu\/wp-json\/wp\/v2\/media?parent=2046385"}],"wp:term":[{"taxonomy":"category","embeddable":true,"href":"https:\/\/exindex.hu\/hu\/wp-json\/wp\/v2\/categories?post=2046385"},{"taxonomy":"post_tag","embeddable":true,"href":"https:\/\/exindex.hu\/hu\/wp-json\/wp\/v2\/tags?post=2046385"}],"curies":[{"name":"wp","href":"https:\/\/api.w.org\/{rel}","templated":true}]}}