{"id":2047033,"date":"2026-03-31T16:28:58","date_gmt":"2026-03-31T15:28:58","guid":{"rendered":"https:\/\/exindex.hu\/?p=2047033"},"modified":"2026-04-20T18:11:15","modified_gmt":"2026-04-20T17:11:15","slug":"el-hassan-roza-a-vizgyujto-ezer-konnycsepp","status":"publish","type":"post","link":"https:\/\/exindex.hu\/hu\/hirek\/el-hassan-roza-a-vizgyujto-ezer-konnycsepp\/","title":{"rendered":"El-Hassan R\u00f3za: A v\u00edzgy\u0171jt\u0151 \/ Ezer k\u00f6nnycsepp"},"content":{"rendered":"<p><a href=\"https:\/\/exindex.hu\/wp-content\/uploads\/e-hr.jpg\"><img loading=\"lazy\" decoding=\"async\" class=\"aligncenter size-full wp-image-2047036\" src=\"https:\/\/exindex.hu\/wp-content\/uploads\/e-hr.jpg\" alt=\"\" width=\"928\" height=\"454\" srcset=\"https:\/\/exindex.hu\/wp-content\/uploads\/e-hr.jpg 928w, https:\/\/exindex.hu\/wp-content\/uploads\/e-hr-360x176.jpg 360w, https:\/\/exindex.hu\/wp-content\/uploads\/e-hr-768x376.jpg 768w\" sizes=\"auto, (max-width: 928px) 100vw, 928px\" \/><\/a><\/p>\r\n<p>2026. \u00e1prilis 1. &#8211; 19.<br \/>\r\nBudapest IX. <a href=\"https:\/\/share.google\/1EB5yyCwJ4wJkGZYj\" target=\"_blank\" rel=\"noopener\">Kerekerd\u0151 park<\/a><\/p>\r\n<p>Megnyit\u00f3: 20026. \u00e1prilis 1. 15.00<\/p>\r\n<p>A szobor a v\u00edz \u00e9rt\u00e9k\u00e9re h\u00edvja fel a figyelmet \u00e9s egyben po\u00e9tikus, meditat\u00edv m\u0171t\u00e1rgy is sz\u00e1mos \u00e9rtelmez\u00e9si lehet\u0151s\u00e9ggel.<\/p>\r\n<p>Az install\u00e1ci\u00f3 meditat\u00edv nyugalmat sugall, mert a v\u00edzgy\u0171jt\u0151b\u0151l lassan csepeg a v\u00edz a figura kez\u00e9re. A v\u00edz lefel\u00e9 folyik, csepeg a medence form\u00e1j\u00fa m\u0171k\u0151alakzatba \u00e9s azon bel\u00fcl a n\u00f6v\u00e9nyeket \u00f6nt\u00f6zi. A szobor felett l\u00e9v\u0151 v\u00edzgy\u0171jt\u0151 egy f\u00e9mlemezb\u0151l k\u00e9sz\u00fclt es\u0151v\u00edzgy\u0171jt\u0151 t\u00f6lcs\u00e9r.<\/p>\r\n<p>K\u00fcl\u00f6n\u00f6s, figyelemfelh\u00edv\u00f3 jelent\u0151s\u00e9get ad a szobornak a k\u00f6zelg\u0151 asz\u00e1ly.<\/p>\r\n<p><a href=\"https:\/\/exindex.hu\/wp-content\/uploads\/20260401_153804-scaled.jpg\"><img loading=\"lazy\" decoding=\"async\" class=\"aligncenter size-large wp-image-2047051\" src=\"https:\/\/exindex.hu\/wp-content\/uploads\/20260401_153804-785x1200.jpg\" alt=\"\" width=\"785\" height=\"1200\" srcset=\"https:\/\/exindex.hu\/wp-content\/uploads\/20260401_153804-785x1200.jpg 785w, https:\/\/exindex.hu\/wp-content\/uploads\/20260401_153804-235x360.jpg 235w, https:\/\/exindex.hu\/wp-content\/uploads\/20260401_153804-768x1174.jpg 768w, https:\/\/exindex.hu\/wp-content\/uploads\/20260401_153804-1005x1536.jpg 1005w, https:\/\/exindex.hu\/wp-content\/uploads\/20260401_153804-1339x2048.jpg 1339w, https:\/\/exindex.hu\/wp-content\/uploads\/20260401_153804-scaled.jpg 1674w\" sizes=\"auto, (max-width: 785px) 100vw, 785px\" \/><\/a><\/p>","protected":false},"excerpt":{"rendered":"<p>2026. \u00e1prilis 1. &#8211; 19. Budapest IX. Kerekerd\u0151 park Megnyit\u00f3: 20026. \u00e1prilis 1. 15.00 A szobor a v\u00edz \u00e9rt\u00e9k\u00e9re h\u00edvja fel a figyelmet \u00e9s egyben po\u00e9tikus, meditat\u00edv m\u0171t\u00e1rgy is sz\u00e1mos \u00e9rtelmez\u00e9si lehet\u0151s\u00e9ggel. Az install\u00e1ci\u00f3 meditat\u00edv nyugalmat sugall, mert a v\u00edzgy\u0171jt\u0151b\u0151l lassan csepeg a v\u00edz a figura kez\u00e9re. A v\u00edz lefel\u00e9 folyik, csepeg a medence form\u00e1j\u00fa [&hellip;]<\/p>\n","protected":false},"author":2,"featured_media":2047036,"parent":0,"comment_status":"closed","ping_status":"closed","sticky":false,"template":"","format":"standard","meta":{"_acf_changed":false,"footnotes":""},"categories":[3],"tags":[],"class_list":["post-2047033","post","type-post","status-publish","format-standard","has-post-thumbnail","hentry","category-hirek"],"acf":[],"_links":{"self":[{"href":"https:\/\/exindex.hu\/hu\/wp-json\/wp\/v2\/posts\/2047033","targetHints":{"allow":["GET"]}}],"collection":[{"href":"https:\/\/exindex.hu\/hu\/wp-json\/wp\/v2\/posts"}],"about":[{"href":"https:\/\/exindex.hu\/hu\/wp-json\/wp\/v2\/types\/post"}],"author":[{"embeddable":true,"href":"https:\/\/exindex.hu\/hu\/wp-json\/wp\/v2\/users\/2"}],"replies":[{"embeddable":true,"href":"https:\/\/exindex.hu\/hu\/wp-json\/wp\/v2\/comments?post=2047033"}],"version-history":[{"count":4,"href":"https:\/\/exindex.hu\/hu\/wp-json\/wp\/v2\/posts\/2047033\/revisions"}],"predecessor-version":[{"id":2047696,"href":"https:\/\/exindex.hu\/hu\/wp-json\/wp\/v2\/posts\/2047033\/revisions\/2047696"}],"wp:featuredmedia":[{"embeddable":true,"href":"https:\/\/exindex.hu\/hu\/wp-json\/wp\/v2\/media\/2047036"}],"wp:attachment":[{"href":"https:\/\/exindex.hu\/hu\/wp-json\/wp\/v2\/media?parent=2047033"}],"wp:term":[{"taxonomy":"category","embeddable":true,"href":"https:\/\/exindex.hu\/hu\/wp-json\/wp\/v2\/categories?post=2047033"},{"taxonomy":"post_tag","embeddable":true,"href":"https:\/\/exindex.hu\/hu\/wp-json\/wp\/v2\/tags?post=2047033"}],"curies":[{"name":"wp","href":"https:\/\/api.w.org\/{rel}","templated":true}]}}