{"id":2047996,"date":"2026-04-27T16:27:38","date_gmt":"2026-04-27T15:27:38","guid":{"rendered":"https:\/\/exindex.hu\/?p=2047996"},"modified":"2026-04-27T16:27:38","modified_gmt":"2026-04-27T15:27:38","slug":"emleknyomatok","status":"publish","type":"post","link":"https:\/\/exindex.hu\/hu\/hirek\/emleknyomatok\/","title":{"rendered":"Eml\u00e9knyomatok"},"content":{"rendered":"<p><a href=\"https:\/\/exindex.hu\/wp-content\/uploads\/cedric-2.jpg\"><img loading=\"lazy\" decoding=\"async\" class=\"aligncenter size-large wp-image-2048002\" src=\"https:\/\/exindex.hu\/wp-content\/uploads\/cedric-2-900x1200.jpg\" alt=\"\" width=\"900\" height=\"1200\" \/><\/a><\/p>\r\n<div class=\"moz-text-html\" lang=\"x-unicode\">\r\n<div dir=\"ltr\">\r\n<div>2026.04.27 \u2013 05.16.<\/div>\r\n<div class=\"gmail-xdj266r gmail-x14z9mp gmail-xat24cr gmail-x1lziwak gmail-x1vvkbs\">Buda Collection (Budapest II. Margit k\u00f6r\u00fat 36.)<br \/>\r\nA Budapest Photo Festival -BPF keret\u00e9ben<\/div>\r\n<div class=\"gmail-xdj266r gmail-x14z9mp gmail-xat24cr gmail-x1lziwak gmail-x1vvkbs\">\u00a0<\/div>\r\n<div class=\"gmail-x14z9mp gmail-xat24cr gmail-x1lziwak gmail-x1vvkbs gmail-xtlvy1s\">Megnyit\u00f3: 2026.04.28. 18:00<\/div>\r\n<div class=\"gmail-x14z9mp gmail-xat24cr gmail-x1lziwak gmail-x1vvkbs gmail-xtlvy1s\">Lowack Bal\u00e1zs, az MNG restaur\u00e1tora nyitja meg a ki\u00e1ll\u00edt\u00e1st<\/div>\r\n<div class=\"gmail-x14z9mp gmail-xat24cr gmail-x1lziwak gmail-x1vvkbs gmail-xtlvy1s\">\u00a0<\/div>\r\n<div class=\"gmail-x14z9mp gmail-xat24cr gmail-x1lziwak gmail-x1vvkbs gmail-xtlvy1s\">Cedric af Geijersstam ki\u00e1ll\u00edt\u00e1sa t\u00f6rt\u00e9netekb\u0151l sz\u00fcletett k\u00e9pek v\u00e1logat\u00e1sa: elkapott pillanatok, vizu\u00e1lis jegyzetek, szem\u00e9lyes narrat\u00edv\u00e1k. A fot\u00f3k nem csup\u00e1n dokument\u00e1lnak, hanem \u00e9rz\u00e9seket, gondolatokat \u00e9s bels\u0151 monol\u00f3gokat id\u00e9znek meg. Intim, m\u00e9gis nyitott k\u00e9pi vil\u00e1g, ahol a n\u00e9z\u0151 saj\u00e1t t\u00f6rt\u00e9netei is helyet kapnak.<\/div>\r\n<\/div>\r\n<\/div>","protected":false},"excerpt":{"rendered":"<p>2026.04.27 \u2013 05.16. Buda Collection (Budapest II. Margit k\u00f6r\u00fat 36.) A Budapest Photo Festival -BPF keret\u00e9ben \u00a0 Megnyit\u00f3: 2026.04.28. 18:00 Lowack Bal\u00e1zs, az MNG restaur\u00e1tora nyitja meg a ki\u00e1ll\u00edt\u00e1st \u00a0 Cedric af Geijersstam ki\u00e1ll\u00edt\u00e1sa t\u00f6rt\u00e9netekb\u0151l sz\u00fcletett k\u00e9pek v\u00e1logat\u00e1sa: elkapott pillanatok, vizu\u00e1lis jegyzetek, szem\u00e9lyes narrat\u00edv\u00e1k. A fot\u00f3k nem csup\u00e1n dokument\u00e1lnak, hanem \u00e9rz\u00e9seket, gondolatokat \u00e9s bels\u0151 monol\u00f3gokat [&hellip;]<\/p>\n","protected":false},"author":2,"featured_media":2048002,"parent":0,"comment_status":"closed","ping_status":"closed","sticky":false,"template":"","format":"standard","meta":{"_acf_changed":false,"footnotes":""},"categories":[3],"tags":[],"class_list":["post-2047996","post","type-post","status-publish","format-standard","has-post-thumbnail","hentry","category-hirek"],"acf":[],"_links":{"self":[{"href":"https:\/\/exindex.hu\/hu\/wp-json\/wp\/v2\/posts\/2047996","targetHints":{"allow":["GET"]}}],"collection":[{"href":"https:\/\/exindex.hu\/hu\/wp-json\/wp\/v2\/posts"}],"about":[{"href":"https:\/\/exindex.hu\/hu\/wp-json\/wp\/v2\/types\/post"}],"author":[{"embeddable":true,"href":"https:\/\/exindex.hu\/hu\/wp-json\/wp\/v2\/users\/2"}],"replies":[{"embeddable":true,"href":"https:\/\/exindex.hu\/hu\/wp-json\/wp\/v2\/comments?post=2047996"}],"version-history":[{"count":1,"href":"https:\/\/exindex.hu\/hu\/wp-json\/wp\/v2\/posts\/2047996\/revisions"}],"predecessor-version":[{"id":2048005,"href":"https:\/\/exindex.hu\/hu\/wp-json\/wp\/v2\/posts\/2047996\/revisions\/2048005"}],"wp:featuredmedia":[{"embeddable":true,"href":"https:\/\/exindex.hu\/hu\/wp-json\/wp\/v2\/media\/2048002"}],"wp:attachment":[{"href":"https:\/\/exindex.hu\/hu\/wp-json\/wp\/v2\/media?parent=2047996"}],"wp:term":[{"taxonomy":"category","embeddable":true,"href":"https:\/\/exindex.hu\/hu\/wp-json\/wp\/v2\/categories?post=2047996"},{"taxonomy":"post_tag","embeddable":true,"href":"https:\/\/exindex.hu\/hu\/wp-json\/wp\/v2\/tags?post=2047996"}],"curies":[{"name":"wp","href":"https:\/\/api.w.org\/{rel}","templated":true}]}}