{"id":2048008,"date":"2026-04-27T22:15:38","date_gmt":"2026-04-27T21:15:38","guid":{"rendered":"https:\/\/exindex.hu\/?p=2048008"},"modified":"2026-04-27T22:24:22","modified_gmt":"2026-04-27T21:24:22","slug":"a-fiatal-generaciok-es-a-90-es-evekben-alkotok-kozott-erzek-egy-legures-teret","status":"publish","type":"post","link":"https:\/\/exindex.hu\/hu\/interju\/a-fiatal-generaciok-es-a-90-es-evekben-alkotok-kozott-erzek-egy-legures-teret\/","title":{"rendered":"\u201cA fiatal gener\u00e1ci\u00f3k \u00e9s a \u201890-es \u00e9vekben alkot\u00f3k k\u00f6z\u00f6tt \u00e9rzek egy l\u00e9g\u00fcres teret\u201d"},"content":{"rendered":"<p>Nagy Gabriella (1965) festm\u00e9nyeire jellemz\u0151 a term\u00e9szeti mot\u00edvumok \u2013 t\u00e1j-\u00e9s erd\u0151r\u00e9szletek, az \u00e1llatok \u00e9s rovarok \u2013 fizikailag pontos, ugyanakkor sz\u00fcrre\u00e1lis kontextusban val\u00f3 \u00e1br\u00e1zol\u00e1sa. K\u00e9pei meditat\u00edv, gyakran melankolikus hangulat\u00faak, melyek a n\u00e9z\u0151t a term\u00e9szet \u00e9s az emberi l\u00e9lek m\u00e9lyebb, olykor nyugtalan\u00edt\u00f3 r\u00e9tegeibe vezethetik.<\/p>\r\n<p><em>Nemr\u00e9g volt a sz\u00fclet\u00e9snapod. Alkot\u00f3<\/em><em>k\u00e9nt<\/em><em> jelent-e neked valamit ez az \u00e9vfordul\u00f3, reflekt\u00e1lsz-e az id\u0151 m\u00fal\u00e1s\u00e1nak \u00e9s a munk\u00e1ss\u00e1god aktu\u00e1lis f\u00e1zis\u00e1nak a viszony\u00e1ra, vagy nyugodtan elszakadhatunk ett\u0151l a d\u00e1tumt\u00f3l?<\/em><\/p>\r\n<p>Nekem az elm\u00falt \u00e9v nem csak az \u00f6reged\u00e9sr\u0151l sz\u00f3lt, hanem egy neh\u00e9z ment\u00e1lis helyzetr\u0151l is, ami megviselt. A l\u00e1nyom tavalyi betegs\u00e9ge miatt nagyon sokat agg\u00f3dtam, borzalmas id\u0151szak volt, egyszer\u0171en nem tudtam dolgozni. Most viszont k\u00e9t anyagot festek egyszerre. Olyan, mint egy \u00e1rad\u00e1s. Az egyik t\u00e9m\u00e1m a <a href=\"https:\/\/exindex.hu\/wp-content\/uploads\/NagyGabi_Hiszen_ha_latom2017-24-scaled.jpg\" target=\"_blank\" rel=\"noopener\">f\u00e1k<\/a> meg az <a href=\"https:\/\/exindex.hu\/wp-content\/uploads\/NagyGabi_Rigok_rendben2024.jpg\" target=\"_blank\" rel=\"noopener\">erd\u0151k<\/a>, ami n\u00e1lam nagyon r\u00e9g\u00f3ta jelenl\u00e9v\u0151 f\u00f3kusz, a m\u00e1sik meg a csend\u00e9letek.\u00a0<\/p>\r\n<p>\u00dagy \u00e9rzem, hogy a sz\u00edneimnek az \u00e9l\u00e9nk\u00fcl\u00e9se, vil\u00e1gos\u00edt\u00e1sa, a t\u00e9m\u00e1k k\u00f6nnyeds\u00e9ge abb\u00f3l ad\u00f3dik, hogy r\u00e1j\u00f6ttem, nekem magamnak kell magamon seg\u00edteni. Egyszer\u0171en der\u0171sebb dolgok fel\u00e9 ford\u00edtom a figyelmemet. Elegem lett a saj\u00e1t szenved\u00e9semb\u0151l, vagy nem tudom mib\u0151l\u2026 Musz\u00e1j volt magamat kir\u00e1ngatni bel\u0151le.\u00a0<\/p>\r\n<p>Azt nem vettem \u00e9szre, hogy a sz\u00fclet\u00e9snapok m\u00fal\u00e1s\u00e1nak b\u00e1rmi jelent\u0151s\u00e9ge lenne. \u00c1ltal\u00e1ban a ki\u00e1ll\u00edt\u00e1sok szokt\u00e1k meghat\u00e1rozni azt, hogy egy alkot\u00f3i folyamat milyen intenz\u00edv \u00e9ppen. Mostan\u00e1ban nincsen tervezett ki\u00e1ll\u00edt\u00e1som, de gy\u00e1rtottam egy programot magamnak: olyan intenz\u00edven fogok dolgozni, mintha ki\u00e1ll\u00edt\u00e1sra k\u00e9sz\u00fcln\u00e9k.\u00a0<\/p>\r\n<p><em>Az utols\u00f3 csoportos ki\u00e1ll\u00edt\u00e1s, amin r\u00e9szt vett\u00e9l, 2024-ben volt, akkor, amikor megkaptad a Munk\u00e1csyt d\u00edjat. <\/em><a href=\"https:\/\/kolcseykozpont.hu\/program\/rendezett-romantika-nagy-gabriella-festomuvesz-kiallitasa\/\" target=\"_blank\" rel=\"noopener\"><em>A legut\u00f3bbi egy\u00e9nid<\/em><\/a><em> pedig ugyanabban az \u00e9vben a debreceni K\u00f6lcsey M\u0171vel\u0151d\u00e9si H\u00e1zban l\u00e9v\u0151 gal\u00e9ri\u00e1ban volt, <\/em>Rendezett romantika<em> c\u00edmmel. Err\u0151l a c\u00edmr\u0151l mondan\u00e1l valamit?\u00a0<\/em><\/p>\r\n<p>A c\u00edm a Caspar David Friedlich-f\u00e9le romantikus szeml\u00e9letm\u00f3dra val\u00f3 utal\u00e1s, amit\u0151l nem tudok szabadulni, pedig akarok, nagyon. Lassan siker\u00fcl is, de az a 2024-es debreceni ki\u00e1ll\u00edt\u00e1s m\u00e9g igaz\u00e1b\u00f3l arr\u00f3l sz\u00f3lt, b\u00e1r annak a v\u00e1logat\u00e1snak volt valami \u00f6sszegz\u0151 jellege. Amikor az ember egy nagy t\u00e9rben \u00edgy l\u00e1t egy\u00fctt egy anyagot, akkor der\u00fcl ki igaz\u00e1n, hogy melyik k\u00e9p milyen, mi az, ami ok\u00e9s; \u00e9s hogy az eg\u00e9sznek egy\u00fctt van-e mondanival\u00f3ja, f\u00f6lf\u0171zhet\u0151-e egy gondolatis\u00e1gra. \u00c1ttekintve a ki\u00e1ll\u00edt\u00e1sra kiv\u00e1logatott, addig m\u00e9g be nem mutatott anyagomat, azt l\u00e1ttam, hogy az eg\u00e9sz egyben van, m\u00e9g \u00fagy is, hogy k\u00fcl\u00f6n tematik\u00e1k \u00e9s korszakok voltak benne. Ennek az eg\u00e9sz romantikus attit\u0171dnek van ez a \u2018t\u00e1volba n\u00e9z\u00e9s\u2019 r\u00e9sze, de ami nekem a legfontosabb ebben, az maga a figyelem.\u00a0<\/p>\r\n<p><em>Tudni lehet r\u00f3lad, hogy vissza-vissza ny\u00falsz egy-egy t\u00e9m\u00e1hoz, teszel k\u00f6r\u00fcl\u00f6tt\u00fck m\u00e9g egy k\u00f6rt.\u00a0<\/em><\/p>\r\n<p>Amikor ott \u00fcl egy k\u00e9p mondjuk 15 \u00e9ve a m\u0171teremben, \u00e9s b\u00e1r \u00e9n nagyon szeretem, de nem kapcsol\u00f3dik hozz\u00e1 senki, akkor egyszer\u0171en meg\u00e9rik arra, hogy ne szomorkodjon tov\u00e1bb. \u00c9s akkor tov\u00e1bb festem. Hallottam egy interj\u00faban, hogy Anselm Kiefer m\u00e9g a m\u00fazeum ki\u00e1ll\u00edt\u00e1sai ut\u00e1n is id\u0151nk\u00e9nt tov\u00e1bbfesti a munk\u00e1it, sz\u00f3val gondoltam, hogy akkor \u00e9n is megtehetem. B\u00e1r szerintem ezzel minden fest\u0151 \u00edgy van. Egyszer\u0171en nem lehet meg\u00e1llni, hogyha l\u00e1tsz rajta valamit, ami m\u00e1r nem t\u0171nik annyira j\u00f3nak, vagy valami v\u00e1ltozott k\u00f6zben, hogy ne v\u00e1ltoztass.<\/p>\r\n<p>Mostan\u00e1ban sz\u00edneket, \u00e9l\u00e9nkebb sz\u00edneket akarok vinni a k\u00e9pekbe. Itt van ez a k\u00e9p, ennek a h\u00e1tter\u00e9t most teljesen \u00e1tfestettem, sokkal er\u0151sebbek lettek a sz\u00ednei, most pedig az el\u0151t\u00e9rben szerepl\u0151 f\u00e1kat is \u00e1t fogom festeni. Az, ahogyan festek, folyamatosan v\u00e1ltozik. Ami \u00e1lland\u00f3, hogy szeretem, amikor az ecsetvon\u00e1sok l\u00e1tszanak, meg azt is, hogyha ezek az ecsetvon\u00e1sok k\u00f6nny\u0171ek, de nem t\u00fals\u00e1gosan. \u00dagy viszonyulok hozz\u00e1, mint a kalligr\u00e1fi\u00e1hoz: hogyha nem olyanok a mozdulatok, mint amire sz\u00fcks\u00e9g van, akkor \u00fajrafestem.<\/p>\r\n<p><em>Figur\u00e1lis fest\u0151 vagy ami\u00f3ta csak dolgozol. A k\u00f6r\u00fcl\u00f6tt\u00fcnk l\u00e9v\u0151 kort\u00e1rs fest\u00e9szeti vil\u00e1g m\u00e1shogy viszonyul-e most hozz\u00e1d \u00e9s a tematik\u00e1dhoz, mint a p\u00e1ly\u00e1d kezdet\u00e9n?\u00a0<\/em><\/p>\r\n<p>A k\u00e9pz\u0151m\u0171v\u00e9szetben is vannak divatok, amik \u00fagy 20-25 \u00e9vente v\u00e1ltoznak. Amikor kiker\u00fcltem a f\u0151iskol\u00e1r\u00f3l, olyan 25 \u00e9ve, akkor nagyon divatosnak sz\u00e1m\u00edtott az, amit csin\u00e1lok. Vannak trendek, az egy\u00e9rtelm\u0171. De nagyon neh\u00e9z a trendekhez val\u00f3 viszonyul\u00e1s: \u00fagy \u00e9rzem, hogy ha nem a saj\u00e1tom, ha nem az el\u0151z\u0151 munk\u00e1mb\u00f3l fejl\u0151d\u00f6tt ki, akkor nem csin\u00e1lhatom. Ez tulajdonk\u00e9ppen korl\u00e1toz, de \u00e9n nagyon szeretek korl\u00e1tok k\u00f6z\u00f6tt dolgozni.\u00a0<\/p>\r\n<p><em>Mi tartozik m\u00e9g a legut\u00f3bbi fest\u00e9szeti f\u00e1zisodhoz a r\u00e9gebbi k\u00e9pek \u00e1tfest\u00e9se \u00e9s a sz\u00ednsk\u00e1l\u00e1n melegebbre val\u00f3 v\u00e1lt\u00e1s mellett?\u00a0<\/em><\/p>\r\n<p>Ami \u00faj, az igaz\u00e1b\u00f3l a csend\u00e9let, mert azt eddig nem festettem, b\u00e1r az el\u0151fordult, hogy egy t\u00e1jk\u00e9pet \u00fagy k\u00e9sz\u00edtettem el, hogy megfestettem az ablakon l\u00e9v\u0151 <a href=\"https:\/\/exindex.hu\/wp-content\/uploads\/NagyGabi_Szerdai_szepseg2025.jpg\" target=\"_blank\" rel=\"noopener\">rol\u00f3t<\/a>, \u00e9s \u00edgy tulajdonk\u00e9ppen m\u00e1r csend\u00e9let lett, vagyis t\u00e1jk\u00e9p maradt, de volt az el\u0151t\u00e9rben egy t\u00e1rgy. K\u00e9s\u0151bb egyre t\u00f6bb t\u00e1rgyat <a href=\"https:\/\/exindex.hu\/wp-content\/uploads\/NagyGabi_Kimerult_konyvjelzok2025.jpg\" target=\"_blank\" rel=\"noopener\">raktam be<\/a> az el\u0151t\u00e9rbe, mint hogyha az ablakban lenne, ut\u00e1na <a href=\"https:\/\/exindex.hu\/wp-content\/uploads\/NagyGabi_Muveszetet_meg_bele2024.jpg\" target=\"_blank\" rel=\"noopener\">elt\u0171nt<\/a> a h\u00e1tt\u00e9rb\u0151l a t\u00e1jk\u00e9p, \u00e9s maradt a csend\u00e9let. Sz\u00f3val nem gondoltam r\u00e1, hogy csend\u00e9letet akarok festeni, hanem egyszer\u0171en csak \u00edgy <a href=\"https:\/\/exindex.hu\/wp-content\/uploads\/NagyGabi_Onismeret2026.jpg\" target=\"_blank\" rel=\"noopener\">kialakult<\/a>. A csend\u00e9letekr\u0151l besz\u00e9lve p\u00e9ld\u00e1ul F\u00e9nyes Adolf-k\u00e9pek jutnak eszembe. \u00c9n igaz\u00e1b\u00f3l csak a csend\u00e9leteit szeretem, azok viszont m\u00e1gikus er\u0151vel vonzanak egy ideje.<\/p>\r\n<p><em>Az \u00e1llatok, amik jellegzetes m\u00f3don tartoznak a k\u00e9pi vil\u00e1godba, most egy darabig kiker\u00fclnek a k\u00e9pb\u0151l?\u00a0<\/em><\/p>\r\n<p>A madarak biztos maradnak a f\u00e1s k\u00e9peken, amiket most festek. De a csend\u00e9letekben is festettem m\u00e1r madarat, meg rovarokat, \u00fagyhogy azok is <a href=\"https:\/\/exindex.hu\/wp-content\/uploads\/NagyGabi_Nagyon_oszinte_legy2025.jpg\" target=\"_blank\" rel=\"noopener\">megmaradnak<\/a> szerepl\u0151k\u00e9nt.<\/p>\r\n<p><em>Tartod a kapcsolatot olyan fest\u0151kkel, akikkel nagyj\u00e1b\u00f3l egy id\u0151ben indult\u00e1l, egy k\u00f6rben mozogtok, ha m\u00e1sban nem, az azonos gener\u00e1ci\u00f3hoz val\u00f3 tartoz\u00e1s ok\u00e1n?\u00a0<\/em><\/p>\r\n<p>\u00c9rdekel, hogy mit csin\u00e1lnak a koll\u00e9g\u00e1k, de az is, hogy mit csin\u00e1lnak a fiatalok. Inspir\u00e1l\u00f3 tud lenni m\u00e1soknak a munk\u00e1ja olyan \u00e9rtelemben, hogy ha j\u00f3nak l\u00e1tok valamit, j\u00f3kedvem lesz t\u0151le, \u00e9s nekem is lesz kedvem dolgozni. De ink\u00e1bb a nemzetk\u00f6zi fest\u00e9szetet figyelem, azon bel\u00fcl is az amerikait, mert ott nagyon sok a figurat\u00edv fest\u00e9szet, k\u00f6vetem ottani fiatal m\u0171v\u00e9szek munk\u00e1it; id\u0151r\u0151l id\u0151re r\u00e1n\u00e9zek egyes fest\u0151kre, hogy hol tartanak. Paul Rouphail, Karyn Lyons, Neil Welliver, Alex Katz, Jenna Gribbon munk\u00e1it figyelem. Szeretem a skandin\u00e1v fest\u00e9szetet is. Meg persze Hockney-t.\u00a0<\/p>\r\n<p><em>P\u00e1lyakezd\u0151k\u00e9nt gondolt\u00e1l valaha arra, hogy hol fogsz tartani, vagy hol szeretn\u00e9l tartani annyi id\u0151sen, amennyi most vagy?\u00a0<\/em><\/p>\r\n<p>Nem. Szerettem volna a p\u00e1ly\u00e1n maradni \u2013 ennyi volt csak. Az, hogy ebb\u0151l meg tudok \u00e9lni, hogy egy\u00e1ltal\u00e1n tudom m\u0171velni ezt, az nekem m\u00e1r sikert jelent.<\/p>\r\n<p><em>Ma Magyarorsz\u00e1gon meg lehet \u00e9lni abb\u00f3l, ha valaki auton\u00f3m k\u00e9pz\u0151m\u0171v\u00e9sz?<\/em><\/p>\r\n<p>\u00c9n f\u0151leg festek, de ha megkeresnek alkalmazott m\u0171v\u00e9szeti munk\u00e1val, elv\u00e1llalom. El\u0151fordult, hogy filmekhez k\u00e9sz\u00edtettem festm\u00e9nyt, legut\u00f3bb p\u00e9ld\u00e1ul Enyedi Ildik\u00f3 filmj\u00e9hez, a Csendes bar\u00e1thoz k\u00e9sz\u00edtettem h\u00e1tteret, a film &#8217;20-as \u00e9vekben j\u00e1tsz\u00f3d\u00f3 r\u00e9sz\u00e9ben megjelen\u0151 fot\u00f3s m\u0171teremnek festettem meg a h\u00e1tter\u00e9t, egy hatalmas, igazi fot\u00f3s h\u00e1tteret, tulajdonk\u00e9ppen egy romantikus festm\u00e9nyt. Az\u00f3ta is j\u00e1r a fejemben, mert majd tov\u00e1bb akarok dolgozni vele, lehetne bel\u0151le egy festm\u00e9ny.\u00a0<\/p>\r\n<p><em>Soha nem volt olyan p\u00e9nzkeres\u0151 \u00e1ll\u00e1sod, ami nem kapcsol\u00f3dik szorosan v\u00e9ve m\u0171alkot\u00e1sok l\u00e9trehoz\u00e1s\u00e1hoz?\u00a0<\/em><\/p>\r\n<p>Portr\u00e9rajzol\u00e1s volt, ami egy nagyon kem\u00e9ny p\u00e9nzkeres\u0151 munka. T\u00edz \u00e9vig csin\u00e1ltam, a f\u0151iskola alatt, \u00e9s ut\u00e1na m\u00e9g nem is tudom h\u00e1ny \u00e9vig. Azt\u00e1n a gyereksz\u00fcl\u00e9s ut\u00e1n volt egy csom\u00f3 id\u0151, am\u00edg a f\u00e9rjemnek a fizet\u00e9s\u00e9b\u0151l \u00e9lt\u00fcnk, nem volt keresetem, \u00e9s ki\u00e1ll\u00edt\u00e1som sem volt, sz\u00f3val az az id\u0151szak nekem nagy le\u00fcl\u00e9s volt. K\u00e9s\u0151bb lettek alkalmazott munk\u00e1im, meg tan\u00edtv\u00e1nyaim is voltak.<\/p>\r\n<p><em>Hogy \u00e9rzed magad, mint k\u00f6z\u00e9pnemzed\u00e9khez tartoz\u00f3 magyar fest\u0151n\u0151?<\/em><\/p>\r\n<p>H\u00e1t \u00e9rzek egy kis \u0171rt magam k\u00f6r\u00fcl, de r\u00e9g\u00f3ta besz\u00e9lik, hogy van egy \u0171r a negyvenes, \u00f6tvenes m\u0171v\u00e9szek gener\u00e1ci\u00f3ja k\u00f6r\u00fcl. Amikor a K\u00e9pz\u0151n v\u00e9geztem, akkoriban j\u00f6ttek divatba a fiatal m\u0171v\u00e9szek, \u00e9s a kereskedelmi gal\u00e9ri\u00e1k az\u00f3ta is sz\u00edvesebben foglalkoznak vagy fiatalokkal, vagy az id\u0151sebb koroszt\u00e1lyb\u00f3l azokkal, akiknek komoly anyaga k\u00e9sz\u00fclt a &#8217;90-es \u00e9vekben. A &#8217;90-es \u00e9vek ugyanis egy ideje divatba j\u00f6tt. A Tate Modernben 2019-t\u0151l kezdve megszaporodtak azok a ki\u00e1ll\u00edt\u00e1sok, amikben olyan n\u0151i alkot\u00f3k munk\u00e1it lehetett l\u00e1tni, akik a \u201890-es \u00e9vekben voltak cs\u00facson, de az int\u00e9zm\u00e9nyi elismer\u00e9s\u00fck eg\u00e9sz addig k\u00e9sett. Divatba j\u00f6ttek az id\u0151sebb n\u0151i m\u0171v\u00e9szek, Mauer D\u00f3ra k\u00e9sei nemzetk\u00f6zi karrierje is akkor indult be. Ez a tendencia el\u00e9rt Magyarorsz\u00e1gra is. Egy ideje kifejezetten keresik a 90-es \u00e9vek anyag\u00e1t, azt, amit ki lehet \u00e1ll\u00edtani. De a fiatal gener\u00e1ci\u00f3k \u00e9s a \u201890-es \u00e9vekben alkot\u00f3k k\u00f6z\u00f6tt \u00e9rzek egy l\u00e9g\u00fcres teret.<\/p>\r\n<p><em>\u00dagy t\u0171nik, manaps\u00e1g er\u0151s elv\u00e1r\u00e1s, hogy amellett, hogy az alkot\u00f3 l\u00e9trehoz egy vizu\u00e1lis munk\u00e1t, besz\u00e9ljen is r\u00f3la.\u00a0<\/em><\/p>\r\n<p>\u00c9n sz\u00edvesen besz\u00e9lek. A k\u00f6z\u00f6ss\u00e9gi oldalra feltett k\u00e9peimhez is szoktam n\u00e9ha \u00edrni egy keveset, mert akkor sokkal jobban tudnak kapcsol\u00f3dni hozz\u00e1 az emberek. A festm\u00e9nyeimnek t\u00f6bb r\u00e9tege van, k\u00f6zt\u00fck olyan intellektu\u00e1lis aspektusok is, amikr\u0151l lehet \u00e9s amikr\u0151l sz\u00edvesen besz\u00e9lek is, mert nem felt\u00e9tlen\u00fcl j\u00f6n r\u00e1 valaki, amikor r\u00e1n\u00e9z egy k\u00e9pre, hogy ez is benne van\u2026 \u00c9s n\u00e1lam a c\u00edm is fontos, sokszor m\u00e1r az is utal valamire.\u00a0<\/p>\r\n<p><em>Szereted, ha \u00e9rtik a k\u00e9peidet? T\u00f6rekszel arra, hogy a n\u00e9z\u0151nek, aki tal\u00e1lkozik a k\u00e9peddel, legyen egy els\u0151dleges \u00e9rz\u00e9ki \u00e9lm\u00e9nye, amihez r\u00f6gt\u00f6n tud kapcsol\u00f3dni?\u00a0<\/em><\/p>\r\n<p>Az nem az \u00e9n dolgom felt\u00e9tlen\u00fcl, hogy mit v\u00e1lt ki egy m\u0171, vagy mit gondolnak r\u00f3la. \u00c9n tulajdonk\u00e9ppen magamat sz\u00f3rakoztatom, amikor beleviszek ezt-azt a k\u00e9pbe, \u00e9s azt rem\u00e9lem, hogy ez m\u00e1st is sz\u00f3rakoztat, m\u00e1r \u00fagy \u00e9rtem, intellektu\u00e1lisan. Az\u00e9rt is fontos a c\u00edmad\u00e1s, mert b\u00e1r a k\u00e9pek nem narrat\u00edvak, de k\u00f6zben annyi minden megy a fejemben, hogy abb\u00f3l egy kicsit belecsemp\u00e9szek a c\u00edmmel.\u00a0<\/p>\r\n<p><em>Mib\u0151l inspir\u00e1l\u00f3dsz?<\/em><\/p>\r\n<p>Ak\u00e1rmi lehet. Jegyzetelek is, le kell \u00edrom, mert k\u00fcl\u00f6nben elfelejtem. Sok k\u00e9pet n\u00e9zek a neten, \u00e9s az a j\u00f3 a k\u00e9pn\u00e9zeget\u00e9sekben, hogy az egy fajta lelazult agyi \u00e1llapotot hoz l\u00e9tre, \u00e9s olyankor szoktak eszembe jutni dolgok. J\u00f3ga k\u00f6zben, vagy j\u00f3ga ut\u00e1n, elalv\u00e1s el\u0151tt, \u00e9bred\u00e9skor \u00e9s k\u00e9pn\u00e9zeget\u00e9s k\u00f6zben is. Amikor az embernek kikapcsol a gondolkod\u00f3sabb fele.\u00a0<\/p>\r\n<p><em>A k\u00f6z\u00e9let bej\u00e1tszik az alkot\u00e1sba tematikailag vagy b\u00e1rmilyen m\u00f3don?<\/em><\/p>\r\n<p>Nem, nem. Egy teljes, sz\u00e1nd\u00e9kos teljes elfordul\u00e1s van ink\u00e1bb. \u00dagy ford\u00edtok h\u00e1tat, hogy persze benne vagyok, de fontosnak tartom, hogy az id\u0151m nagy r\u00e9sz\u00e9ben a figyelmemet mire ir\u00e1ny\u00edtom. Az ugyanis nagy hat\u00e1ssal van a ment\u00e1lis \u00e1llapotomra. Hogyha \u00e9n j\u00f3 \u00e1llapotban vagyok, az hat a csal\u00e1domra, \u00e9s t\u00e1gabb \u00e9rtelemben az emberekre, akikkel tal\u00e1lkozom.<\/p>\r\n<p><em>Hogy lehet fest\u0151k\u00e9nt elker\u00fclni az elmag\u00e1nyosod\u00e1st?<\/em><\/p>\r\n<p>\u00c9n nem akarom elker\u00fclni. Nagyon szeretek egyed\u00fcl lenni. El\u00e9g mag\u00e1nyos m\u00f3don nyomtam le az eddigi 25 \u00e9vet, enn\u00e9l sokkal t\u00f6bbet kellett volna szakmailag mozogni, szakmai bar\u00e1ts\u00e1gokat tartani, szakmai ismerets\u00e9geket k\u00f6tni. Ezt nem j\u00f3l csin\u00e1ltam. Szeretem megmutatni a k\u00e9peimet, szeretem, hogyha kapok visszajelz\u00e9st, erre is haszn\u00e1lom mostan\u00e1ban a k\u00f6z\u00f6ss\u00e9gi oldalakat. Am\u00fagy k\u00f6vetem m\u00e1sok posztjait, szem\u00e9lyesen kev\u00e9sb\u00e9. De szeretek olyan ki\u00e1ll\u00edt\u00e1sra menni, ahol vezet\u00e9s van az anyagban, \u00e9s a m\u0171v\u00e9szek besz\u00e9lnek a munk\u00e1ikr\u00f3l.<\/p>\r\n<p><em>Tartozol valamelyik kereskedelmi gal\u00e9ri\u00e1hoz?\u00a0<\/em><\/p>\r\n<p>Nem. De szeretn\u00e9k. A k\u00e9tezres \u00e9vek elej\u00e9n, az indul\u00e1som ut\u00e1n nem sokkal nyertem a Strabagon, \u00e9s akkor hirtelen nagyon sok helyen ki\u00e1ll\u00edtottak, meg akkor ker\u00fcltem be a Szal\u00f3kyhoz. Azt\u00e1n Moln\u00e1r Anival dolgoztam egy ideig, de nem akartam vele \u00e1lland\u00f3 szerz\u0151d\u00e9st k\u00f6tni, mert akkor volt egy dealerem, mostanra pedig Ani m\u00e1r m\u00e1s ir\u00e1nyba ment.<\/p>\r\n<p><em>Mi az, ami a legjobban hi\u00e1nyzik az alkot\u00f3i l\u00e9tedb\u0151l mostan\u00e1ban?<\/em><\/p>\r\n<p>Most \u00e9ppen egy ki\u00e1ll\u00edt\u00e1s. Meg egy kereskedelmi karrier is.<\/p>\r\n<p><em>A m\u0171v\u00e9szeti k\u00f6z\u00e9letr\u0151l m\u00e9g k\u00e9rdezhetlek? Hogy \u00e9rz\u00e9keled, milyennek l\u00e1tod azt a szelet\u00e9t, ami t\u00e9ged \u00e9rint, vagy amire r\u00e1l\u00e1tsz?\u00a0<\/em><\/p>\r\n<p>Ez el\u00e9g neh\u00e9z. \u00c9n igaz\u00e1b\u00f3l csak figyelem, hogy mi t\u00f6rt\u00e9nik, \u00e9s ez az outsider-\u00e1ll\u00e1spont nem mindig j\u00f3. Ezen v\u00e1ltoztatni k\u00e9ne, de m\u00e9g nem igaz\u00e1n t\u00f6rt\u00e9nt meg.\u00a0<\/p>\r\n<p><em>Nem kell felt\u00e9tlen\u00fcl <\/em><em>aktivist\u00e1nak lenni.<\/em><\/p>\r\n<p>Igen. Azt gondolom, hogyha m\u00e1r magamat nagyj\u00e1b\u00f3l rendbe rakom, akkor azzal m\u00e1r mindent megcsin\u00e1ltam, \u00e9s hogyha mindenki csak mag\u00e1t tenn\u00e9 rendbe, akkor teljesen rendben lenne az eg\u00e9sz vil\u00e1g. De nem vonom k\u00e9ts\u00e9gbe sem az aktivizmust, sem a seg\u00edt\u0151 szakm\u00e1kat. Abszol\u00fat nagyra becs\u00fcl\u00f6m ezeket, csak az \u00e9n attit\u0171d\u00f6mnek m\u00e1s felel meg, ezt \u00e9rzem \u00f6nazonosnak.<\/p>","protected":false},"excerpt":{"rendered":"<p>Nagy Gabriella (1965) festm\u00e9nyeire jellemz\u0151 a term\u00e9szeti mot\u00edvumok \u2013 t\u00e1j-\u00e9s erd\u0151r\u00e9szletek, az \u00e1llatok \u00e9s rovarok \u2013 fizikailag pontos, ugyanakkor sz\u00fcrre\u00e1lis kontextusban val\u00f3 \u00e1br\u00e1zol\u00e1sa. K\u00e9pei meditat\u00edv, gyakran melankolikus hangulat\u00faak, melyek a n\u00e9z\u0151t a term\u00e9szet \u00e9s az emberi l\u00e9lek m\u00e9lyebb, olykor nyugtalan\u00edt\u00f3 r\u00e9tegeibe vezethetik. Nemr\u00e9g volt a sz\u00fclet\u00e9snapod. Alkot\u00f3k\u00e9nt jelent-e neked valamit ez az \u00e9vfordul\u00f3, reflekt\u00e1lsz-e az [&hellip;]<\/p>\n","protected":false},"author":2,"featured_media":2048011,"parent":0,"comment_status":"closed","ping_status":"closed","sticky":false,"template":"","format":"standard","meta":{"_acf_changed":false,"footnotes":""},"categories":[5],"tags":[],"class_list":["post-2048008","post","type-post","status-publish","format-standard","has-post-thumbnail","hentry","category-interju"],"acf":[],"_links":{"self":[{"href":"https:\/\/exindex.hu\/hu\/wp-json\/wp\/v2\/posts\/2048008","targetHints":{"allow":["GET"]}}],"collection":[{"href":"https:\/\/exindex.hu\/hu\/wp-json\/wp\/v2\/posts"}],"about":[{"href":"https:\/\/exindex.hu\/hu\/wp-json\/wp\/v2\/types\/post"}],"author":[{"embeddable":true,"href":"https:\/\/exindex.hu\/hu\/wp-json\/wp\/v2\/users\/2"}],"replies":[{"embeddable":true,"href":"https:\/\/exindex.hu\/hu\/wp-json\/wp\/v2\/comments?post=2048008"}],"version-history":[{"count":3,"href":"https:\/\/exindex.hu\/hu\/wp-json\/wp\/v2\/posts\/2048008\/revisions"}],"predecessor-version":[{"id":2048044,"href":"https:\/\/exindex.hu\/hu\/wp-json\/wp\/v2\/posts\/2048008\/revisions\/2048044"}],"wp:featuredmedia":[{"embeddable":true,"href":"https:\/\/exindex.hu\/hu\/wp-json\/wp\/v2\/media\/2048011"}],"wp:attachment":[{"href":"https:\/\/exindex.hu\/hu\/wp-json\/wp\/v2\/media?parent=2048008"}],"wp:term":[{"taxonomy":"category","embeddable":true,"href":"https:\/\/exindex.hu\/hu\/wp-json\/wp\/v2\/categories?post=2048008"},{"taxonomy":"post_tag","embeddable":true,"href":"https:\/\/exindex.hu\/hu\/wp-json\/wp\/v2\/tags?post=2048008"}],"curies":[{"name":"wp","href":"https:\/\/api.w.org\/{rel}","templated":true}]}}