{"id":2048047,"date":"2026-04-28T08:35:51","date_gmt":"2026-04-28T07:35:51","guid":{"rendered":"https:\/\/exindex.hu\/?p=2048047"},"modified":"2026-04-28T08:37:19","modified_gmt":"2026-04-28T07:37:19","slug":"20-ev-tranzit-hu","status":"publish","type":"post","link":"https:\/\/exindex.hu\/hu\/hirek\/20-ev-tranzit-hu\/","title":{"rendered":"20 \u00e9v tranzit.hu"},"content":{"rendered":"<p><a href=\"https:\/\/exindex.hu\/wp-content\/uploads\/tranzit.jpg\"><img loading=\"lazy\" decoding=\"async\" class=\"aligncenter size-large wp-image-2048050\" src=\"https:\/\/exindex.hu\/wp-content\/uploads\/tranzit-1200x676.jpg\" alt=\"\" width=\"900\" height=\"507\" srcset=\"https:\/\/exindex.hu\/wp-content\/uploads\/tranzit-1200x676.jpg 1200w, https:\/\/exindex.hu\/wp-content\/uploads\/tranzit-360x203.jpg 360w, https:\/\/exindex.hu\/wp-content\/uploads\/tranzit-768x433.jpg 768w, https:\/\/exindex.hu\/wp-content\/uploads\/tranzit-1536x866.jpg 1536w, https:\/\/exindex.hu\/wp-content\/uploads\/tranzit.jpg 1920w\" sizes=\"auto, (max-width: 900px) 100vw, 900px\" \/><\/a><\/p>\r\n<div class=\"clearer left_col floater inliner\">\r\n<p class=\"hu\">2026. \u00e1prilis 29. (szerda) 14.00-20.00<br \/>\r\nJ\u00f3zsefv\u00e1rosi M\u00fazeum (1085 Budapest, J\u00f3zsef krt. 70.)<br \/>\r\n<br \/>\r\nA 2006 \u00f3ta Budapesten m\u0171k\u00f6d\u0151 tranzit.hu a kort\u00e1rs m\u0171v\u00e9szeti sz\u00ednt\u00e9r meghat\u00e1roz\u00f3 szerepl\u0151je. A szervezet diszkurz\u00edv, nem form\u00e1lis oktat\u00e1si, kutat\u00e1si \u00e9s publik\u00e1ci\u00f3s projektek l\u00e9trehoz\u00f3ja \u00e9s f\u00f3ruma, nemzetk\u00f6zi \u00e9s hazai egy\u00fcttm\u0171k\u00f6d\u00e9sek elind\u00edt\u00f3ja \u00e9s fenntart\u00f3ja. A tranzit.hu tev\u00e9kenys\u00e9g\u00e9t a transzdiszciplin\u00e1ris \u00e9s a kritikai megk\u00f6zel\u00edt\u00e9s jellemzi; az elm\u00falt k\u00e9t \u00e9vtized sor\u00e1n v\u00e1ltozatos t\u00e9m\u00e1k k\u00e9pezt\u00e9k kutat\u00e1s \u00e9s \u00e9rtelmez\u00e9s t\u00e1rgy\u00e1t mind t\u00f6rt\u00e9neti, politikai, mind t\u00e1rsadalmi \u00f6sszef\u00fcgg\u00e9sben. T\u00f6bb sz\u00e1z esem\u00e9ny, sz\u00e1mtalan egy\u00fcttm\u0171k\u00f6d\u0151, illetve r\u00e9sztvev\u0151 jelzi az elm\u00falt 20 \u00e9vet, mely id\u0151szak nagy r\u00e9sz\u00e9nek kultur\u00e1lis \u00e9let\u00e9t az elnyom\u00f3 politikai atmoszf\u00e9ra hat\u00e1rozta meg.<br \/>\r\n<br \/>\r\nA 20 \u00e9ves aktivit\u00e1shoz kapcsol\u00f3d\u00f3an 2026 folyam\u00e1n egy sor program \u00e9s esem\u00e9ny ker\u00fcl megrendez\u00e9sre, melyek alkalmat adnak a visszatekint\u00e9sre, \u00f6sszegz\u00e9sre, az aktualit\u00e1sokra val\u00f3 reflexi\u00f3ra \u00e9s a j\u00f6v\u0151 v\u00edzi\u00f3k megfogalmaz\u00e1s\u00e1ra, a tranzit.hu \u00e9s a tranzit h\u00e1l\u00f3zat lok\u00e1lis \u00e9s region\u00e1lis tev\u00e9kenys\u00e9g\u00e9re vonatkoz\u00f3an egyar\u00e1nt.<br \/>\r\n<br \/>\r\nA programsorozat els\u0151 esem\u00e9nye a <strong>20 \u00e9v tranzit.hu<\/strong> nemzetk\u00f6zi szakmai nap, melynek keret\u00e9ben nemzetk\u00f6zi szemin\u00e1riumra, performanszra, el\u0151ad\u00e1sra \u00e9s a tranzit 20+ k\u00f6tet bemutat\u00f3j\u00e1ra ker\u00fcl sor. Az alkalom k\u00f6z\u00e9p- \u00e9s kelet-eur\u00f3pai, nemzetk\u00f6zileg is akt\u00edv m\u0171v\u00e9szek, m\u0171v\u00e9szeti szakemberek, kur\u00e1torok \u00e9s kutat\u00f3k tal\u00e1lkoz\u00f3ja, melynek c\u00e9lja, hogy a megh\u00edvott r\u00e9sztvev\u0151k bemutass\u00e1k projektjeiket, kutat\u00e1saikat \u00e9s megossz\u00e1k egym\u00e1ssal n\u00e9zeteiket. Az esem\u00e9ny a f\u00fcggetlen m\u0171v\u00e9szeti \u00e9s int\u00e9zm\u00e9nyi gyakorlatok \u00fcnnepe is.<br \/>\r\n<br \/>\r\nA szakmai nap eg\u00e9sze angol nyelv\u0171. Az esem\u00e9ny ingyenes, de regisztr\u00e1ci\u00f3hoz k\u00f6t\u00f6tt. Regisztr\u00e1lni <a href=\"https:\/\/forms.gle\/Nf4Z6FBcvqm7yTQ79\" target=\"_blank\" rel=\"external noopener\">ezen form kit\u00f6lt\u00e9s\u00e9vel<\/a>\u00a0lehet\u00a0<b>\u00e1prilis 25-ig<\/b>.<br \/>\r\n<b><br \/>\r\nR\u00e9szletes program:<br \/>\r\n<\/b><br \/>\r\n<b>14.00-17.00<\/b><br \/>\r\n<i><b>A k\u00f6zt\u00e9r, mint politikai terep<br \/>\r\n<\/b><\/i><i>Nemzetk\u00f6zi szemin\u00e1rium<br \/>\r\n<\/i><br \/>\r\nAz esem\u00e9ny t\u00e9m\u00e1j\u00e1nak aktualit\u00e1s\u00e1t a tranzit.hu hamarosan indul\u00f3 k\u00f6zt\u00e9ri m\u0171v\u00e9szeti pilot projektje adja. A kezdem\u00e9nyez\u00e9s t\u00e9m\u00e1ja a m\u0171v\u00e9szet hozz\u00e1f\u00e9rhet\u0151s\u00e9ge; a pilot projekt a tranzit.hu hossz\u00fat\u00e1v\u00fa m\u0171v\u00e9szeti-oktat\u00e1si programj\u00e1nak, a Lehet\u0151s\u00e9gek tere k\u00f6z\u00f6ss\u00e9gi ter\u00e9nek sz\u0171kebb \u00e9s t\u00e1gabb k\u00f6rnyezet\u00e9b\u0151l, J\u00f3zsefv\u00e1rosb\u00f3l indul ki. A felvet\u00e9s alkalmat ad arra, hogy k\u00f6zelebbr\u0151l is megvizsg\u00e1ljuk a k\u00f6zt\u00e9ren megjelen\u0151 kort\u00e1rs m\u0171v\u00e9szeti kezdem\u00e9nyez\u00e9seket.<br \/>\r\n<br \/>\r\nA k\u00f6zt\u00e9r k\u00e9rd\u00e9se napjainkban egyre ink\u00e1bb vita t\u00e1rgy\u00e1t k\u00e9pezi; az autoriter politika, a privatiz\u00e1ci\u00f3, a spekulat\u00edv v\u00e1rosfejleszt\u00e9s \u00e9s \u2013 a legdr\u00e1maibb m\u00f3don \u2013 a h\u00e1bor\u00fa egyar\u00e1nt form\u00e1lja. A magyarorsz\u00e1gi, szlov\u00e1kiai, rom\u00e1niai, szerbiai \u00e9s ukrajnai tapasztalatok k\u00f6z\u00f6s platformra helyez\u00e9s\u00e9vel a szemin\u00e1rium azt vizsg\u00e1lja, hogy a m\u0171v\u00e9szeti \u00e9s civil kezdem\u00e9nyez\u00e9sek hogyan reag\u00e1lnak ezekre az elnyom\u00f3 helyzetekre, \u00e9s hogy a k\u00f6zt\u00e9r hogyan tud tov\u00e1bbra is a szolidarit\u00e1s, a k\u00e9pzelet \u00e9s a kollekt\u00edv cselekv\u00e9s sz\u00ednter\u00e9\u00fcl szolg\u00e1lni.<br \/>\r\n<br \/>\r\nA szemin\u00e1riumon val\u00f3 r\u00e9szv\u00e9telre a tranzit egyes\u00fcletek koll\u00e9g\u00e1it, int\u00e9zm\u00e9nyekben dolgoz\u00f3 \u00e9s f\u00fcggetlen kultur\u00e1lis szakembereket k\u00e9rt\u00fcnk fel, hogy el\u0151ad\u00e1saikban olyan projekteket mutassanak be, melyek kritikailag vizsg\u00e1lj\u00e1k a k\u00f6zt\u00e9r k\u00e9rd\u00e9s\u00e9t.<\/p>\r\n<\/div>\r\n<div class=\"right_col floater inliner\">\r\n<p class=\"hu\">14.00-14.30\u00a0<b>Hegyi D\u00f3ra<\/b>\u00a0(m\u0171v\u00e9szett\u00f6rt\u00e9n\u00e9sz, kur\u00e1tor \u2013 tranzit.hu) \u2013\u00a0<i>The Political Instrumentalisation of Public Space and Counter Actions Since 2010 in Hungary<\/i><br \/>\r\n<br \/>\r\n14.30-14.50\u00a0<b>\u00c1rva Judit<\/b>\u00a0(m\u0171v\u00e9szett\u00f6rt\u00e9n\u00e9sz, kritikus \u2013 tranzit.hu) \u2013\u00a0<i>Public (Space) Experiment: Urban Camp, an Initiative of the Space of Opportunity<\/i><br \/>\r\n<br \/>\r\n14.50-15.10\u00a0<b>Angel Judit<\/b>\u00a0(m\u0171v\u00e9szett\u00f6rt\u00e9n\u00e9sz, kur\u00e1tor \u2013 tranzit.sk) \u2013\u00a0<b>Eli\u0161ka Mazalanov\u00e1 &amp; Peter Szalay<\/b>\u00a0(m\u0171v\u00e9szett\u00f6rt\u00e9n\u00e9sz, kur\u00e1tor \u00e9s kultur\u00e1lis munk\u00e1s \/ \u00e9p\u00edt\u00e9szett\u00f6rt\u00e9n\u00e9sz \u2013 Pozsony) \u2013\u00a0<i>The City is Not the Antithesis of Nature. Lido in Bratislava: Between Terrain Vague and Downtown Expansion<\/i><br \/>\r\n<br \/>\r\n15.10-15.20 Q&amp;A<br \/>\r\n<br \/>\r\n15.20-15.40 K\u00e1v\u00e9sz\u00fcnet<br \/>\r\n<br \/>\r\n15.40-16.00\u00a0<b>Florin Bobu &amp; Livia Pancu<\/b>\u00a0(k\u00e9pz\u0151m\u0171v\u00e9sz, kur\u00e1tor \/ kur\u00e1tor \u2013 tranzit.ro \/ Ia\u0219i) \u2013\u00a0<i>Curating the Museum of Real Estate Development<\/i><br \/>\r\n<br \/>\r\n16.00-16.20\u00a0<b>Jelena Vesi\u0107<\/b>\u00a0(f\u00fcggetlen kur\u00e1tor, szerkeszt\u0151 \u00e9s el\u0151ad\u00f3 \u2013 Belgr\u00e1d) \u2013\u00a0<i>Durational Performance Against Exhaustion: The Struggle for Liveable Life on the Ruins of Capitalist Necropolis<\/i><br \/>\r\n<br \/>\r\n16.20-16.40\u00a0<b>Oksana Briukhovetska<\/b>\u00a0(k\u00e9pz\u0151m\u0171v\u00e9sz, kur\u00e1tor \u00e9s \u00edr\u00f3 \u2013 Kijiv) \u2013\u00a0<i>Grief in Public Spaces in Wartime Ukraine<\/i><br \/>\r\n<br \/>\r\n16.40-16.50 Q&amp;A<br \/>\r\n<br \/>\r\n<b>17.00-17.30<\/b>\u00a0K\u00e1v\u00e9 \u00e9s szendvics sz\u00fcnet<br \/>\r\n<br \/>\r\n<b>17.30\u201317.45<\/b><br \/>\r\nR\u00e9szv\u00e9teli performansz\u00a0<b>Koltay Dorottya Szonja<\/b>\u00a0k\u00e9pz\u0151m\u0171v\u00e9sz vezet\u00e9s\u00e9vel<br \/>\r\n<br \/>\r\n<b>18.00-18.30<br \/>\r\nEl\u0151ad\u00e1s<br \/>\r\nJunghaus T\u00edmea<\/b>\u00a0m\u0171v\u00e9szett\u00f6rt\u00e9n\u00e9sz: C<i>are Under Pressure: Feminist Strategies Against the Politics of Anxiety in Central, Eastern, and South-Eastern Europe<\/i><br \/>\r\n<br \/>\r\n<b>18.30-20.00<br \/>\r\ntranzit 20+ k\u00f6nyvbemutat\u00f3<\/b><br \/>\r\nA tranzit 20+ k\u00f6tet a tranzit.org h\u00e1l\u00f3zat \u00f6t orsz\u00e1gban \u00e9s h\u00e9t helysz\u00ednen zajl\u00f3 tev\u00e9kenys\u00e9g\u00e9t \u2013 k\u00eds\u00e9rleteket, egy\u00fcttm\u0171k\u00f6d\u00e9seket, m\u00f3dszereket \u00e9s szolidarit\u00e1si kezdem\u00e9nyez\u00e9seket \u2013 foglalja \u00f6ssze, amelyek hozz\u00e1j\u00e1rultak az elm\u00falt k\u00e9t \u00e9vtized v\u00e1ltoz\u00f3 politikai viszonyai k\u00f6z\u00f6tt a f\u00fcggetlen m\u0171v\u00e9szeti gyakorlatok fennmarad\u00e1s\u00e1hoz. K\u00f6sz\u00f6nt\u0151t mond: <b>Katrin Klingan, ERSTE Alap\u00edtv\u00e1ny<\/b><br \/>\r\n<br \/>\r\nR\u00e9sztvev\u0151k:\u00a0<b>Gad\u00f3 Fl\u00f3ra<\/b>\u00a0\u00e9s\u00a0<b>So\u00f3s Borb\u00e1la<\/b>, a k\u00f6nyv szerkeszt\u0151i,\u00a0<b>Angel Judit<\/b>,\u00a0<b>Florin Bobu \u2013 Livia Pancu<\/b>\u00a0\u00e9s\u00a0<b>Hegyi D\u00f3ra<\/b>\u00a0a tranzit.org h\u00e1l\u00f3zat k\u00e9pviselet\u00e9ben<br \/>\r\n<br \/>\r\nA tranzit.hu f\u0151 partnere az Erste Alap\u00edtv\u00e1ny.<br \/>\r\nAz esem\u00e9ny a J\u00f3zsefv\u00e1rosi M\u00fazeummal egy\u00fcttm\u0171k\u00f6d\u00e9sben val\u00f3sul meg.<\/p>\r\n<\/div>","protected":false},"excerpt":{"rendered":"<p>2026. \u00e1prilis 29. (szerda) 14.00-20.00 J\u00f3zsefv\u00e1rosi M\u00fazeum (1085 Budapest, J\u00f3zsef krt. 70.) A 2006 \u00f3ta Budapesten m\u0171k\u00f6d\u0151 tranzit.hu a kort\u00e1rs m\u0171v\u00e9szeti sz\u00ednt\u00e9r meghat\u00e1roz\u00f3 szerepl\u0151je. A szervezet diszkurz\u00edv, nem form\u00e1lis oktat\u00e1si, kutat\u00e1si \u00e9s publik\u00e1ci\u00f3s projektek l\u00e9trehoz\u00f3ja \u00e9s f\u00f3ruma, nemzetk\u00f6zi \u00e9s hazai egy\u00fcttm\u0171k\u00f6d\u00e9sek elind\u00edt\u00f3ja \u00e9s fenntart\u00f3ja. A tranzit.hu tev\u00e9kenys\u00e9g\u00e9t a transzdiszciplin\u00e1ris \u00e9s a kritikai megk\u00f6zel\u00edt\u00e9s jellemzi; az [&hellip;]<\/p>\n","protected":false},"author":2,"featured_media":2048050,"parent":0,"comment_status":"closed","ping_status":"closed","sticky":false,"template":"","format":"standard","meta":{"_acf_changed":false,"footnotes":""},"categories":[3],"tags":[],"class_list":["post-2048047","post","type-post","status-publish","format-standard","has-post-thumbnail","hentry","category-hirek"],"acf":[],"_links":{"self":[{"href":"https:\/\/exindex.hu\/hu\/wp-json\/wp\/v2\/posts\/2048047","targetHints":{"allow":["GET"]}}],"collection":[{"href":"https:\/\/exindex.hu\/hu\/wp-json\/wp\/v2\/posts"}],"about":[{"href":"https:\/\/exindex.hu\/hu\/wp-json\/wp\/v2\/types\/post"}],"author":[{"embeddable":true,"href":"https:\/\/exindex.hu\/hu\/wp-json\/wp\/v2\/users\/2"}],"replies":[{"embeddable":true,"href":"https:\/\/exindex.hu\/hu\/wp-json\/wp\/v2\/comments?post=2048047"}],"version-history":[{"count":3,"href":"https:\/\/exindex.hu\/hu\/wp-json\/wp\/v2\/posts\/2048047\/revisions"}],"predecessor-version":[{"id":2048059,"href":"https:\/\/exindex.hu\/hu\/wp-json\/wp\/v2\/posts\/2048047\/revisions\/2048059"}],"wp:featuredmedia":[{"embeddable":true,"href":"https:\/\/exindex.hu\/hu\/wp-json\/wp\/v2\/media\/2048050"}],"wp:attachment":[{"href":"https:\/\/exindex.hu\/hu\/wp-json\/wp\/v2\/media?parent=2048047"}],"wp:term":[{"taxonomy":"category","embeddable":true,"href":"https:\/\/exindex.hu\/hu\/wp-json\/wp\/v2\/categories?post=2048047"},{"taxonomy":"post_tag","embeddable":true,"href":"https:\/\/exindex.hu\/hu\/wp-json\/wp\/v2\/tags?post=2048047"}],"curies":[{"name":"wp","href":"https:\/\/api.w.org\/{rel}","templated":true}]}}