{"id":2048116,"date":"2026-04-29T15:33:56","date_gmt":"2026-04-29T14:33:56","guid":{"rendered":"https:\/\/exindex.hu\/?p=2048116"},"modified":"2026-04-29T15:33:56","modified_gmt":"2026-04-29T14:33:56","slug":"%f0%9d%93%a3%f0%9d%93%b1%f0%9d%93%b2%f0%9d%93%b7%f0%9d%93%b0%f0%9d%93%bc-%f0%9d%93%bd%f0%9d%93%b8-%f0%9d%93%b9%f0%9d%93%b5%f0%9d%93%aa%f0%9d%94%82-%f0%9d%94%80%f0%9d%93%b2%f0%9d%93%bd%f0%9d%93%b1","status":"publish","type":"post","link":"https:\/\/exindex.hu\/hu\/hirek\/%f0%9d%93%a3%f0%9d%93%b1%f0%9d%93%b2%f0%9d%93%b7%f0%9d%93%b0%f0%9d%93%bc-%f0%9d%93%bd%f0%9d%93%b8-%f0%9d%93%b9%f0%9d%93%b5%f0%9d%93%aa%f0%9d%94%82-%f0%9d%94%80%f0%9d%93%b2%f0%9d%93%bd%f0%9d%93%b1\/","title":{"rendered":"\ud835\udce3\ud835\udcf1\ud835\udcf2\ud835\udcf7\ud835\udcf0\ud835\udcfc \ud835\udcfd\ud835\udcf8 \ud835\udcf9\ud835\udcf5\ud835\udcea\ud835\udd02 \ud835\udd00\ud835\udcf2\ud835\udcfd\ud835\udcf1"},"content":{"rendered":"<p><a href=\"https:\/\/exindex.hu\/wp-content\/uploads\/ttpw.jpg\"><img loading=\"lazy\" decoding=\"async\" class=\"aligncenter size-large wp-image-2048119\" src=\"https:\/\/exindex.hu\/wp-content\/uploads\/ttpw-1200x628.jpg\" alt=\"\" width=\"900\" height=\"471\" srcset=\"https:\/\/exindex.hu\/wp-content\/uploads\/ttpw-1200x628.jpg 1200w, https:\/\/exindex.hu\/wp-content\/uploads\/ttpw-360x188.jpg 360w, https:\/\/exindex.hu\/wp-content\/uploads\/ttpw-768x402.jpg 768w, https:\/\/exindex.hu\/wp-content\/uploads\/ttpw-1536x804.jpg 1536w, https:\/\/exindex.hu\/wp-content\/uploads\/ttpw.jpg 1920w\" sizes=\"auto, (max-width: 900px) 100vw, 900px\" \/><\/a><\/p>\r\n<p>2026.05.01 &#8211; 05.30.<br \/>\r\nTorula (Gy\u0151, Budai \u00fat 7.)<\/p>\r\n<p>Megnyit\u00f3: 2026.04.30. (cs\u00fct\u00f6rt\u00f6k) 18:00<\/p>\r\n<p>A \ud835\udce3\ud835\udcf1\ud835\udcf2\ud835\udcf7\ud835\udcf0\ud835\udcfc \ud835\udcfd\ud835\udcf8 \ud835\udcf9\ud835\udcf5\ud835\udcea\ud835\udd02 \ud835\udd00\ud835\udcf2\ud835\udcfd\ud835\udcf1 c\u00edm\u0171 ki\u00e1ll\u00edt\u00e1s k\u00e9t m\u0171v\u00e9sz Bede Kincs\u0151 \u00e9s Jakub Janovsky du\u00f3ki\u00e1ll\u00edt\u00e1sa, ahol a gyermeki l\u00e9t, a j\u00e1t\u00e9k, a boldognak sz\u00e1nt percek vegy\u00fclnek a csal\u00e1di \u00e9s t\u00f6rt\u00e9nelmi traum\u00e1k kollekt\u00edv eml\u00e9kk\u00e9peivel.<\/p>\r\n<p>Az 1989-es rendszerv\u00e1lt\u00e1s \u00f3ta form\u00e1l\u00f3d\u00f3 \u201ekelet-eur\u00f3pai eszt\u00e9tika&#8221; m\u00e1ra egy viszonylag egys\u00e9ges vizu\u00e1lis mint\u00e1zatk\u00e9nt kezd kirajzol\u00f3dni a m\u0171v\u00e9szet, a divat \u00e9s a popul\u00e1ris m\u00e9dia platformjain. Omladoz\u00f3 falusi h\u00e1zak \u00e9s horgolt ter\u00edt\u0151k keverednek az elsz\u00fcrk\u00fclt posztindusztri\u00e1lis ipari t\u00e1j Khrushcsevka-hangulat\u00e1val.<\/p>\r\n<p>Ez az eszt\u00e9tikai \u00e9s t\u00f6rt\u00e9nelmi jelenl\u00e9t rideg g\u00fanyk\u00e9nt viseli mag\u00e1n a f\u00e1jdalomba burkolt kultur\u00e1lis identit\u00e1s kollekt\u00edv trag\u00e9di\u00e1ink nyomait. A k\u00f6z\u00f6s eml\u00e9kfoszl\u00e1nyok \u00e9s el nem mes\u00e9lt t\u00f6rt\u00e9netek dr\u00e1mais\u00e1ga alatt csak a beavatottak k\u00e9pesek felismerni az instabil rendszerek csal\u00e1dokra \u00e9s az egy\u00e9nre m\u00e9rt traum\u00e1it.<\/p>\r\n<p>A Nobel-d\u00edjas Svetlana Alexievich mondata \u2014 \u201eSocialism has ended, but we are still here&#8221; \u2014 pontosan ezt a paradoxont \u00edrja le, amellyel a ki\u00e1ll\u00edt\u00e1sban szerepl\u0151 m\u0171v\u00e9szek, Bede Kincs\u0151 \u00e9s Jakub Janovsky, nap mint nap szembes\u00fclnek: egy rendszer \u00f6sszeomlott, \u00e1m az esem\u00e9nyek testi lelki nyomai nem csup\u00e1n megmaradtak, hanem gener\u00e1ci\u00f3kon \u00e1t \u00f6r\u00f6kl\u0151dnek \u00e9s \u00fajra \u00e9s \u00fajra felvillannak.<\/p>\r\n<p>\ud835\udcd1\ud835\udcee\ud835\udced\ud835\udcee \ud835\udcda\ud835\udcf2\ud835\udcf7\ud835\udcec\ud835\udcfc\ud835\udcf8\u030b <em>Pista m\u0171v\u00e9szete<\/em> c\u00edm\u0171 projektje k\u00eds\u00e9rlet egy csal\u00e1di t\u00f6rt\u00e9net \u00fajra\u00edr\u00e1s\u00e1ra. Az erd\u00e9lyi fot\u00f3m\u0171v\u00e9sz saj\u00e1t gyermekkori eml\u00e9keiben kutatja az egym\u00e1sra hajig\u00e1lt emberi sorsokb\u00f3l kirajzol\u00f3d\u00f3 mint\u00e1zatokat. Fot\u00f3m\u0171v\u00e9szet\u00e9ben a m\u00falt \u00fajra\u00e9l\u00e9se \u00e9s \u00fajra\u00edr\u00e1sa, a dokumentarista r\u00f6gz\u00edt\u00e9s \u00e9s a divatfotogr\u00e1fia szinergi\u00e1ja r\u00e9v\u00e9n v\u00e1lik kivitelezhet\u0151v\u00e9.<\/p>\r\n<p>\ud835\udcd9\ud835\udcea\ud835\udcf4\ud835\udcfe\ud835\udceb \ud835\udcd9\ud835\udcea\ud835\udcf7\ud835\udcf8\ud835\udcff\ud835\udcfc\ud835\udcf4\ud835\udd02 alkot\u00e1saiban a gyermekkor fikt\u00edv ideje vet\u00fcl egym\u00e1sra a mindent elsematiz\u00e1l\u00f3 sz\u00fcrke kelet-eur\u00f3pai r\u00e9teggel. Festm\u00e9nyei \u00e9s szobrai a Khrushcsevka-eszt\u00e9tika \u00e9s a ki\u00e9gett ipari infrastrukt\u00fara k\u00e9pi nyelv\u00e9n kereszt\u00fcl \u00e1br\u00e1zolj\u00e1k az \u00f6nmaga idegens\u00e9g\u00e9t megtapasztal\u00f3 embert.<\/p>\r\n<p>A \ud835\udce3\ud835\udcf1\ud835\udcf2\ud835\udcf7\ud835\udcf0\ud835\udcfc \ud835\udcfd\ud835\udcf8 \ud835\udcf9\ud835\udcf5\ud835\udcea\ud835\udd02 \ud835\udd00\ud835\udcf2\ud835\udcfd\ud835\udcf1 c\u00edm\u0171 ki\u00e1ll\u00edt\u00e1sban megjelen\u0151 alkot\u00e1sok a nosztalgia kiiktat\u00e1s\u00e1val eleven\u00edtik fel a kelet-k\u00f6z\u00e9p eur\u00f3pai gyermekkor pillanatait. Jakub Janovsky \u00e9s Bede Kincs\u0151 egyszerre j\u00e1tssz\u00e1k a hatalmasok \u00e9s a gyermekek j\u00e1t\u00e9k\u00e1t, megmutatva, mik\u00e9pp \u00e9p\u00edthet\u00fcnk v\u00e1rakat \u00e9s teremthet\u00fcnk \u00faj jelenkort a m\u00falt maradv\u00e1nyaib\u00f3l.<\/p>\r\n<p>Kur\u00e1torok: Keszegh \u00c1gnes, R\u00e9kai M\u00e1rk<\/p>\r\n<p><a href=\"https:\/\/exindex.hu\/wp-content\/uploads\/ttpw2.jpg\"><img loading=\"lazy\" decoding=\"async\" class=\"aligncenter size-full wp-image-2048122\" src=\"https:\/\/exindex.hu\/wp-content\/uploads\/ttpw2.jpg\" alt=\"\" width=\"800\" height=\"800\" srcset=\"https:\/\/exindex.hu\/wp-content\/uploads\/ttpw2.jpg 800w, https:\/\/exindex.hu\/wp-content\/uploads\/ttpw2-360x360.jpg 360w, https:\/\/exindex.hu\/wp-content\/uploads\/ttpw2-250x250.jpg 250w, https:\/\/exindex.hu\/wp-content\/uploads\/ttpw2-768x768.jpg 768w\" sizes=\"auto, (max-width: 800px) 100vw, 800px\" \/><\/a><\/p>\r\n<p><a href=\"https:\/\/exindex.hu\/wp-content\/uploads\/bede1.jpg\"><img loading=\"lazy\" decoding=\"async\" class=\"aligncenter wp-image-2048125\" src=\"https:\/\/exindex.hu\/wp-content\/uploads\/bede1-900x1200.jpg\" alt=\"\" width=\"800\" height=\"1067\" srcset=\"https:\/\/exindex.hu\/wp-content\/uploads\/bede1-900x1200.jpg 900w, https:\/\/exindex.hu\/wp-content\/uploads\/bede1-270x360.jpg 270w, https:\/\/exindex.hu\/wp-content\/uploads\/bede1-768x1024.jpg 768w, https:\/\/exindex.hu\/wp-content\/uploads\/bede1-1152x1536.jpg 1152w, https:\/\/exindex.hu\/wp-content\/uploads\/bede1.jpg 1536w\" sizes=\"auto, (max-width: 800px) 100vw, 800px\" \/><\/a><\/p>\r\n<p>&nbsp;<\/p>","protected":false},"excerpt":{"rendered":"<p>2026.05.01 &#8211; 05.30. Torula (Gy\u0151, Budai \u00fat 7.) Megnyit\u00f3: 2026.04.30. (cs\u00fct\u00f6rt\u00f6k) 18:00 A \ud835\udce3\ud835\udcf1\ud835\udcf2\ud835\udcf7\ud835\udcf0\ud835\udcfc \ud835\udcfd\ud835\udcf8 \ud835\udcf9\ud835\udcf5\ud835\udcea\ud835\udd02 \ud835\udd00\ud835\udcf2\ud835\udcfd\ud835\udcf1 c\u00edm\u0171 ki\u00e1ll\u00edt\u00e1s k\u00e9t m\u0171v\u00e9sz Bede Kincs\u0151 \u00e9s Jakub Janovsky du\u00f3ki\u00e1ll\u00edt\u00e1sa, ahol a gyermeki l\u00e9t, a j\u00e1t\u00e9k, a boldognak sz\u00e1nt percek vegy\u00fclnek a csal\u00e1di \u00e9s t\u00f6rt\u00e9nelmi traum\u00e1k kollekt\u00edv eml\u00e9kk\u00e9peivel. Az 1989-es rendszerv\u00e1lt\u00e1s \u00f3ta form\u00e1l\u00f3d\u00f3 \u201ekelet-eur\u00f3pai eszt\u00e9tika&#8221; m\u00e1ra egy viszonylag [&hellip;]<\/p>\n","protected":false},"author":2,"featured_media":2048119,"parent":0,"comment_status":"closed","ping_status":"closed","sticky":false,"template":"","format":"standard","meta":{"_acf_changed":false,"footnotes":""},"categories":[3],"tags":[],"class_list":["post-2048116","post","type-post","status-publish","format-standard","has-post-thumbnail","hentry","category-hirek"],"acf":[],"_links":{"self":[{"href":"https:\/\/exindex.hu\/hu\/wp-json\/wp\/v2\/posts\/2048116","targetHints":{"allow":["GET"]}}],"collection":[{"href":"https:\/\/exindex.hu\/hu\/wp-json\/wp\/v2\/posts"}],"about":[{"href":"https:\/\/exindex.hu\/hu\/wp-json\/wp\/v2\/types\/post"}],"author":[{"embeddable":true,"href":"https:\/\/exindex.hu\/hu\/wp-json\/wp\/v2\/users\/2"}],"replies":[{"embeddable":true,"href":"https:\/\/exindex.hu\/hu\/wp-json\/wp\/v2\/comments?post=2048116"}],"version-history":[{"count":1,"href":"https:\/\/exindex.hu\/hu\/wp-json\/wp\/v2\/posts\/2048116\/revisions"}],"predecessor-version":[{"id":2048128,"href":"https:\/\/exindex.hu\/hu\/wp-json\/wp\/v2\/posts\/2048116\/revisions\/2048128"}],"wp:featuredmedia":[{"embeddable":true,"href":"https:\/\/exindex.hu\/hu\/wp-json\/wp\/v2\/media\/2048119"}],"wp:attachment":[{"href":"https:\/\/exindex.hu\/hu\/wp-json\/wp\/v2\/media?parent=2048116"}],"wp:term":[{"taxonomy":"category","embeddable":true,"href":"https:\/\/exindex.hu\/hu\/wp-json\/wp\/v2\/categories?post=2048116"},{"taxonomy":"post_tag","embeddable":true,"href":"https:\/\/exindex.hu\/hu\/wp-json\/wp\/v2\/tags?post=2048116"}],"curies":[{"name":"wp","href":"https:\/\/api.w.org\/{rel}","templated":true}]}}