{"id":2048131,"date":"2026-04-29T09:34:51","date_gmt":"2026-04-29T08:34:51","guid":{"rendered":"https:\/\/exindex.hu\/?p=2048131"},"modified":"2026-04-30T09:35:14","modified_gmt":"2026-04-30T08:35:14","slug":"we-burn-slowly","status":"publish","type":"post","link":"https:\/\/exindex.hu\/hu\/hirek\/we-burn-slowly\/","title":{"rendered":"We Burn Slowly"},"content":{"rendered":"<p><a href=\"https:\/\/exindex.hu\/wp-content\/uploads\/patik.jpg\"><img loading=\"lazy\" decoding=\"async\" class=\"aligncenter size-large wp-image-2048134\" src=\"https:\/\/exindex.hu\/wp-content\/uploads\/patik-1200x675.jpg\" alt=\"\" width=\"900\" height=\"506\" srcset=\"https:\/\/exindex.hu\/wp-content\/uploads\/patik-1200x675.jpg 1200w, https:\/\/exindex.hu\/wp-content\/uploads\/patik-360x203.jpg 360w, https:\/\/exindex.hu\/wp-content\/uploads\/patik-768x432.jpg 768w, https:\/\/exindex.hu\/wp-content\/uploads\/patik-1536x864.jpg 1536w, https:\/\/exindex.hu\/wp-content\/uploads\/patik.jpg 1655w\" sizes=\"auto, (max-width: 900px) 100vw, 900px\" \/><\/a><\/p>\r\n<p>2026.04.30. &#8211; 06.10.<br \/>\r\nPatika (Budapest V. K\u00e9p\u00edr\u00f3 utca 6.)<\/p>\r\n<p>Megnyit\u00f3: 2026.04.30., 19:00 \u00f3ra<br \/>\r\nMegnyit\u00f3 performance: R\u00e9ti Vir\u00e1g<\/p>\r\n<p>Koordin\u00e1torok: Borb\u00e9ly Zita, Mendreczky Karina<\/p>\r\n<p>K\u00f6z\u00f6s ki\u00e1ll\u00edt\u00e1s az elv\u00e1gy\u00f3d\u00e1sr\u00f3l, a val\u00f3s\u00e1g \u00e9s az azt p\u00f3tol\u00f3 alkot\u00e1sok viszony\u00e1r\u00f3l, az eml\u00e9kezet er\u00f3zi\u00f3j\u00e1r\u00f3l. M\u00e9zes T\u00fcnde \u00e9s Carlos Vergara munk\u00e1inak vez\u00e9rmot\u00edvuma a fa, amely elk\u00e9pzelt t\u00e1jaik elemi r\u00e9szek\u00e9nt a jelenb\u0151l kiindulva szakad el a k\u00f6zvetlen tapasztalatt\u00f3l.<\/p>\r\n<p>______________<\/p>\r\n<p>Nem l\u00e1tv\u00e1nyos l\u00e1nggal \u00e9s f\u00fcsttel, csak sz\u00e9p lassan. Fakulunk, korhadunk. \u00c9gdeg\u00e9l\u00fcnk.<br \/>\r\nT\u00e1voli id\u0151kbe vagy t\u00e9rbe v\u00e1gyunk, \u00e9s hi\u00e1ba van jelen minden, akkor sem \u00e9rezz\u00fck teljesnek azt, ami adott. Valami nagyon hi\u00e1nyzik. Valami, amit elfelejtett\u00fcnk, de az is lehet, hogy sosem volt val\u00f3s. Elk\u00e9pzelt t\u00e1jakkal, \u00e9s ezzel a valami m\u00e1ssal pr\u00f3b\u00e1ljuk p\u00f3tolni, elfedni csonka val\u00f3s\u00e1gunk hi\u00e1nyait, de \u00edgy sem tudjuk megragadni a k\u00e9pet, a pillanatot, az \u00e9rz\u00e9st; \u00e9rj\u00fcnk el b\u00e1rmit, az r\u00f6gt\u00f6n a m\u00falt r\u00e9sz\u00e9v\u00e9 v\u00e1lik.<\/p>\r\n<p>Mert eml\u00e9kezet\u00fcnk vel\u00fcnk k\u00e9rgesedik, \u00e9s ami be\u00e9p\u00fcl, az r\u00f6gt\u00f6n le is z\u00e1rul. Mi nemcsak helyettes\u00edtj\u00fck a val\u00f3t, mi r\u00f6gt\u00f6n a hely\u00e9be l\u00e9p\u00fcnk, mert min\u00e9l m\u00e9lyebbre ker\u00fcl, ann\u00e1l lassabban kap majd az l\u00e1ngra.<\/p>\r\n<p>(H\u00e1tral\u00e9p, \u00fajra ember) Pont mint a f\u00e1k, ahogy v\u00e9gign\u00e9zek rajtuk a t\u00e9rben. Az egyik egy t\u00e1voli k\u00e9p, az eredeti jelenl\u00e9t\u00e9nek csup\u00e1n az \u00e9rzete, egyszerre t\u00f6bb \u00e9s kevesebb ann\u00e1l. \u0150 az \u00f6r\u00f6k elv\u00e1gy\u00f3d\u00e1s efemer jelenl\u00e9te, aki saj\u00e1t boml\u00e1s\u00e1t archiv\u00e1lja. A m\u00e1sik fa ink\u00e1bb szerkezeti modell \u2013 csal\u00e1dfa vagy \u00e1grajz \u2013, amely egy hierarchikus rendszert \u00edr le. Hol \u00e1talakul\u00f3f\u00e9lben l\u00e9v\u0151, erod\u00e1l\u00f3d\u00f3 eml\u00e9k, nem stabil forma, hi\u00e1ba pr\u00f3b\u00e1lom \u00fagy keretezni. Hol pedig \u00e9l\u0151l\u00e9nyb\u0151l \u00e9ppen anyagg\u00e1 v\u00e1l\u00f3 elvont infrastrukt\u00fara, mely \u00e9pp\u00fagy lehet csatorna, mint m\u00e9dium. F\u00e1inkban nem a forma k\u00f6z\u00f6s, hanem hogy elszakadnak a k\u00f6zvetlen tapasztalatt\u00f3l, \u00e9s l\u00e1that\u00f3v\u00e1 teszik a hi\u00e1nyt.<\/p>","protected":false},"excerpt":{"rendered":"<p>2026.04.30. &#8211; 06.10. Patika (Budapest V. K\u00e9p\u00edr\u00f3 utca 6.) Megnyit\u00f3: 2026.04.30., 19:00 \u00f3ra Megnyit\u00f3 performance: R\u00e9ti Vir\u00e1g Koordin\u00e1torok: Borb\u00e9ly Zita, Mendreczky Karina K\u00f6z\u00f6s ki\u00e1ll\u00edt\u00e1s az elv\u00e1gy\u00f3d\u00e1sr\u00f3l, a val\u00f3s\u00e1g \u00e9s az azt p\u00f3tol\u00f3 alkot\u00e1sok viszony\u00e1r\u00f3l, az eml\u00e9kezet er\u00f3zi\u00f3j\u00e1r\u00f3l. M\u00e9zes T\u00fcnde \u00e9s Carlos Vergara munk\u00e1inak vez\u00e9rmot\u00edvuma a fa, amely elk\u00e9pzelt t\u00e1jaik elemi r\u00e9szek\u00e9nt a jelenb\u0151l kiindulva szakad [&hellip;]<\/p>\n","protected":false},"author":2,"featured_media":2048134,"parent":0,"comment_status":"closed","ping_status":"closed","sticky":false,"template":"","format":"standard","meta":{"_acf_changed":false,"footnotes":""},"categories":[3],"tags":[],"class_list":["post-2048131","post","type-post","status-publish","format-standard","has-post-thumbnail","hentry","category-hirek"],"acf":[],"_links":{"self":[{"href":"https:\/\/exindex.hu\/hu\/wp-json\/wp\/v2\/posts\/2048131","targetHints":{"allow":["GET"]}}],"collection":[{"href":"https:\/\/exindex.hu\/hu\/wp-json\/wp\/v2\/posts"}],"about":[{"href":"https:\/\/exindex.hu\/hu\/wp-json\/wp\/v2\/types\/post"}],"author":[{"embeddable":true,"href":"https:\/\/exindex.hu\/hu\/wp-json\/wp\/v2\/users\/2"}],"replies":[{"embeddable":true,"href":"https:\/\/exindex.hu\/hu\/wp-json\/wp\/v2\/comments?post=2048131"}],"version-history":[{"count":1,"href":"https:\/\/exindex.hu\/hu\/wp-json\/wp\/v2\/posts\/2048131\/revisions"}],"predecessor-version":[{"id":2048137,"href":"https:\/\/exindex.hu\/hu\/wp-json\/wp\/v2\/posts\/2048131\/revisions\/2048137"}],"wp:featuredmedia":[{"embeddable":true,"href":"https:\/\/exindex.hu\/hu\/wp-json\/wp\/v2\/media\/2048134"}],"wp:attachment":[{"href":"https:\/\/exindex.hu\/hu\/wp-json\/wp\/v2\/media?parent=2048131"}],"wp:term":[{"taxonomy":"category","embeddable":true,"href":"https:\/\/exindex.hu\/hu\/wp-json\/wp\/v2\/categories?post=2048131"},{"taxonomy":"post_tag","embeddable":true,"href":"https:\/\/exindex.hu\/hu\/wp-json\/wp\/v2\/tags?post=2048131"}],"curies":[{"name":"wp","href":"https:\/\/api.w.org\/{rel}","templated":true}]}}