{"id":2048146,"date":"2026-04-30T09:40:51","date_gmt":"2026-04-30T08:40:51","guid":{"rendered":"https:\/\/exindex.hu\/?p=2048146"},"modified":"2026-04-30T09:40:51","modified_gmt":"2026-04-30T08:40:51","slug":"roplabda","status":"publish","type":"post","link":"https:\/\/exindex.hu\/hu\/hirek\/roplabda\/","title":{"rendered":"R\u00f6plabda"},"content":{"rendered":"<p><a href=\"https:\/\/exindex.hu\/wp-content\/uploads\/roplabda.jpg\"><img loading=\"lazy\" decoding=\"async\" class=\"aligncenter size-large wp-image-2048149\" src=\"https:\/\/exindex.hu\/wp-content\/uploads\/roplabda-1200x628.jpg\" alt=\"\" width=\"900\" height=\"471\" srcset=\"https:\/\/exindex.hu\/wp-content\/uploads\/roplabda-1200x628.jpg 1200w, https:\/\/exindex.hu\/wp-content\/uploads\/roplabda-360x188.jpg 360w, https:\/\/exindex.hu\/wp-content\/uploads\/roplabda-768x402.jpg 768w, https:\/\/exindex.hu\/wp-content\/uploads\/roplabda-1536x804.jpg 1536w, https:\/\/exindex.hu\/wp-content\/uploads\/roplabda.jpg 2048w\" sizes=\"auto, (max-width: 900px) 100vw, 900px\" \/><\/a><\/p>\r\n<p><strong>2026. 04. 30. (cs\u00fct\u00f6rt\u00f6k) 18.00<\/strong><br \/>\r\nMondolat (Budapest VI. Paulay Ede utca 56.)<\/p>\r\n<p>A gravit\u00e1ci\u00f3 hat, ez\u00e9rt ami repked, annak is id\u0151r\u0151l id\u0151re f\u00f6ldet kell \u00e9rnie. \u00cdgy vannak ezzel a madarak, a labd\u00e1k \u00e9s a gondolatok is. A r\u00f6plabd\u00e1n\u00e1l a f\u00f6ldet \u00e9r\u00e9s elker\u00fcl\u00e9s\u00e9nek interakt\u00edv dinamik\u00e1ja maga a j\u00e1t\u00e9k. Amikor egy gondolat k\u00fcl\u00f6nb\u00f6z\u0151 n\u00e9z\u0151pontok k\u00f6zt cik\u00e1zva ker\u00fcl mozg\u00e1sba \u00e9s marad fenn akkor a r\u00f6plabd\u00e1r\u00f3l mint a besz\u00e9lget\u00e9s egy form\u00e1j\u00e1r\u00f3l besz\u00e9lhet\u00fcnk.<\/p>\r\n<p>A labda\u00e9rz\u00e9khez nyitott, reakci\u00f3ra felk\u00edn\u00e1lt gondolat kell, medicinlabd\u00e1kkal nem dob\u00e1l\u00f3zunk. A magas labd\u00e1kat eleg\u00e1ns kihagyni, de ha nem b\u00edrjuk ki legal\u00e1bb a mondand\u00f3nk v\u00e9g\u00e9re id\u0151z\u00edts\u00fck.<\/p>\r\n<p>\ud83c\udfd0\ud83c\udfd0\ud83c\udfd0\ud83c\udfd0\ud83c\udfd0\ud83c\udfd0\ud83c\udfd0\ud83c\udfd0\ud83c\udfd0\ud83c\udfd0\ud83c\udfd0\ud83c\udfd0\ud83c\udfd0<\/p>\r\n<p>Az &#8216;\u00dagy eml\u00e9kszem, mintha csak holnap lett volna&#8217; ki\u00e1ll\u00edt\u00e1shoz kapcsol\u00f3d\u00f3an besz\u00e9lget\u00e9s-sorozat indul. A ki\u00e1ll\u00edt\u00e1son szerepl\u0151 4 alkot\u00f3val k\u00fcl\u00f6n-k\u00fcl\u00f6n, kiemelt aspektusok ment\u00e9n besz\u00e9lget\u00fcnk. Az els\u0151 alkalommal Gerber P\u00e1llal.<\/p>\r\n<p>Kev\u00e9s olyan alkot\u00f3i p\u00e1ly\u00e1t ismerhet\u00fcnk ami ennyire meglep\u0151 \u00e9s \u00e9l\u00e9nk\u00edt\u0151 tud maradni hossz\u00fa t\u00e1von, a stil\u00e1ris eszk\u00f6z\u00f6k, alkot\u00f3i korszakok l\u00e1tv\u00e1nyos v\u00e1ltogat\u00e1sa n\u00e9lk\u00fcl. Ezt a frissess\u00e9get gondolati szinten \u00e9ri el, \u00e9ber f\u00f3kusza miatt kimer\u00edthetetlennek t\u0171nik \u00e9s megunhatatlann\u00e1 v\u00e1lik. \u00cdgy komplex alkot\u00f3i vil\u00e1g\u00e1t a spontaneit\u00e1s fogalma fel\u0151l k\u00eds\u00e9relj\u00fck megk\u00f6zel\u00edteni. K\u00f6rbej\u00e1rjuk hogyan v\u00e1lhat a spontaneit\u00e1s k\u00f6vetkezetes gondolati magatart\u00e1ss\u00e1, mennyiben fakad k\u00f6z\u00f6s t\u0151r\u0151l a spontaneit\u00e1s \u00e9s az ir\u00f3nia. A jelens\u00e9get t\u00f6bb szinten vizsg\u00e1ljuk, az inspir\u00e1ci\u00f3 \u00f6tlett\u00e9 v\u00e1l\u00e1s\u00e1ban, a c\u00edmad\u00e1s, az alkot\u00e1s \u00e9s a befogad\u00e1s tekintet\u00e9ben egyar\u00e1nt.<\/p>","protected":false},"excerpt":{"rendered":"<p>2026. 04. 30. (cs\u00fct\u00f6rt\u00f6k) 18.00 Mondolat (Budapest VI. Paulay Ede utca 56.) A gravit\u00e1ci\u00f3 hat, ez\u00e9rt ami repked, annak is id\u0151r\u0151l id\u0151re f\u00f6ldet kell \u00e9rnie. \u00cdgy vannak ezzel a madarak, a labd\u00e1k \u00e9s a gondolatok is. A r\u00f6plabd\u00e1n\u00e1l a f\u00f6ldet \u00e9r\u00e9s elker\u00fcl\u00e9s\u00e9nek interakt\u00edv dinamik\u00e1ja maga a j\u00e1t\u00e9k. Amikor egy gondolat k\u00fcl\u00f6nb\u00f6z\u0151 n\u00e9z\u0151pontok k\u00f6zt cik\u00e1zva ker\u00fcl [&hellip;]<\/p>\n","protected":false},"author":2,"featured_media":2048149,"parent":0,"comment_status":"closed","ping_status":"closed","sticky":false,"template":"","format":"standard","meta":{"_acf_changed":false,"footnotes":""},"categories":[3],"tags":[],"class_list":["post-2048146","post","type-post","status-publish","format-standard","has-post-thumbnail","hentry","category-hirek"],"acf":[],"_links":{"self":[{"href":"https:\/\/exindex.hu\/hu\/wp-json\/wp\/v2\/posts\/2048146","targetHints":{"allow":["GET"]}}],"collection":[{"href":"https:\/\/exindex.hu\/hu\/wp-json\/wp\/v2\/posts"}],"about":[{"href":"https:\/\/exindex.hu\/hu\/wp-json\/wp\/v2\/types\/post"}],"author":[{"embeddable":true,"href":"https:\/\/exindex.hu\/hu\/wp-json\/wp\/v2\/users\/2"}],"replies":[{"embeddable":true,"href":"https:\/\/exindex.hu\/hu\/wp-json\/wp\/v2\/comments?post=2048146"}],"version-history":[{"count":1,"href":"https:\/\/exindex.hu\/hu\/wp-json\/wp\/v2\/posts\/2048146\/revisions"}],"predecessor-version":[{"id":2048152,"href":"https:\/\/exindex.hu\/hu\/wp-json\/wp\/v2\/posts\/2048146\/revisions\/2048152"}],"wp:featuredmedia":[{"embeddable":true,"href":"https:\/\/exindex.hu\/hu\/wp-json\/wp\/v2\/media\/2048149"}],"wp:attachment":[{"href":"https:\/\/exindex.hu\/hu\/wp-json\/wp\/v2\/media?parent=2048146"}],"wp:term":[{"taxonomy":"category","embeddable":true,"href":"https:\/\/exindex.hu\/hu\/wp-json\/wp\/v2\/categories?post=2048146"},{"taxonomy":"post_tag","embeddable":true,"href":"https:\/\/exindex.hu\/hu\/wp-json\/wp\/v2\/tags?post=2048146"}],"curies":[{"name":"wp","href":"https:\/\/api.w.org\/{rel}","templated":true}]}}