{"id":2048185,"date":"2026-05-01T13:18:02","date_gmt":"2026-05-01T12:18:02","guid":{"rendered":"https:\/\/exindex.hu\/?p=2048185"},"modified":"2026-05-01T14:51:26","modified_gmt":"2026-05-01T13:51:26","slug":"%e2%80%a0-valko-laszlo","status":"publish","type":"post","link":"https:\/\/exindex.hu\/hu\/hirek\/%e2%80%a0-valko-laszlo\/","title":{"rendered":"\u2020 Valk\u00f3 L\u00e1szl\u00f3"},"content":{"rendered":"<p><a href=\"https:\/\/exindex.hu\/wp-content\/uploads\/valko-laszlo.jpg\"><img loading=\"lazy\" decoding=\"async\" class=\"aligncenter size-full wp-image-2048188\" src=\"https:\/\/exindex.hu\/wp-content\/uploads\/valko-laszlo.jpg\" alt=\"\" width=\"1200\" height=\"630\" srcset=\"https:\/\/exindex.hu\/wp-content\/uploads\/valko-laszlo.jpg 1200w, https:\/\/exindex.hu\/wp-content\/uploads\/valko-laszlo-360x189.jpg 360w, https:\/\/exindex.hu\/wp-content\/uploads\/valko-laszlo-768x403.jpg 768w\" sizes=\"auto, (max-width: 1200px) 100vw, 1200px\" \/><\/a><\/p>\r\n<p>79 \u00e9ves kor\u00e1ban elhunyt Valk\u00f3 L\u00e1szl\u00f3 Munk\u00e1csy Mih\u00e1ly-d\u00edjas fest\u0151- \u00e9s grafikusm\u0171v\u00e9sz, pedag\u00f3gus, egyetemi tan\u00e1r.<\/p>\r\n<p>Kaposv\u00e1ron sz\u00fcletett 1946. m\u00e1jus 15.-\u00e9n. 1960\u20131964 k\u00f6z\u00f6tt a P\u00e9csi M\u0171v\u00e9szeti Gimn\u00e1ziumban tanult. 1966\u20131970 k\u00f6z\u00f6tt a Magyar K\u00e9pz\u0151m\u0171v\u00e9szeti Egyetem hallgat\u00f3ja volt fest\u0151 \u00e9s sokszoros\u00edt\u00f3 grafika szakon; tan\u00e1rai Bern\u00e1th Aur\u00e9l \u00e9s Iv\u00e1n Szil\u00e1rd voltak.<\/p>\r\n<p>1972-t\u0151l ki\u00e1ll\u00edt\u00f3 m\u0171v\u00e9sz. 1997-t\u0151l a Magyar Fest\u0151k T\u00e1rsas\u00e1g\u00e1nak tagja.<\/p>\r\n<p>Oktat\u00f3i tev\u00e9kenys\u00e9ge: 1974-t\u0151l egy megszak\u00edt\u00e1ssal 25 \u00e9vig a P\u00e9csi m\u0171v\u00e9szeti Szakk\u00f6z\u00e9piskola rajz-fest\u00e9szet tan\u00e1ra. 2000-ben \u00faj szakokkal \u2013 fest\u00e9szet \u00e9s szobr\u00e1szat \u2013 b\u0151v\u00fclt az iskola, melynek fest\u0151 szak\u00e1t elind\u00edtotta az els\u0151 k\u00e9t \u00e9vfolyammal. 1991-t\u0151l a P\u00e9csi Tudom\u00e1nyegyetemen akkor indul\u00f3 egyetemi fokozat\u00fa rajz-vizu\u00e1lis k\u00e9pz\u00e9sben majd a k\u00e9s\u0151bb l\u00e9trej\u00f6v\u0151 M\u0171v\u00e9szeti Kar elind\u00edt\u00e1s\u00e1ban is szerepet v\u00e1llalt. A doktori k\u00e9pz\u00e9sben (DLA) t\u00f6bb doktorandusza sikeresen v\u00e9gzett.<\/p>\r\n<p>Egy\u00e9ni ki\u00e1ll\u00edt\u00e1sai:<\/p>\r\n<p>1974<br \/>\r\nFerencv\u00e1rosi Pincet\u00e1rlat, Budapest (megnyitotta Frank J\u00e1nos)<br \/>\r\nMeszesi Gal\u00e9ria, P\u00e9cs<\/p>\r\n<p>1975<br \/>\r\nP\u00e9csi Tervez\u0151 V\u00e1llalat Klubja<\/p>\r\n<p>1976<br \/>\r\nV\u00e1rosi Ki\u00e1ll\u00edt\u00f3terem, P\u00e9cs<\/p>\r\n<p>1977<br \/>\r\nSt\u00fadi\u00f3 Gal\u00e9ria, Budapest (megnyitotta Martyn Ferenc)<\/p>\r\n<p>1979<br \/>\r\nLikovni Susret, Szabadka,<br \/>\r\nMali Likovni Salon, \u00dajvid\u00e9k<\/p>\r\n<p>1980<br \/>\r\nWort und Werk, Lipcse (G\u00e1csi Mih\u00e1llyal)<\/p>\r\n<p>1982<br \/>\r\nV\u00e1rosi Gal\u00e9ria. Lahti<\/p>\r\n<p>1983<br \/>\r\nT\u00f3parti Gal\u00e9ria, Bogl\u00e1rlelle<\/p>\r\n<p>1985<br \/>\r\nM\u0171vel\u0151d\u00e9si H\u00e1z, Koml\u00f3<\/p>\r\n<p>1986<br \/>\r\nP\u00e9csi Gal\u00e9ria, P\u00e9cs (megnyitotta Csord\u00e1s G\u00e1bor)<\/p>\r\n<p>1987<br \/>\r\nKaposv\u00e1ri Gal\u00e9ria, Kaposv\u00e1r<\/p>\r\n<p>1989<br \/>\r\nV\u00e1rdzs\u00e1mi, Szigetv\u00e1r<br \/>\r\nPfarrsal, Florstadt-Staden, NSZK<\/p>\r\n<p>1990<br \/>\r\nErnst M\u00fazeum, Budapest (megnyitotta Beke L\u00e1szl\u00f3)<br \/>\r\nM\u0171v\u00e9szetek H\u00e1za, P\u00e9cs (megnyitotta P\u00e1lyi Andr\u00e1s)<\/p>\r\n<p>1991<br \/>\r\nJ\u00f3zsef Attila K\u00f6nyvt\u00e1r Ki\u00e1ll\u00edt\u00f3terme, Miskolc (megnyitotta: Szeg\u0151 Gy\u00f6rgy)<\/p>\r\n<p>1995<br \/>\r\nNevel\u0151k H\u00e1za, P\u00e9cs (megnyitotta: V\u00e1rkonyi Gy\u00f6rgy)<br \/>\r\nV\u00e1rgal\u00e9ria, P\u00e9csv\u00e1rad (megnyitotta: Keser\u0171 Ilona)<\/p>\r\n<p>1996<br \/>\r\nP\u00e9csi Gal\u00e9ria (megnyitotta: Parti Nagy Lajos)<\/p>\r\n<p>1997<br \/>\r\nVigad\u00f3 Gal\u00e9ria, Budapest (megnyitotta: Szeg\u0151 Gy\u00f6rgy)<\/p>\r\n<p>1999<br \/>\r\nParti Gal\u00e9ria, P\u00e9cs (megnyitotta: Bencsik Istv\u00e1n)<\/p>\r\n<p>2001<br \/>\r\nM\u0171v\u00e9szetek H\u00e1za, Zalaegerszeg (megnyitotta: Kov\u00e1cs Orsolya)<\/p>\r\n<p>2002<br \/>\r\nAkad\u00e9mia Gal\u00e9ria, Gy\u0151r (megnyitotta: Rechnitzer J\u00e1nos)<\/p>\r\n<p>2003<br \/>\r\nP\u00e9csi Kisgal\u00e9ria, P\u00e9cs (megnyitotta: Szeifert Judit)<\/p>\r\n<p>2004<br \/>\r\nPannon Gal\u00e9ria, Kaposv\u00e1r<\/p>\r\n<p>2009<br \/>\r\nHatty\u00fah\u00e1z Gal\u00e9ria, P\u00e9cs (megnyitotta: Kov\u00e1cs Orsolya)<\/p>\r\n<p>2010<br \/>\r\nR\u00e1day K\u00f6nyvesh\u00e1z Gal\u00e9ria, Budapest \u2013 k\u00f6nyvbemutat\u00f3 \u00e9s ki\u00e1ll\u00edt\u00e1s (vezette: So\u00f3ky Andrea, Hajdu Istv\u00e1n)<\/p>\r\n<p>2013<br \/>\r\nZsolnay Kultur\u00e1lis Negyed m21 Gal\u00e9ria, P\u00e9cs, \u00c9letm\u0171 ki\u00e1ll\u00edt\u00e1s (megnyitotta: Weisz J\u00e1nos)<\/p>\r\n<p>2016<br \/>\r\nM\u0171csarnok,, Budapest (megnyitotta: Kov\u00e1cs Orsolya)<\/p>\r\n<p>2018<br \/>\r\nModern Magyar K\u00e9pt\u00e1r, P\u00e9cs (megnyitotta: Nagy Andr\u00e1s)<\/p>\r\n<p>Fobtosabb csoportos ki\u00e1ll\u00edt\u00e1sok:<br \/>\r\n1972<br \/>\r\nUtak, E\u00f6tv\u00f6s Gal\u00e9ria, Budapest<\/p>\r\n<p>1973<br \/>\r\nFiatal K\u00e9pz\u0151m\u0171v\u00e9szek St\u00fadi\u00f3ja, Ernst M\u00fazeum, Budapest<\/p>\r\n<p>1974<br \/>\r\nModern Magyar Grafika, M\u0171vel\u0151d\u00e9si. H\u00e1z, Szob<br \/>\r\nFiatal K\u00e9pz\u0151m\u0171v\u00e9szek St\u00fadi\u00f3ja, Ernst M\u00fazeum, Budapest<br \/>\r\nP\u00e9csi Grafikai M\u0171hely, P\u00e9cs<\/p>\r\n<p>1975<br \/>\r\nXIV. Grafikai Ki\u00e1ll\u00edt\u00e1s, Likovni Susret, Szabadka<br \/>\r\nGraficka Radionica Pecuj, Galerie Moderne, Szabadka<br \/>\r\nVIII. Orsz\u00e1gos Grafikai Bienn\u00e1l\u00e9, Miskolc<br \/>\r\nFiatal K\u00e9pz\u0151m\u0171v\u00e9szek St\u00fadi\u00f3ja, Ernst M\u00fazeum, Budapest<br \/>\r\nH\u00f3dolat Michelangel\u00f3nak, Herman Otto M\u00fazeum, Miskolc<\/p>\r\n<p>1976<br \/>\r\nNeue Ungarishe Graphische Sch\u00fale, Gal\u00e9rie Puth, Frankfurt<br \/>\r\nP\u00e9csi Grafikai M\u0171hely, V\u00e1rosi K\u00e9pt\u00e1r, P\u00e9cs<br \/>\r\nII. Dun\u00e1nt\u00fali T\u00e1rlat, Kaposv\u00e1r<br \/>\r\nFiatal K\u00e9pz\u0151m\u0171v\u00e9szek St\u00fadi\u00f3ja, Ernst M\u00fazeum, Budapest<br \/>\r\nWorld Print Competition, Museum of Modern Art, San Francisco<\/p>\r\n<p>1977<br \/>\r\nSt\u00fadi\u00f3 77, Cs\u00f3k Istv\u00e1n K\u00e9pt\u00e1r, Sz\u00e9kesfeh\u00e9rv\u00e1r<br \/>\r\nFiatal K\u00e9pz\u0151m\u0171v\u00e9szek St\u00fadi\u00f3ja, Ernst M\u00fazeum, Budapest<\/p>\r\n<p>1978<br \/>\r\nUngarische Graphik, Berliner Stadtbibliothek, Berlin<br \/>\r\nP\u00e9csi grafikusok, Gal\u00e9ria Prizmat, Krakk\u00f3<\/p>\r\n<p>1979<br \/>\r\nGrafika \u201978, Magyar Nemzeti Gal\u00e9ria, Budapest<br \/>\r\nPrzeciw wojnie, Koncentr\u00e1ci\u00f3s T\u00e1bor M\u00fazeum, Majdanek-Lublin<br \/>\r\nMagyar grafika \u00e9s kisplasztika, Moszkva, Vars\u00f3<br \/>\r\nVIII. Graphikb\u00f6rse, Lipcse<br \/>\r\nUngarische Grafik, Magyar Kult\u00fara H\u00e1za, Berlin<\/p>\r\n<p>1980<br \/>\r\n\u00daj szerzem\u00e9nyek, Magyar Nemzeti Gal\u00e9ria, Budapest<br \/>\r\nV. Orsz\u00e1gos T\u00e1jk\u00e9pbienn\u00e1l\u00e9, Hatvani Gal\u00e9ria, Hatvan<br \/>\r\nRajz-Drawing, P\u00e9csi Gal\u00e9ria, P\u00e9cs<br \/>\r\nFot\u00f3 a k\u00e9pz\u0151m\u0171v\u00e9szetben, Magyar Kult\u00fara H\u00e1za, Berlin<br \/>\r\nFot\u00f3hat\u00e1sok a k\u00e9pz\u0151m\u0171v\u00e9szetben, Hely\u0151rs\u00e9gi M\u0171vel\u0151d\u00e9si K\u00f6zpont, Sz\u00e9kesfeh\u00e9rv\u00e1r<br \/>\r\nVII. Nemzetk\u00f6zi Grafikai Bienn\u00e1l\u00e9, Krakk\u00f3<br \/>\r\nMesters\u00e9g\u00fcnk kr\u00f3nik\u00e1ja, Vigad\u00f3 Gal\u00e9ria, Budapest<\/p>\r\n<p>1981<br \/>\r\nA Magyar K\u00e9pz\u0151m\u0171v\u00e9szek Sz\u00f6vets\u00e9ge Grafikai ki\u00e1ll\u00edt\u00e1sa, T\u00f6rt\u00e9neti M\u00fazeum, Budapest<br \/>\r\nNajmoszev, Problemy i Programy ,Szalon Sztuki, Wroclaw<br \/>\r\nII. Nemzetk\u00f6zi Rajztrienn\u00e1l\u00e9, Wroclav <br \/>\r\nII. Biennale der Europaischen Druckgraphik, Baden-Baden<br \/>\r\nImages , Printing \u201981 Maison de la Cultur Namur, Br\u00fcsszel<br \/>\r\nXIV.Nemzetk\u00f6zi Fest\u0151hetek, Neue Gal\u00e9rie am Landesmuseum Joanneum, Graz<br \/>\r\nKunstmesse, Basel<br \/>\r\nXI. Orsz\u00e1gos Grafikai Bienn\u00e1l\u00e9, Miskolc<\/p>\r\n<p>1982<br \/>\r\nOrsz\u00e1gos K\u00e9pz\u0151m\u0171v\u00e9szeti Ki\u00e1ll\u00edt\u00e1s, M\u0171csarnok, Budapest<br \/>\r\nFot\u00f3haszn\u00e1lat a grafik\u00e1ban, \u00d3buda Gal\u00e9ria, Budapest<br \/>\r\nSzoci\u00f3grafika, \u00d3buda Gal\u00e9ria, Hagyom\u00e1ny I. Pataki Gal\u00e9ria, Budapest<br \/>\r\nI.Orsz\u00e1gos Rajzbienn\u00e1l\u00e9, Salg\u00f3tarj\u00e1n<br \/>\r\nNorwegian Internationale Print Biennale, Fredrikstad<\/p>\r\n<p>1983<br \/>\r\nNeun K\u00fcnstler aus S\u00fcdungarn, Neue Galerie, Graz<\/p>\r\n<p>1984<br \/>\r\nOrsz\u00e1gos K\u00e9pz\u0151m\u0171v\u00e9szeti Ki\u00e1ll\u00edt\u00e1s, M\u0171csarnok, Budapes<br \/>\r\n\u00d6t p\u00e9csi k\u00e9pz\u0151m\u0171v\u00e9sz, D\u00fcrer Terem, Budapest<br \/>\r\nRajz\/Drawing \u201984, P\u00e9csi Gal\u00e9ria, P\u00e9cs<br \/>\r\nK\u00fcnstler aus S\u00fcd-West Ungarn, Agropark, Leipzig<\/p>\r\n<p>1985<br \/>\r\nA term\u00e9szet The natur, P\u00e9csi Gal\u00e9ria, P\u00e9cs.<br \/>\r\nPrzeciw \u2013 wojne \u2013 A h\u00e1bor\u00fa ellen, Muzeum Majdanek, Lublin<\/p>\r\n<p>1987<br \/>\r\nVI. Dun\u00e1nt\u00fali T\u00e1rlat, Kaposv\u00e1r<\/p>\r\n<p>1988<br \/>\r\nRajz\/Drawing \u201988, P\u00e9csi Gal\u00e9ria, P\u00e9cs<\/p>\r\n<p>1986<br \/>\r\nD\u00e9l- Dun\u00e1nt\u00fali m\u0171v\u00e9szek, Tornyai J\u00e1nos M\u00fazeum, H\u00f3dmez\u0151v\u00e1s\u00e1rhely<\/p>\r\n<p>1988<br \/>\r\nIV. Orsz\u00e1gos Rajzbienn\u00e1l\u00e9, Salg\u00f3tarj\u00e1n<br \/>\r\nTavaszi T\u00e1rlat, M\u0171csarnok , Budapest<\/p>\r\n<p>1989<br \/>\r\nSzegedi T\u00e1blak\u00e9pfest\u00e9szeti Bienn\u00e1l\u00e9, M\u00f3ra Ferenc M\u00fazeum K\u00e9pt\u00e1ra, Szeged<br \/>\r\nT\u00e9li T\u00e1rlat, M\u0171csarnok, Budapest<\/p>\r\n<p>1990<br \/>\r\nV. Orsz\u00e1gos Rajzbienn\u00e1l\u00e9, Salg\u00f3tarj\u00e1n<\/p>\r\n<p>1991<br \/>\r\nI. Budapesti Art Exp\u00f3 \u201991, Budapest<\/p>\r\n<p>1992<br \/>\r\n6 K\u00fcnstler aus P\u00e9cs, K\u00fcnstlerhaus, Graz<br \/>\r\nPinczehelyi, Gell\u00e9r, Valk\u00f3, Galerie Baby K. Frankfurt<\/p>\r\n<p>1993<br \/>\r\nVari\u00e1ci\u00f3k pop art-ra. 195o-199o. Ernst M\u00fazeum, Budapest<\/p>\r\n<p>1994<br \/>\r\nHolocaust eml\u00e9kki\u00e1ll\u00edt\u00e1s, M\u0171v\u00e9szetek H\u00e1za, Szeksz\u00e1rd<br \/>\r\nV\u00e1logatta: Aknai Tam\u00e1s, N\u00e9gy p\u00e9csi k\u00e9pz\u0151m\u0171v\u00e9sz, P\u00e9csi Gal\u00e9ria<\/p>\r\n<p>1995<br \/>\r\nOrsz\u00e1gos Kisplasztikai Bienn\u00e1l\u00e9, P\u00e9csi Gal\u00e9ria, P\u00e9cs<\/p>\r\n<p>1996<br \/>\r\nEr-Z\u00f3, P\u00e9csi Gal\u00e9ria, P\u00e9cs<br \/>\r\nA Dun\u00e1nt\u00fali T\u00e1rlatok nagyd\u00edjasainak ki\u00e1ll\u00edt\u00e1sa, Vaszary K\u00e9pt\u00e1r, Kaposv\u00e1r<\/p>\r\n<p>1997<br \/>\r\nDiaszp\u00f3ra (\u00e9s) M\u0171v\u00e9szet, Zsid\u00f3 M\u00fazeum, Budapest<br \/>\r\nFeh\u00e9r k\u00e9pek, Vigad\u00f3 Gal\u00e9ria Budapest<br \/>\r\nBudapest egyes\u00edt\u00e9s\u00e9nek 125. \u00e9vfordul\u00f3ja, Budapest Gal\u00e9ria, Budapest<br \/>\r\nP\u00e9csi k\u00e9pz\u0151m\u0171v\u00e9szek, Corvinus Hotel Kempinski, Budapest<\/p>\r\n<p>1998<br \/>\r\nMesterek \u00e9s tan\u00edtv\u00e1nyok, Gal\u00e9ria. Krzysztofory, Krakk\u00f3<br \/>\r\n\u00d6t m\u0171v\u00e9sz P\u00e9csr\u0151l, Magyar F\u0151konzul\u00e1tus, New-York<\/p>\r\n<p>1999<br \/>\r\nMelank\u00f3lia, Ernst M\u00fazeum, Budapest \/katal\u00f3gus\/<br \/>\r\nII. M\u0171v\u00e9szeti \u00c1llami D\u00edjazottak, Palme H\u00e1z, Budapest<br \/>\r\nD\u00edjazottak, Hegyvid\u00e9ki Kort\u00e1rs Gal\u00e9ria, Budapest<br \/>\r\nBet\u0171 a k\u00e9pben, II. Fest\u00e9szeti Trienn\u00e1l\u00e9, M\u0171v\u00e9szetek H\u00e1za, Szeksz\u00e1rd, \/kat.\/<\/p>\r\n<p>2000<br \/>\r\nA t\u00e1rlat, P\u00e9cs-Baranya 2000, P\u00e9csi Gal\u00e9ria, \/ katal\u00f3gus\/<br \/>\r\nI. Orsz\u00e1gos pap\u00edrm\u0171v\u00e9szeti Ki\u00e1ll\u00edt\u00e1s, Vaszary K\u00e9pt\u00e1r, Kaposv\u00e1r, \/kat.\/<\/p>\r\n<p>2001<br \/>\r\nFeket\u00e9n-feh\u00e9ren, M\u0171csarnok, Budapest, \/katal\u00f3gus\/<br \/>\r\nF\u00e9ny \u00e9s \u00e1rny\u00e9k, Kecskem\u00e9ti K\u00e9pt\u00e1r, Kecskem\u00e9t \/kat.\/<br \/>\r\nHommage a Kurt\u00e1g Gy\u00f6rgy, Balatonf\u00f6ldv\u00e1r<br \/>\r\nPap\u00edr, anyag, fel\u00fclet, t\u00f6meg, M\u0171v\u00e9szet malom, Szentendre, \/kat.\/<br \/>\r\nSikl\u00f3si Szalon, Sikl\u00f3si V\u00e1r, Sikl\u00f3s \/kat\/<br \/>\r\nM\u0171v\u00e9szek P\u00e9csr\u0151l, Istarska Sabornica, Porec (Horv\u00e1torsz\u00e1g)<br \/>\r\nKulturni Centar Galerij \u201eSalom\u201d, Z\u00e1gr\u00e1b, \/k\u00f6z\u00f6s kat.\/<br \/>\r\nP\u00e9csi M\u0171v\u00e9szek, Esz\u00e9k<\/p>\r\n<p>2002<br \/>\r\nXXI. Nemzeti \u00e9s Nemzetk\u00f6zi Grafikai Bienn\u00e1le, Miskolc, \/kat\/<br \/>\r\n\u201eMatric\u00e1k\u201d, II. Nemzetk\u00f6zi elektrografikai ki\u00e1ll\u00edt\u00e1s, \u00dajpesti IH Gal\u00e9ri\u00e1ja, Budapest<br \/>\r\nP\u00e9csi M\u0171v\u00e9szek, Koppenh\u00e1ga, Stockholm<br \/>\r\nP\u00e9csi M\u0171v\u00e9szek, Gal\u00e9ria Piano Nobile, Krakk\u00f3<br \/>\r\n25. Jubileum, P\u00e9csi Gal\u00e9ria, P\u00e9cs<\/p>\r\n<p>2003<br \/>\r\nXXXII. Ny\u00e1ri T\u00e1rlat, Szeged, \/kat.\/<br \/>\r\nA t\u00f6red\u00e9k metafor\u00e1i, Vigad\u00f3 Gal\u00e9ria, Budapest, \/katal\u00f3gus, tanulm\u00e1ny\/<\/p>\r\n<p>2004<br \/>\r\nXXII. Miskolci Grafikai Bienn\u00e1le, \/kat.\/<br \/>\r\nN\u00e9gyen P\u00e9csr\u0151l, Galeri\u00e9 Caesar, Olm\u00fctz, \/kat.\/<br \/>\r\nP\u00e9cs-Baranyai m\u0171v\u00e9szek, Nemzeti Sz\u00ednh\u00e1z, Zikkurat, Budapest \/kat.\/<br \/>\r\nP\u00e9cs-Baranyai m\u0171v\u00e9szek, Casa Tranzit, Kolozsv\u00e1r<\/p>\r\n<p>2005<br \/>\r\n\u00c1ldozat-engesztel\u00e9s, Magyar Zsid\u00f3 M\u00fazeum, Budapest, \/kat.\/<br \/>\r\nElektrografika, Sz\u00e9kesfeh\u00e9rv\u00e1r<br \/>\r\nP\u00e9csi m\u0171v\u00e9szek, Magyar K\u00e9pz\u0151m\u0171v\u00e9szek. Sz\u00f6vets\u00e9g\u00e9nek. Ki\u00e1ll\u00edt\u00f3terme, Budapest<br \/>\r\nMediterr\u00e1n Gr\u00fcsse aus P\u00e9cs, Reatlingen \/kat.\/<\/p>\r\n<p>2006<br \/>\r\nXXIII: Nemzeti \u00e9s Nemzetk\u00f6zi Grafikai Bienn\u00e1l\u00e9, Miskolc<br \/>\r\nFriss Eur\u00f3pa, Kogart, Budapest<br \/>\r\nMediterr\u00e1n \u00fcdv\u00f6zlet , P\u00e9csi m\u0171v\u00e9szek, Gal\u00e9rie Mesta, Pilzen,<\/p>\r\n<p>2007<br \/>\r\nFriss Eur\u00f3pa, Kogart, Budapest<br \/>\r\n30 \u00e9ves Jubileumi ki\u00e1ll\u00edt\u00e1s, P\u00e9csi Gal\u00e9ria, P\u00e9cs<br \/>\r\n50 \u00e9ves a P\u00e9csi M\u0171v\u00e9szeti Szakk\u00f6z\u00e9piskola, P\u00e9csi Gal\u00e9ria<br \/>\r\n\u201eMeeting Point\u201d, Nemzetk\u00f6zi Bienn\u00e1le, Arad, P\u00e9cs<\/p>\r\n<p>2008<br \/>\r\nXXIV. Nemzeti \u00e9s Nemzetk\u00f6zi Grafikai Bienn\u00e1l\u00e9, Miskolc<br \/>\r\nA m\u00e1sodik gener\u00e1ci\u00f3, 1946-1966, 2B Gal\u00e9ria, Budapest<br \/>\r\nTestv\u00e9ris\u00e9g?! Szlov\u00e1k Kult\u00fara H\u00e1za, Budapest<\/p>\r\n<p>2009<br \/>\r\nAkzent Ungarn, Ungarische Kunst 1960 bis 1990, aus der Sammlung der Neuen Galerie Graz \/kat.\/<\/p>\r\n<p>2010<br \/>\r\nSz\u00edn, forma, st\u00edlus, P\u00e9cs 2010.Eur\u00f3pa Kultur\u00e1lis F\u0151v\u00e1rosa, Pr\u00e1gai Magyar Int\u00e9zet, Pr\u00e1ga<br \/>\r\nDie Kraft der Diversit\u00e4t \u2022 K\u00fcnstlerische Positionen aus P\u00e9cs- grenzenlos, Coll\u00e9gium Hungaricum, B\u00e9cs<\/p>\r\n<p>2011<br \/>\r\nV\u00edz \u00e9s \u00e9let, K\u00e9pz\u0151m\u0171v\u00e9szeti Trienn\u00e1l\u00e9, Kult\u00farpalota, Baja<br \/>\r\nMesterek, Zsolnay K\u00falt\u00far\u00e1lis Negyed, M\/21 Gal\u00e9ria, P\u00e9cs<br \/>\r\n\u2026\u00c9s a zsid\u00f3k?, IV. Fest\u00e9szeti Trienn\u00e1l\u00e9, Magyar Zsid\u00f3 M\u00fazeum, Budapest<br \/>\r\nXXV. Nemzeti \u00e9s nemzetk\u00f6zi Grafikai Trienn\u00e1l\u00e9, Miskolc<br \/>\r\nMagyar Fest\u00e9szet napja, M\u0171v\u00e9szetmalom, Szentendre<br \/>\r\nIgazi val\u00f3 vil\u00e1g 2011, P\u00e9csi Gal\u00e9ria, P\u00e9cs<br \/>\r\n8 b\u00f3l 8, Neon Gal\u00e9ria, Budapest<\/p>\r\n<p>2012<br \/>\r\nWechselstr\u00f6me-V\u00e1lt\u00f3\u00e1ramlatok, Imago, Kunstverein Vedemark, Bissendorf \/D\/<br \/>\r\nMagyar fest\u00e9szet hete, Magyar nemzeti Gal\u00e9ria, Budapest<br \/>\r\n35 \u00e9v, Jubileumi Ki\u00e1ll\u00edt\u00e1s, P\u00e9csi Gal\u00e9ria, P\u00e9cs<\/p>\r\n<p>2014<br \/>\r\nP\u00e9csi metszet, Z\u00e1gr\u00e1bi Magyar int\u00e9zet, Z\u00e1gr\u00e1b<\/p>\r\n<p>2015<br \/>\r\nDilemma, Mesterek, \u00e9s doktoranduszok, M\/21 Gal\u00e9ria, P\u00e9cs<br \/>\r\nAz intimit\u00e1st\u00f3l a k\u00f6zszf\u00e9r\u00e1ig, M\u0171v\u00e9szetmalom, Szentendre<\/p>\r\n<p>2017<br \/>\r\nFot\u00f3\/szint\u00e9zis, Szombathelyi K\u00e9pt\u00e1r, Szombathely<\/p>\r\n<p>2018<br \/>\r\nGy\u00e1rf\u00e1s P\u00e9ter gy\u00fcjtem\u00e9nye, Budapest Gal\u00e9ria, \u00d3buda<\/p>\r\n<p>2019<br \/>\r\n\u00daj Dun\u00e1nt\u00fali T\u00e1rlat, Magt\u00e1r, Balatonalm\u00e1di<\/p>\r\n<p>D\u00edjak, kit\u00fcntet\u00e9sek:<\/p>\r\n<p>1974 \u201eSz\u00e1zadunk\u201d Fiatal M\u0171v\u00e9szek St\u00fadi\u00f3ja<br \/>\r\n1977 Orsz\u00e1gos Grafikai Bienn\u00e1l\u00e9 SZOT d\u00edja<br \/>\r\n1980 Hatvani T\u00e1jk\u00e9pbienn\u00e1l\u00e9, M\u0171v\u00e9szeti Alap d\u00edja<br \/>\r\n1981 Dun\u00e1nt\u00fali T\u00e1rlat, N\u00edv\u00f3d\u00edj<br \/>\r\n1982 Baranya megyei T\u00e1rlat f\u0151d\u00edja<br \/>\r\n1984 V. Dun\u00e1nt\u00fali T\u00e1rlat nagyd\u00edja<br \/>\r\n1985 Baranya megyei T\u00e1rlat, Magyar K\u00e9pz\u0151m\u0171v\u00e9szek Szervezete<br \/>\r\n1985 Majdanek, I. Nemzetk\u00f6zi M\u0171v\u00e9szeti Trienn\u00e1l\u00e9, n\u00edv\u00f3d\u00edj<br \/>\r\n1990 V. Orsz\u00e1gos Rajzbienn\u00e1l\u00e9, Salg\u00f3tarj\u00e1n<br \/>\r\n1990 VII. Dun\u00e1nt\u00fali T\u00e1rlat n\u00edv\u00f3d\u00edja<br \/>\r\n1997 Magyar Fest\u0151k T\u00e1rsas\u00e1ga, MAOE d\u00edja<br \/>\r\n2011 II. V\u00edz \u00e9s \u00e9let K\u00e9pz\u0151m\u0171v\u00e9szeti Trienn\u00e1l\u00e9, Baja, II. d\u00edj<br \/>\r\n1996 Pro-Civitate, P\u00e9cs<br \/>\r\n1999 Munk\u00e1csy-d\u00edj<\/p>\r\n<p>M\u0171vei k\u00f6zgy\u0171jtem\u00e9nyekben:<\/p>\r\n<p>Magyar Nemzeti Gal\u00e9ria, Budapest<br \/>\r\n\u00c1llami M\u00fazeum, Vars\u00f3<br \/>\r\n\u00c1llami M\u00fazeum, Majdanek, Lublin<br \/>\r\nNeue Galerie am Landesmuseum Joanneum, Graz,<br \/>\r\nN\u00f3gr\u00e1di T\u00f6rt\u00e9neti M\u00fazeum, Salg\u00f3tarj\u00e1n,<br \/>\r\nRippl-R\u00f3nai M\u00fazeum, Kaposv\u00e1r,<br \/>\r\nSzombathelyi K\u00e9pt\u00e1r, Szombathely<br \/>\r\nXantus J\u00e1nos M\u00fazeum, Patk\u00f3 Gy\u0171jtem\u00e9ny, Gy\u0151r<br \/>\r\nV\u00e1rosi K\u00e9pt\u00e1r, Gy\u0151r<br \/>\r\nPaksi K\u00e9pt\u00e1r, Paks<br \/>\r\nMagyar Zsid\u00f3 M\u00fazeum, Budapest<\/p>\r\n<p><a href=\"https:\/\/exindex.hu\/wp-content\/uploads\/muteremben-1996.jpg\"><img loading=\"lazy\" decoding=\"async\" class=\"aligncenter size-full wp-image-2048191\" src=\"https:\/\/exindex.hu\/wp-content\/uploads\/muteremben-1996.jpg\" alt=\"\" width=\"1131\" height=\"800\" srcset=\"https:\/\/exindex.hu\/wp-content\/uploads\/muteremben-1996.jpg 1131w, https:\/\/exindex.hu\/wp-content\/uploads\/muteremben-1996-360x255.jpg 360w, https:\/\/exindex.hu\/wp-content\/uploads\/muteremben-1996-768x543.jpg 768w\" sizes=\"auto, (max-width: 1131px) 100vw, 1131px\" \/><\/a><\/p>","protected":false},"excerpt":{"rendered":"<p>79 \u00e9ves kor\u00e1ban elhunyt Valk\u00f3 L\u00e1szl\u00f3 Munk\u00e1csy Mih\u00e1ly-d\u00edjas fest\u0151- \u00e9s grafikusm\u0171v\u00e9sz, pedag\u00f3gus, egyetemi tan\u00e1r. Kaposv\u00e1ron sz\u00fcletett 1946. m\u00e1jus 15.-\u00e9n. 1960\u20131964 k\u00f6z\u00f6tt a P\u00e9csi M\u0171v\u00e9szeti Gimn\u00e1ziumban tanult. 1966\u20131970 k\u00f6z\u00f6tt a Magyar K\u00e9pz\u0151m\u0171v\u00e9szeti Egyetem hallgat\u00f3ja volt fest\u0151 \u00e9s sokszoros\u00edt\u00f3 grafika szakon; tan\u00e1rai Bern\u00e1th Aur\u00e9l \u00e9s Iv\u00e1n Szil\u00e1rd voltak. 1972-t\u0151l ki\u00e1ll\u00edt\u00f3 m\u0171v\u00e9sz. 1997-t\u0151l a Magyar Fest\u0151k T\u00e1rsas\u00e1g\u00e1nak tagja. [&hellip;]<\/p>\n","protected":false},"author":2,"featured_media":2048188,"parent":0,"comment_status":"closed","ping_status":"closed","sticky":false,"template":"","format":"standard","meta":{"_acf_changed":false,"footnotes":""},"categories":[3],"tags":[],"class_list":["post-2048185","post","type-post","status-publish","format-standard","has-post-thumbnail","hentry","category-hirek"],"acf":[],"_links":{"self":[{"href":"https:\/\/exindex.hu\/hu\/wp-json\/wp\/v2\/posts\/2048185","targetHints":{"allow":["GET"]}}],"collection":[{"href":"https:\/\/exindex.hu\/hu\/wp-json\/wp\/v2\/posts"}],"about":[{"href":"https:\/\/exindex.hu\/hu\/wp-json\/wp\/v2\/types\/post"}],"author":[{"embeddable":true,"href":"https:\/\/exindex.hu\/hu\/wp-json\/wp\/v2\/users\/2"}],"replies":[{"embeddable":true,"href":"https:\/\/exindex.hu\/hu\/wp-json\/wp\/v2\/comments?post=2048185"}],"version-history":[{"count":3,"href":"https:\/\/exindex.hu\/hu\/wp-json\/wp\/v2\/posts\/2048185\/revisions"}],"predecessor-version":[{"id":2048200,"href":"https:\/\/exindex.hu\/hu\/wp-json\/wp\/v2\/posts\/2048185\/revisions\/2048200"}],"wp:featuredmedia":[{"embeddable":true,"href":"https:\/\/exindex.hu\/hu\/wp-json\/wp\/v2\/media\/2048188"}],"wp:attachment":[{"href":"https:\/\/exindex.hu\/hu\/wp-json\/wp\/v2\/media?parent=2048185"}],"wp:term":[{"taxonomy":"category","embeddable":true,"href":"https:\/\/exindex.hu\/hu\/wp-json\/wp\/v2\/categories?post=2048185"},{"taxonomy":"post_tag","embeddable":true,"href":"https:\/\/exindex.hu\/hu\/wp-json\/wp\/v2\/tags?post=2048185"}],"curies":[{"name":"wp","href":"https:\/\/api.w.org\/{rel}","templated":true}]}}