{"id":2048203,"date":"2026-05-01T15:33:29","date_gmt":"2026-05-01T14:33:29","guid":{"rendered":"https:\/\/exindex.hu\/?p=2048203"},"modified":"2026-05-02T10:24:23","modified_gmt":"2026-05-02T09:24:23","slug":"%e2%80%a0-georg-baselitz","status":"publish","type":"post","link":"https:\/\/exindex.hu\/hu\/hirek\/%e2%80%a0-georg-baselitz\/","title":{"rendered":"\u2020 Georg Baselitz"},"content":{"rendered":"<p><a href=\"https:\/\/exindex.hu\/wp-content\/uploads\/baselitz2-rotated.jpg\"><img loading=\"lazy\" decoding=\"async\" class=\"aligncenter size-full wp-image-2048206\" src=\"https:\/\/exindex.hu\/wp-content\/uploads\/baselitz2-rotated.jpg\" alt=\"\" width=\"997\" height=\"638\" srcset=\"https:\/\/exindex.hu\/wp-content\/uploads\/baselitz2-rotated.jpg 997w, https:\/\/exindex.hu\/wp-content\/uploads\/baselitz2-360x230.jpg 360w, https:\/\/exindex.hu\/wp-content\/uploads\/baselitz2-768x491.jpg 768w\" sizes=\"auto, (max-width: 997px) 100vw, 997px\" \/><\/a><\/p>\r\n<p>Nyolcvannyolc \u00e9ves kor\u00e1ban elhunyt Georg Baselitz (eredeti nev\u00e9n Hans-Georg Kern) n\u00e9met k\u00e9pz\u0151m\u0171v\u00e9sz.<\/p>\r\n<p>Fels\u0151lausitzban sz\u00fcletett 1938. janu\u00e1r 23.-\u00e1n. 1956-ban kezdte meg m\u0171v\u00e9szeti tanulm\u00e1nyait az akkori NDK-ban a kelet-berlini Hochschule f\u00fcr bildende K\u00fcnste (Berlin-Wei\u00dfensee) f\u0151iskol\u00e1n Walter Womack\u00e1n\u00e1l. 1957-t\u0151l Nyugat-Berlinben Hann Trier professzorn\u00e1l tanult. Ezut\u00e1n Nyugat-Berlinben telepedett le. 1965-ben Villa Romana-d\u00edjat kapott.<\/p>\r\n<p>Baselitz az 1960-as \u00e9vekben robbant be a n\u00e9met m\u0171v\u00e9szeti k\u00f6ztudatba, form\u00e1lis nyersess\u00e9g\u00e9vel \u00e9s az azzal p\u00e1rhuzamosan k\u00ednz\u00f3 t\u00e9m\u00e1ival: \u00e1tt\u00f6r\u00e9st hoz\u00f3 \u201eH\u0151s\u00f6k\u201d sorozat\u00e1ban (1965\u201366) felf\u00fajt, t\u00f6m\u00f6r alakok egyens\u00falyoznak romos \u00e9p\u00fcleteken \u00e9s led\u00f6nt\u00f6tt z\u00e1szl\u00f3kra. Szemein kereszt\u00fcl a h\u00e1bor\u00fa ut\u00e1ni n\u00e9met t\u00e1rsadalom nyersnek \u00e9s feszesnek t\u0171nt, mint egy kitett izom. Ezt k\u00f6vette a \u201eFracture\u201d sorozata, amelyben a fejsz\u00e9szek \u00e9s a zs\u00e1km\u00e1ny egyar\u00e1nt sz\u00e9t van t\u00e9pve, majd visszavarrva a mitikus germ\u00e1n erd\u0151kbe \u2013 \u201emegsebes\u00fclt t\u00e1jakba\u201d, ahogy \u0151 maga \u00edrta le \u0151ket. 1969-t\u0151l alkot\u00e1sainak jellegzetess\u00e9ge, hogy sz\u00f3 szerint feje tetej\u00e9re \u00e1ll\u00edtja a l\u00e1tv\u00e1nyt. E &#8222;mesterfog\u00e1s&#8221;, a portr\u00e9k fejjel lefel\u00e9 t\u00f6rt\u00e9n\u0151 megfest\u00e9se r\u00e9v\u00e9n \u00fagy v\u00e9lte, ez\u00e1ltal felszabad\u00edtotta a fest\u00e9szetet.<\/p>\r\n<p>\u0150 volt a minimalizmust b\u00edr\u00e1l\u00f3 1980-as \u00e9vekbeli neoexpresszionista mozgalom egyik hajt\u00f3ereje. K\u00e9s\u0151bb a n\u0151i m\u0171v\u00e9szekr\u0151l tett megjegyz\u00e9sei miatt heves b\u00edr\u00e1latok keresztt\u00fcz\u00e9be ker\u00fclt. A Covid-19-j\u00e1rv\u00e1ny idej\u00e9n \u00fajabb, m\u00e1sfajta vit\u00e1t v\u00e1ltott ki. \u0150 is azok k\u00f6z\u00e9 tartozott N\u00e9metorsz\u00e1gban, akik el\u00edt\u00e9lt\u00e9k a betegs\u00e9g terjed\u00e9s\u00e9nek megf\u00e9kez\u00e9s\u00e9re ir\u00e1nyul\u00f3 korm\u00e1nyzati int\u00e9zked\u00e9seket, k\u00f6zt\u00fck a fert\u0151z\u00e9sv\u00e9delmi t\u00f6rv\u00e9nyt.<\/p>\r\n<p>Reput\u00e1ci\u00f3ja azonban minden vit\u00e1t mag\u00e1ba sz\u00edvott, \u00e9s \u00fagy t\u0171nt, alig \u00e9rintette \u0151t. Az elm\u00falt \u00e9vekben h\u00edrneve tov\u00e1bb er\u0151s\u00f6d\u00f6tt, k\u00f6sz\u00f6nhet\u0151en t\u00f6bbek k\u00f6z\u00f6tt a Munch M\u00fazeumban, a Morgan Library &amp; Museumban, a Metropolitan M\u00fazeumban, a Pinakothek der Moderne-ban \u00e9s a Centre Pompidou-ban rendezett egy\u00e9ni ki\u00e1ll\u00edt\u00e1sainak. Sz\u00e1mos kit\u00fcntet\u00e9se k\u00f6z\u00f6tt szerepel a francia L\u00e9gion d\u2019Honneur \u00e9s a Chevalier de l\u2019Ordre des Arts et des Lettres, az osztr\u00e1k Decoration of Honour for Science and Art, valamint a krakk\u00f3i K\u00e9pz\u0151m\u0171v\u00e9szeti Akad\u00e9mia tiszteletbeli professzori c\u00edme. Az 1980-as \u00e9vekt\u0151l kezdve t\u00f6bbsz\u00f6r is r\u00e9szt vett a Velencei Bienn\u00e1l\u00e9 ki\u00e1ll\u00edt\u00e1sain.<\/p>\r\n<p>\u00c9lete v\u00e9g\u00e9n k\u00e9sz\u00edtett interj\u00fakban gyakran visszat\u00e9rt a m\u00faltj\u00e1ra, \u00e9s visszatekintve m\u0171v\u00e9szi p\u00e1lyafut\u00e1s\u00e1nak kezdet\u00e9t a sz\u00f6vets\u00e9gesek 1945 eleji drezdai bomb\u00e1z\u00e1saihoz k\u00f6t\u00f6tte. \u201eMindig is \u00fagy gondoltam, hogy amit csin\u00e1lok, az a val\u00f3s \u00e9let melank\u00f3li\u00e1ja\u201d.<\/p>\r\n<p><a href=\"https:\/\/exindex.hu\/wp-content\/uploads\/baselitz3.webp\"><img loading=\"lazy\" decoding=\"async\" class=\"aligncenter size-large wp-image-2048212\" src=\"https:\/\/exindex.hu\/wp-content\/uploads\/baselitz3.webp\" alt=\"\" width=\"900\" height=\"675\" srcset=\"https:\/\/exindex.hu\/wp-content\/uploads\/baselitz3.webp 1000w, https:\/\/exindex.hu\/wp-content\/uploads\/baselitz3-360x270.webp 360w, https:\/\/exindex.hu\/wp-content\/uploads\/baselitz3-768x576.webp 768w\" sizes=\"auto, (max-width: 900px) 100vw, 900px\" \/><\/a><a href=\"https:\/\/exindex.hu\/wp-content\/uploads\/baselitz4-e1777713841996.jpg\"><img loading=\"lazy\" decoding=\"async\" class=\"aligncenter size-large wp-image-2048257\" src=\"https:\/\/exindex.hu\/wp-content\/uploads\/baselitz4-e1777713841996-900x1200.jpg\" alt=\"\" width=\"900\" height=\"1200\" srcset=\"https:\/\/exindex.hu\/wp-content\/uploads\/baselitz4-e1777713841996-900x1200.jpg 900w, https:\/\/exindex.hu\/wp-content\/uploads\/baselitz4-e1777713841996-270x360.jpg 270w, https:\/\/exindex.hu\/wp-content\/uploads\/baselitz4-e1777713841996-768x1024.jpg 768w, https:\/\/exindex.hu\/wp-content\/uploads\/baselitz4-e1777713841996-1152x1536.jpg 1152w, https:\/\/exindex.hu\/wp-content\/uploads\/baselitz4-e1777713841996.jpg 1440w\" sizes=\"auto, (max-width: 900px) 100vw, 900px\" \/><\/a><\/p>","protected":false},"excerpt":{"rendered":"<p>Nyolcvannyolc \u00e9ves kor\u00e1ban elhunyt Georg Baselitz (eredeti nev\u00e9n Hans-Georg Kern) n\u00e9met k\u00e9pz\u0151m\u0171v\u00e9sz. Fels\u0151lausitzban sz\u00fcletett 1938. janu\u00e1r 23.-\u00e1n. 1956-ban kezdte meg m\u0171v\u00e9szeti tanulm\u00e1nyait az akkori NDK-ban a kelet-berlini Hochschule f\u00fcr bildende K\u00fcnste (Berlin-Wei\u00dfensee) f\u0151iskol\u00e1n Walter Womack\u00e1n\u00e1l. 1957-t\u0151l Nyugat-Berlinben Hann Trier professzorn\u00e1l tanult. Ezut\u00e1n Nyugat-Berlinben telepedett le. 1965-ben Villa Romana-d\u00edjat kapott. Baselitz az 1960-as \u00e9vekben robbant be [&hellip;]<\/p>\n","protected":false},"author":2,"featured_media":2048209,"parent":0,"comment_status":"closed","ping_status":"closed","sticky":false,"template":"","format":"standard","meta":{"_acf_changed":false,"footnotes":""},"categories":[3],"tags":[],"class_list":["post-2048203","post","type-post","status-publish","format-standard","has-post-thumbnail","hentry","category-hirek"],"acf":[],"_links":{"self":[{"href":"https:\/\/exindex.hu\/hu\/wp-json\/wp\/v2\/posts\/2048203","targetHints":{"allow":["GET"]}}],"collection":[{"href":"https:\/\/exindex.hu\/hu\/wp-json\/wp\/v2\/posts"}],"about":[{"href":"https:\/\/exindex.hu\/hu\/wp-json\/wp\/v2\/types\/post"}],"author":[{"embeddable":true,"href":"https:\/\/exindex.hu\/hu\/wp-json\/wp\/v2\/users\/2"}],"replies":[{"embeddable":true,"href":"https:\/\/exindex.hu\/hu\/wp-json\/wp\/v2\/comments?post=2048203"}],"version-history":[{"count":2,"href":"https:\/\/exindex.hu\/hu\/wp-json\/wp\/v2\/posts\/2048203\/revisions"}],"predecessor-version":[{"id":2048260,"href":"https:\/\/exindex.hu\/hu\/wp-json\/wp\/v2\/posts\/2048203\/revisions\/2048260"}],"wp:featuredmedia":[{"embeddable":true,"href":"https:\/\/exindex.hu\/hu\/wp-json\/wp\/v2\/media\/2048209"}],"wp:attachment":[{"href":"https:\/\/exindex.hu\/hu\/wp-json\/wp\/v2\/media?parent=2048203"}],"wp:term":[{"taxonomy":"category","embeddable":true,"href":"https:\/\/exindex.hu\/hu\/wp-json\/wp\/v2\/categories?post=2048203"},{"taxonomy":"post_tag","embeddable":true,"href":"https:\/\/exindex.hu\/hu\/wp-json\/wp\/v2\/tags?post=2048203"}],"curies":[{"name":"wp","href":"https:\/\/api.w.org\/{rel}","templated":true}]}}