{"id":2051497,"date":"2026-08-31T21:27:02","date_gmt":"2026-08-31T20:27:02","guid":{"rendered":"https:\/\/exindex.hu\/?p=2051497"},"modified":"2026-08-31T22:42:48","modified_gmt":"2026-08-31T21:42:48","slug":"ember-embernek-embere-2-vazlatokkal","status":"publish","type":"post","link":"https:\/\/exindex.hu\/hu\/hirek\/ember-embernek-embere-2-vazlatokkal\/","title":{"rendered":"Ember Embernek Embere  2 &#8211; v\u00e1zlatokkal"},"content":{"rendered":"<p><a href=\"https:\/\/exindex.hu\/wp-content\/uploads\/meghivo.jpg\"><img loading=\"lazy\" decoding=\"async\" class=\"aligncenter size-large wp-image-2051500\" src=\"https:\/\/exindex.hu\/wp-content\/uploads\/meghivo-1200x675.jpg\" alt=\"\" width=\"900\" height=\"506\" srcset=\"https:\/\/exindex.hu\/wp-content\/uploads\/meghivo-1200x675.jpg 1200w, https:\/\/exindex.hu\/wp-content\/uploads\/meghivo-360x203.jpg 360w, https:\/\/exindex.hu\/wp-content\/uploads\/meghivo-768x432.jpg 768w, https:\/\/exindex.hu\/wp-content\/uploads\/meghivo-1536x864.jpg 1536w, https:\/\/exindex.hu\/wp-content\/uploads\/meghivo.jpg 1920w\" sizes=\"auto, (max-width: 900px) 100vw, 900px\" \/><\/a><\/p>\r\n<p>2026-09-02 \/ 2026-09-23<br \/>\r\ngaleri ffrindiau (Budapest XI. Csurg\u00f3i \u00fat 15.)<\/p>\r\n<p>Megnyit\u00f3: <strong>2026. szeptember 2. (szerda) 19.00<\/strong><br \/>\r\nMegnyitja: Be\u00f6thy Bal\u00e1zs<br \/>\r\nZen\u00e9l, \u00e9nekel: M\u00e1sik J\u00e1nos<\/p>\r\n<p>G. Horv\u00e1th Bogl\u00e1rka tizenh\u00e1rom esztendeje kezdett dolgozni az <em>Ember embernek embere<\/em> sorozaton, amelynek darabjain a modernizmussal kezd\u0151d\u0151 nyugati m\u0171v\u00e9szeti k\u00e1non sz\u00e1m\u00e1ra inspir\u00e1l\u00f3, p\u00e9ldak\u00e9pnek tekintett csillagait portret\u00edrozza, m\u0171v\u00e9szet\u00fck \u00e9s \u00e9let\u00fck ismert \u00e9s kev\u00e9sb\u00e9 ismert attrib\u00fatumai k\u00f6zepette.<\/p>\r\n<p>A l\u00e9trej\u00f6tt olajfestm\u00e9nyek a portr\u00e9, a csend\u00e9let, a t\u00e1jk\u00e9p kompoz\u00edci\u00f3s megold\u00e1sait \u00fctk\u00f6ztetik az \u00e1br\u00e1zolt m\u0171v\u00e9szek fest\u00e9szeti, szobr\u00e1szati, fotografikus vagy konceptu\u00e1lis gondolkod\u00e1s\u00e1val, kedveltet\u0151, ismeretterjeszt\u0151 \u00e9s m\u0171v\u00e9szetfogalom-t\u00e1g\u00edt\u00f3 sz\u00e1nd\u00e9kkal.<\/p>\r\n<p>Ez alkalommal Banksy, Baselitz, Beckmann, de Kooning, Flavin, Hesse, Hirst, Holzer, Johns, Kapoor, Koons, Lichtenstein, Miller, Newman, Oppenheimer, Reinhardt, Manzoni, Ray, Rist, Rothko, Sherman, Schnabel \u00e9s Tapies \u00e9let\u00e9nek \u00e9s m\u0171v\u00e9szet\u00e9nek mozzanataiba nyerhet\u00fcnk bepillant\u00e1st, a nagyform\u00e1tum\u00fa festm\u00e9nyek mellett a hozz\u00e1juk k\u00e9sz\u00edtett v\u00e1zlatok k\u00eds\u00e9ret\u00e9ben, r\u00e1l\u00e1t\u00e1st engedve a kompoz\u00edci\u00f3k kialakul\u00e1s\u00e1nak folyamat\u00e1ra is.<\/p>","protected":false},"excerpt":{"rendered":"<p>2026-09-02 \/ 2026-09-23 galeri ffrindiau (Budapest XI. Csurg\u00f3i \u00fat 15.) Megnyit\u00f3: 2026. szeptember 2. (szerda) 19.00 Megnyitja: Be\u00f6thy Bal\u00e1zs Zen\u00e9l, \u00e9nekel: M\u00e1sik J\u00e1nos G. Horv\u00e1th Bogl\u00e1rka tizenh\u00e1rom esztendeje kezdett dolgozni az Ember embernek embere sorozaton, amelynek darabjain a modernizmussal kezd\u0151d\u0151 nyugati m\u0171v\u00e9szeti k\u00e1non sz\u00e1m\u00e1ra inspir\u00e1l\u00f3, p\u00e9ldak\u00e9pnek tekintett csillagait portret\u00edrozza, m\u0171v\u00e9szet\u00fck \u00e9s \u00e9let\u00fck ismert \u00e9s kev\u00e9sb\u00e9 [&hellip;]<\/p>\n","protected":false},"author":2,"featured_media":2051530,"parent":0,"comment_status":"closed","ping_status":"closed","sticky":false,"template":"","format":"standard","meta":{"_acf_changed":false,"footnotes":""},"categories":[3],"tags":[],"class_list":["post-2051497","post","type-post","status-publish","format-standard","has-post-thumbnail","hentry","category-hirek"],"acf":[],"_links":{"self":[{"href":"https:\/\/exindex.hu\/hu\/wp-json\/wp\/v2\/posts\/2051497","targetHints":{"allow":["GET"]}}],"collection":[{"href":"https:\/\/exindex.hu\/hu\/wp-json\/wp\/v2\/posts"}],"about":[{"href":"https:\/\/exindex.hu\/hu\/wp-json\/wp\/v2\/types\/post"}],"author":[{"embeddable":true,"href":"https:\/\/exindex.hu\/hu\/wp-json\/wp\/v2\/users\/2"}],"replies":[{"embeddable":true,"href":"https:\/\/exindex.hu\/hu\/wp-json\/wp\/v2\/comments?post=2051497"}],"version-history":[{"count":10,"href":"https:\/\/exindex.hu\/hu\/wp-json\/wp\/v2\/posts\/2051497\/revisions"}],"predecessor-version":[{"id":2051548,"href":"https:\/\/exindex.hu\/hu\/wp-json\/wp\/v2\/posts\/2051497\/revisions\/2051548"}],"wp:featuredmedia":[{"embeddable":true,"href":"https:\/\/exindex.hu\/hu\/wp-json\/wp\/v2\/media\/2051530"}],"wp:attachment":[{"href":"https:\/\/exindex.hu\/hu\/wp-json\/wp\/v2\/media?parent=2051497"}],"wp:term":[{"taxonomy":"category","embeddable":true,"href":"https:\/\/exindex.hu\/hu\/wp-json\/wp\/v2\/categories?post=2051497"},{"taxonomy":"post_tag","embeddable":true,"href":"https:\/\/exindex.hu\/hu\/wp-json\/wp\/v2\/tags?post=2051497"}],"curies":[{"name":"wp","href":"https:\/\/api.w.org\/{rel}","templated":true}]}}