{"id":2051650,"date":"2026-09-02T14:57:43","date_gmt":"2026-09-02T13:57:43","guid":{"rendered":"https:\/\/exindex.hu\/?p=2051650"},"modified":"2026-09-03T15:01:15","modified_gmt":"2026-09-03T14:01:15","slug":"boulevard-es-brezsnyev-20","status":"publish","type":"post","link":"https:\/\/exindex.hu\/hu\/hirek\/boulevard-es-brezsnyev-20\/","title":{"rendered":"Boulevard \u00e9s Brezsnyev 20"},"content":{"rendered":"<p>&nbsp;<\/p>\r\n<p><a href=\"https:\/\/exindex.hu\/wp-content\/uploads\/bubr-1.jpg\"><img loading=\"lazy\" decoding=\"async\" class=\"aligncenter size-large wp-image-2051659\" src=\"https:\/\/exindex.hu\/wp-content\/uploads\/bubr-1-1200x630.jpg\" alt=\"\" width=\"900\" height=\"473\" srcset=\"https:\/\/exindex.hu\/wp-content\/uploads\/bubr-1-1200x630.jpg 1200w, https:\/\/exindex.hu\/wp-content\/uploads\/bubr-1-360x189.jpg 360w, https:\/\/exindex.hu\/wp-content\/uploads\/bubr-1-768x403.jpg 768w, https:\/\/exindex.hu\/wp-content\/uploads\/bubr-1-1536x806.jpg 1536w, https:\/\/exindex.hu\/wp-content\/uploads\/bubr-1.jpg 2048w\" sizes=\"auto, (max-width: 900px) 100vw, 900px\" \/><\/a><\/p>\r\n<p>2026. szeptember 3. \u2013 okt\u00f3ber 3.<br \/>\r\nKult7 Gal\u00e9ria (Budapest, Klauz\u00e1l t\u00e9r 6.)<\/p>\r\n<p>Megnyit\u00f3: 2026. szeptember 3., cs\u00fct\u00f6rt\u00f6k, 19:00<br \/>\r\nA ki\u00e1ll\u00edt\u00e1st Szab\u00f3 No\u00e9mi m\u0171v\u00e9szett\u00f6rt\u00e9n\u00e9sz nyitja meg.<br \/>\r\nA megnyit\u00f3 alkalm\u00e1val felcsend\u00fcl Borlai Gerg\u0151 &#8222;F\u00e9ny&#8221; c\u00edm\u0171 zeneinstall\u00e1ci\u00f3ja.<\/p>\r\n<p>Id\u00e9n h\u00fasz \u00e9ve annak, hogy Budapesten, a Kir\u00e1ly utc\u00e1ban megny\u00edlt a Boulevard \u00e9s Brezsnyev Kort\u00e1rs M\u0171v\u00e9szeti Gal\u00e9ria. A BB Gal\u00e9ria 2006 \u00e9s 2011 k\u00f6z\u00f6tt t\u00f6bb mint sz\u00e1z ki\u00e1ll\u00edt\u00e1st rendezett, amelyeken t\u00f6bb mint n\u00e9gysz\u00e1z m\u0171v\u00e9sz \u00e9s m\u0171v\u00e9szcsoport mutatkozott be. Az akkori p\u00e1lyakezd\u0151k k\u00f6z\u00fcl sokan m\u00e1ra a hazai \u00e9s nemzetk\u00f6zi kort\u00e1rs m\u0171v\u00e9szeti \u00e9let meghat\u00e1roz\u00f3 alkot\u00f3iv\u00e1 v\u00e1ltak.<\/p>\r\n<p>H\u00fasz \u00e9v eltelt\u00e9vel a Kult7 Gal\u00e9ri\u00e1ban jubileumi ki\u00e1ll\u00edt\u00e1ssal id\u00e9zz\u00fck fel ezt a k\u00fcl\u00f6nleges id\u0151szakot. A t\u00e1rlat egyszerre tekint vissza \u00e9s mutatja meg a jelent. Az egykori BB Gal\u00e9ria enteri\u0151rj\u00e9nek \u00fajraalkot\u00e1s\u00e1val, az alap\u00edtv\u00e1ny gy\u0171jtem\u00e9ny\u00e9ben \u00e9s a gal\u00e9ri\u00e1ban megmaradt m\u0171vekkel felid\u00e9zz\u00fck a Kir\u00e1ly utcai hely legend\u00e1s, eklektikus, chesterfield kanap\u00e9s vil\u00e1g\u00e1t. A KULT7 nagyterm\u00e9ben pedig a BB Gal\u00e9ria egykori m\u0171v\u00e9szeinek friss alkot\u00e1sai kapnak helyet.<br \/>\r\nM\u00falt \u00e9s jelen, ugyanazok az alkot\u00f3k \u2013 h\u00fasz \u00e9v k\u00fcl\u00f6nbs\u00e9ggel.<\/p>\r\n<p>Ki\u00e1ll\u00edt\u00f3 m\u0171v\u00e9szek:<br \/>\r\nAlm\u00e1sy Ottilia, \u00c1rki Tibor, Babos Zsili Bertalan, Bakonyi Bence, B\u00e1lv\u00e1nyos Levente, Bene Zsuzsa, Bodoloczki Linda, B\u00f3dis Barnab\u00e1s, B\u00f6lecz Lilla, Csat\u00f3 J\u00f3zsef, Ember S\u00e1ri, \u00c9nart Vince, \u00c9nzs\u00f6ly Kinga, Erdei Kriszta, Fabricius Anna, Fischer Judit, F\u00f3ti L\u00e1z\u00e1r, Fuchs Tam\u00e1s, Fukui Yusuke, Gazdag \u00c1gnes, G\u00e1bor Enik\u0151, G\u00e1briel Ajna, Gyurics Bal\u00e1zs, Hafner M\u00f3nika, Hal\u00e1sz P\u00e9ter Tam\u00e1s, Harty\u00e1nyi Norbert, Hern\u00e1d G\u00e9za, Kasza G\u00e1bor, Kolesz\u00e1r Ad\u00e9l, Koll\u00e1r Andrea, Kir\u00e1ly G\u00e1bor, Kokesch \u00c1d\u00e1m, Korcsm\u00e1r Eszter, Kovalovszky D\u00e1niel, Kov\u00e1cs Alida, Kozma Andrea, Kopp\u00e1ny Attila, Krizs\u00e1n Mih\u00e1ly, Lajti Vir\u00e1g, L\u00e1szl\u00f3-Kiss Dezs\u0151, Menyh\u00e1rt Tam\u00e1s, Mezei Ildik\u00f3, Moln\u00e1r Zolt\u00e1n, Mucsy Szilvia, Nagy Lilla, Nyolczas Istv\u00e1n, Ocztos Istv\u00e1n, Osgy\u00e1nyi S\u00e1ra, Rutkai Bori, Skenderovic Lidija, Sophie Magalashvili, Szab\u00f3 Eszter, Szemz\u0151 Zs\u00f3fia, Szil\u00e1gyi Lenke, Sz\u0151ke G\u00e1bor Mikl\u00f3s, Sz\u0151ke G\u00e1sp\u00e1r, Sz\u00f6ll\u0151si G\u00e9za, Szuharevszki Mih\u00e1ly, Szpaszov D\u00e1vid, Sz\u0171cs Levente, Tak\u00e1cs Eszter, Tak\u00e1cs M\u00e1t\u00e9, Urb\u00e1n \u00c1d\u00e1m, Varga Gy\u00f6rgy, V\u00e9csei M\u00e1rton, Vedres \u00c1gi, Verebics \u00c1gnes, Verebics Katalin, Vetl\u00e9nyi Zsolt, Victora Zsolt, W35, Z<\/p>\r\n<p>Kur\u00e1torok: B\u00e1nki \u00c1kos, Mucsy Szilvia, Victora Zsolt<\/p>\r\n<p>A ki\u00e1ll\u00edt\u00e1s megtekinthet\u0151:<br \/>\r\nKedd, szerda, cs\u00fct\u00f6rt\u00f6k, p\u00e9ntek, 14-18h, szombaton 11-13h k\u00f6z\u00f6tt<\/p>","protected":false},"excerpt":{"rendered":"<p>&nbsp; 2026. szeptember 3. \u2013 okt\u00f3ber 3. Kult7 Gal\u00e9ria (Budapest, Klauz\u00e1l t\u00e9r 6.) Megnyit\u00f3: 2026. szeptember 3., cs\u00fct\u00f6rt\u00f6k, 19:00 A ki\u00e1ll\u00edt\u00e1st Szab\u00f3 No\u00e9mi m\u0171v\u00e9szett\u00f6rt\u00e9n\u00e9sz nyitja meg. A megnyit\u00f3 alkalm\u00e1val felcsend\u00fcl Borlai Gerg\u0151 &#8222;F\u00e9ny&#8221; c\u00edm\u0171 zeneinstall\u00e1ci\u00f3ja. Id\u00e9n h\u00fasz \u00e9ve annak, hogy Budapesten, a Kir\u00e1ly utc\u00e1ban megny\u00edlt a Boulevard \u00e9s Brezsnyev Kort\u00e1rs M\u0171v\u00e9szeti Gal\u00e9ria. A BB Gal\u00e9ria [&hellip;]<\/p>\n","protected":false},"author":2,"featured_media":2051653,"parent":0,"comment_status":"closed","ping_status":"closed","sticky":false,"template":"","format":"standard","meta":{"_acf_changed":false,"footnotes":""},"categories":[3],"tags":[],"class_list":["post-2051650","post","type-post","status-publish","format-standard","has-post-thumbnail","hentry","category-hirek"],"acf":[],"_links":{"self":[{"href":"https:\/\/exindex.hu\/hu\/wp-json\/wp\/v2\/posts\/2051650","targetHints":{"allow":["GET"]}}],"collection":[{"href":"https:\/\/exindex.hu\/hu\/wp-json\/wp\/v2\/posts"}],"about":[{"href":"https:\/\/exindex.hu\/hu\/wp-json\/wp\/v2\/types\/post"}],"author":[{"embeddable":true,"href":"https:\/\/exindex.hu\/hu\/wp-json\/wp\/v2\/users\/2"}],"replies":[{"embeddable":true,"href":"https:\/\/exindex.hu\/hu\/wp-json\/wp\/v2\/comments?post=2051650"}],"version-history":[{"count":3,"href":"https:\/\/exindex.hu\/hu\/wp-json\/wp\/v2\/posts\/2051650\/revisions"}],"predecessor-version":[{"id":2051665,"href":"https:\/\/exindex.hu\/hu\/wp-json\/wp\/v2\/posts\/2051650\/revisions\/2051665"}],"wp:featuredmedia":[{"embeddable":true,"href":"https:\/\/exindex.hu\/hu\/wp-json\/wp\/v2\/media\/2051653"}],"wp:attachment":[{"href":"https:\/\/exindex.hu\/hu\/wp-json\/wp\/v2\/media?parent=2051650"}],"wp:term":[{"taxonomy":"category","embeddable":true,"href":"https:\/\/exindex.hu\/hu\/wp-json\/wp\/v2\/categories?post=2051650"},{"taxonomy":"post_tag","embeddable":true,"href":"https:\/\/exindex.hu\/hu\/wp-json\/wp\/v2\/tags?post=2051650"}],"curies":[{"name":"wp","href":"https:\/\/api.w.org\/{rel}","templated":true}]}}