{"id":2051683,"date":"2026-09-03T11:12:02","date_gmt":"2026-09-03T10:12:02","guid":{"rendered":"https:\/\/exindex.hu\/?p=2051683"},"modified":"2026-09-04T11:48:03","modified_gmt":"2026-09-04T10:48:03","slug":"tekintet","status":"publish","type":"post","link":"https:\/\/exindex.hu\/hu\/hirek\/tekintet\/","title":{"rendered":"Tekintet"},"content":{"rendered":"<p><a href=\"https:\/\/exindex.hu\/wp-content\/uploads\/teki.jpg\"><img loading=\"lazy\" decoding=\"async\" class=\"aligncenter size-large wp-image-2051686\" src=\"https:\/\/exindex.hu\/wp-content\/uploads\/teki-1200x715.jpg\" alt=\"\" width=\"900\" height=\"536\" srcset=\"https:\/\/exindex.hu\/wp-content\/uploads\/teki-1200x715.jpg 1200w, https:\/\/exindex.hu\/wp-content\/uploads\/teki-360x214.jpg 360w, https:\/\/exindex.hu\/wp-content\/uploads\/teki-768x458.jpg 768w, https:\/\/exindex.hu\/wp-content\/uploads\/teki-1536x915.jpg 1536w, https:\/\/exindex.hu\/wp-content\/uploads\/teki.jpg 2048w\" sizes=\"auto, (max-width: 900px) 100vw, 900px\" \/><\/a><\/p>\r\n<p>2026. 09. 05. &#8211; 09. 25.<\/p>\r\n<div>M\u00f3ricz Zsigmond k\u00f6rt\u00e9r metr\u00f3 alulj\u00e1r\u00f3<\/div>\r\n<p>Megnyit\u00f3: 2026.09.04. (p\u00e9ntek) 18:00<\/p>\r\n<p>A Tekintet c\u00edm\u0171 csoportos ki\u00e1ll\u00edt\u00e1s egy forgalmas budapesti alulj\u00e1r\u00f3 \u00fcres \u00fczlethelyis\u00e9g\u00e9ben val\u00f3sul meg. A helysz\u00ednt ideiglenesen ki\u00e1ll\u00edt\u00f3t\u00e9rr\u00e9 alak\u00edtjuk, \u00edgy a kort\u00e1rs m\u0171v\u00e9szet olyan k\u00f6zegben is megjelenik, ahol naponta sok ember fordul meg.<\/p>\r\n<p>A ki\u00e1ll\u00edt\u00e1s h\u00e1rom k\u00fcl\u00f6n helyis\u00e9gben kap helyet. A terek tematikailag \u00f6sszef\u00fcggnek, ugyanakkor a n\u0151i kiszolg\u00e1ltatotts\u00e1g k\u00fcl\u00f6nb\u00f6z\u0151 form\u00e1it m\u00e1s-m\u00e1s n\u00e9z\u0151pontb\u00f3l k\u00f6zel\u00edtik meg: a n\u0151i test \u00e1br\u00e1zol\u00e1s\u00e1t\u00f3l \u00e9s t\u00e1rgyias\u00edt\u00e1s\u00e1t\u00f3l a szem\u00e9lyes \u00e9s kollekt\u00edv tapasztalatokon \u00e1t a patriarch\u00e1lis rendszer t\u00e1rsadalmi \u00e9s politikai m\u0171k\u00f6d\u00e9s\u00e9ig.<\/p>\r\n<p>A Tekintet arra h\u00edvja a l\u00e1togat\u00f3t, hogy elgondolkodjon azon, hogyan n\u00e9z\u00fcnk a n\u0151i testre, hogyan alak\u00edtj\u00e1k tekintet\u00fcnket a t\u00e1rsadalmi norm\u00e1k \u00e9s elv\u00e1r\u00e1sok, \u00e9s milyen tapasztalatok maradnak gyakran l\u00e1thatatlanok.<\/p>\r\n<p>A ki\u00e1ll\u00edt\u00e1s a Harmadik M\u0171szak (Third Shift) kort\u00e1rs vizu\u00e1lis m\u0171v\u00e9szeti kollekt\u00edva szervez\u00e9s\u00e9ben val\u00f3sul meg. A kollekt\u00edva c\u00e9lja, hogy a vizu\u00e1lis m\u0171v\u00e9szet eszk\u00f6zeivel olyan nyilv\u00e1nos, gondolkod\u00e1sra \u00f6szt\u00f6nz\u0151 tereket hozzon l\u00e9tre, amelyek a n\u0151i test \u00e9s a n\u0151i l\u00e9t t\u00e1rsadalmi, kultur\u00e1lis \u00e9s jogi meghat\u00e1rozotts\u00e1g\u00e1ra ir\u00e1ny\u00edtj\u00e1k a figyelmet.<\/p>\r\n<p>A \u201eharmadik m\u0171szak\u201d az alkot\u00e1sra ford\u00edtott id\u0151re utal: arra az id\u0151re, amely gyakran a meg\u00e9lhet\u00e9st biztos\u00edt\u00f3 munka \u00e9s a h\u00e1ztart\u00e1si, gondoskod\u00e1si feladatok ut\u00e1n marad. Ez az a t\u00e9r, ahol a k\u00f6telezetts\u00e9gek hely\u00e9t \u00e1tveheti a reflexi\u00f3, a k\u00eds\u00e9rletez\u00e9s \u00e9s a kritikai megsz\u00f3lal\u00e1s.<\/p>\r\n<p>R\u00e9sztvev\u0151 m\u0171v\u00e9szek:<\/p>\r\n<p>Antalka Zs\u00f3fia, Czene M\u00e1rta, Farkas Al\u00edz &amp; K\u00e1llay Eszter, Iv\u00e1dy Holli, Kudela Gr\u00e9ta, Kacziba Andi, Kmety\u00f3 Annam\u00e1ria, Set\u00e9nyi Anna Eszter,Simon Zsuzsi, Sz\u00e9cs\u00e9nyi-Szemer\u00e9di Judit, Thury Lili<\/p>\r\n<p>Kur\u00e1torok: Antman K\u00edra, Iv\u00e1dy Holli<\/p>","protected":false},"excerpt":{"rendered":"<p>2026. 09. 05. &#8211; 09. 25. M\u00f3ricz Zsigmond k\u00f6rt\u00e9r metr\u00f3 alulj\u00e1r\u00f3 Megnyit\u00f3: 2026.09.04. (p\u00e9ntek) 18:00 A Tekintet c\u00edm\u0171 csoportos ki\u00e1ll\u00edt\u00e1s egy forgalmas budapesti alulj\u00e1r\u00f3 \u00fcres \u00fczlethelyis\u00e9g\u00e9ben val\u00f3sul meg. A helysz\u00ednt ideiglenesen ki\u00e1ll\u00edt\u00f3t\u00e9rr\u00e9 alak\u00edtjuk, \u00edgy a kort\u00e1rs m\u0171v\u00e9szet olyan k\u00f6zegben is megjelenik, ahol naponta sok ember fordul meg. A ki\u00e1ll\u00edt\u00e1s h\u00e1rom k\u00fcl\u00f6n helyis\u00e9gben kap helyet. A [&hellip;]<\/p>\n","protected":false},"author":2,"featured_media":2051686,"parent":0,"comment_status":"closed","ping_status":"closed","sticky":false,"template":"","format":"standard","meta":{"_acf_changed":false,"footnotes":""},"categories":[3],"tags":[],"class_list":["post-2051683","post","type-post","status-publish","format-standard","has-post-thumbnail","hentry","category-hirek"],"acf":[],"_links":{"self":[{"href":"https:\/\/exindex.hu\/hu\/wp-json\/wp\/v2\/posts\/2051683","targetHints":{"allow":["GET"]}}],"collection":[{"href":"https:\/\/exindex.hu\/hu\/wp-json\/wp\/v2\/posts"}],"about":[{"href":"https:\/\/exindex.hu\/hu\/wp-json\/wp\/v2\/types\/post"}],"author":[{"embeddable":true,"href":"https:\/\/exindex.hu\/hu\/wp-json\/wp\/v2\/users\/2"}],"replies":[{"embeddable":true,"href":"https:\/\/exindex.hu\/hu\/wp-json\/wp\/v2\/comments?post=2051683"}],"version-history":[{"count":2,"href":"https:\/\/exindex.hu\/hu\/wp-json\/wp\/v2\/posts\/2051683\/revisions"}],"predecessor-version":[{"id":2051692,"href":"https:\/\/exindex.hu\/hu\/wp-json\/wp\/v2\/posts\/2051683\/revisions\/2051692"}],"wp:featuredmedia":[{"embeddable":true,"href":"https:\/\/exindex.hu\/hu\/wp-json\/wp\/v2\/media\/2051686"}],"wp:attachment":[{"href":"https:\/\/exindex.hu\/hu\/wp-json\/wp\/v2\/media?parent=2051683"}],"wp:term":[{"taxonomy":"category","embeddable":true,"href":"https:\/\/exindex.hu\/hu\/wp-json\/wp\/v2\/categories?post=2051683"},{"taxonomy":"post_tag","embeddable":true,"href":"https:\/\/exindex.hu\/hu\/wp-json\/wp\/v2\/tags?post=2051683"}],"curies":[{"name":"wp","href":"https:\/\/api.w.org\/{rel}","templated":true}]}}