{"id":820261,"date":"2008-10-28T17:12:32","date_gmt":"2008-10-28T15:12:32","guid":{"rendered":"https:\/\/exindex.hu\/?p=820261"},"modified":"2008-10-29T20:02:13","modified_gmt":"2008-10-29T18:02:13","slug":"roma-vagyak","status":"publish","type":"post","link":"https:\/\/exindex.hu\/hu\/hirek\/roma-vagyak\/","title":{"rendered":"Roma v\u00e1gyak"},"content":{"rendered":"<h4>Megnyit\u00f3: 2008. okt\u00f3ber 28. (kedd) 18:00 \u00f3ra<br \/>\r\n Helysz\u00edn: Magyar Telekom Sz\u00e9kh\u00e1z, Bp. I. ker.;  Krisztina krt. 55.<\/h4>\r\n\r\n\r\n<p><img loading=\"lazy\" decoding=\"async\" class=\"aligncenter size-medium wp-image-262\" title=\"bogdan\" src=\"\/wp-content\/uploads\/x\/bogdan-450x289.jpg\" alt=\"\" width=\"450\" height=\"289\" \/><\/p>\r\n\r\n<p>A ki\u00e1ll\u00edt\u00e1son megtekinthet\u0151ek a <strong>Roma  v\u00e1gyak \u00f3ri\u00e1splak\u00e1t-kamp\u00e1ny<\/strong> k\u00e9pei, amelyeket 2008. j\u00fanius\u00e1ban ker\u00fcltek ki  a metr\u00f3 ter\u00fclet\u00e9re. A ki\u00e1ll\u00edtott alkot\u00e1sok W\u00e9ber Imre \u00e9s Bakos G\u00e1bor \u201eV\u00e1gy  k\u00e9peinek&#8221; sorozat\u00e1hoz, valamint a Mened\u00e9k Egyes\u00fclet \u00d6narck\u00e9p projektj\u00e9hez  tartoznak.<\/p>\r\n\r\n<p><img loading=\"lazy\" decoding=\"async\" class=\"aligncenter size-medium wp-image-263\" title=\"kolompar\" src=\"\/wp-content\/uploads\/x\/kolompar-450x282.jpg\" alt=\"\" width=\"450\" height=\"282\" \/><\/p>\r\n\r\n<p>A <em>V\u00e1gy<\/em> sorozat eredend\u0151en Bakos G\u00e1bor \u00e9s Weber Imre k\u00e9pz\u0151m\u0171v\u00e9szek k\u00f6zt\u00e9rre sz\u00e1nt m\u0171v\u00e9szeti projektje. A sorozatot a k\u00e9t m\u0171v\u00e9sz 1999 \u00f3ta folyamatosan b\u0151v\u00edti. Az egyes darabok az alapkoncepci\u00f3 szerint plak\u00e1ton l\u00e1that\u00f3ak. A <em>V\u00e1gy<\/em> a megrendel\u0151k \u00e9s m\u0171v\u00e9szek k\u00f6z\u00f6tti speci\u00e1lis viszonyon alapul. Az alkot\u00f3k folyamatos egyeztet\u00e9s, \u00e9s hosszas el\u0151k\u00e9sz\u00edt\u0151 munka sor\u00e1n vizualiz\u00e1lj\u00e1k a megrendel\u0151, vagyis a &#8222;v\u00e1gyakoz\u00f3&#8221; \u00e1ltal megfogalmazott v\u00e1gyat. A k\u00e9pv\u00e1logat\u00e1st, szerkeszt\u00e9st, fot\u00f3z\u00e1st \u00e9s grafikai munk\u00e1t \u00e9ppen ez\u00e9rt m\u00e9lyinterj\u00fak, hossz\u00fa besz\u00e9lget\u00e9sek el\u0151zik meg.<\/p>\r\n\r\n<p><img loading=\"lazy\" decoding=\"async\" class=\"aligncenter size-medium wp-image-264\" title=\"onodi\" src=\"\/wp-content\/uploads\/x\/onodi-450x300.jpg\" alt=\"\" width=\"450\" height=\"300\" \/><\/p>\r\n\r\n<p>A 2008-as <em>V\u00e1gy<\/em> sorozat rom\u00e1kkal k\u00e9sz\u00fclt interj\u00fak alapj\u00e1n val\u00f3sult meg, \u00edgy rom\u00e1k v\u00e1gyai \u00f6ltenek form\u00e1t a plak\u00e1tokon. A plak\u00e1tok k\u00f6zt\u00e9rre sz\u00e1nt alkot\u00e1sok. Olyan k\u00f6zegben ker\u00fclnek nyilv\u00e1noss\u00e1g el\u00e9, ahol a megszok\u00e1s szerint c\u00e9gek (hirdet\u0151k, \u00e9s nem mag\u00e1nemberek) gazdas\u00e1gi \u00e9rdek\u0171 \u00fczeneteit v\u00e1rn\u00e1nk. \u00cdgy a v\u00e1gyak a k\u00f6zt\u00e9ri hirdet\u00e9sekkel konkur\u00e1lva jelennek meg.<\/p>\r\n\r\n<p>A rekl\u00e1mok, \u00e9s a rekl\u00e1mok megrendel\u0151i, a nagyv\u00e1llalatok kulcsszerepet j\u00e1tszanak a figyelemfelkelt\u00e9sben. Mindezid\u00e1ig a roma integr\u00e1ci\u00f3 tekintet\u00e9ben nem \u00e9p\u00edtett senki erre a kapacit\u00e1sra, ez\u00e9rt a Szoci\u00e1lis \u00e9s Munka\u00fcgyi Miniszt\u00e9rium a kamp\u00e1nnyal nyitni szeretne e szf\u00e9ra fel\u00e9. A kamp\u00e1ny hossz\u00fa t\u00e1v\u00fa c\u00e9lja a rom\u00e1kkal szembeni attit\u0171d megv\u00e1ltoztat\u00e1sa, az es\u00e9lyegyenl\u0151s\u00e9g m\u00e9diabeli megjelen\u00e9s\u00e9nek megteremt\u00e9se. E c\u00e9lt szolg\u00e1lja a m\u0171v\u00e9szi program keret\u00e9be \u00e1gyaz\u00f3d\u00f3 <em>Roma v\u00e1gyak<\/em> projekt.<\/p>\r\n\r\n<p>A projekt c\u00e9lcsoportja a d\u00f6nt\u00e9shoz\u00f3i-v\u00e1llalatvezet\u0151i r\u00e9teg, \u00e9s a k\u00f6zv\u00e9lem\u00e9ny. \u00a0 E hossz\u00fa t\u00e1v\u00fa c\u00e9l megval\u00f3s\u00edt\u00e1s\u00e1nak els\u0151 l\u00e9p\u00e9se ez az \u00f3ri\u00e1splak\u00e1t-kamp\u00e1ny. A m\u0171v\u00e9szek, Bakos G\u00e1bor \u00e9s Weber Imre \u00e1ltal megk\u00e9rdezett 5 szem\u00e9ly: Kolomp\u00e1r Gina, Bogd\u00e1n Imre, \u00d3nodi P\u00e9ter, Szirmai Norbert \u00e9s Horv\u00e1th Rezs\u0151n\u00e9 Ilon v\u00e1gyait l\u00e1thatjuk az elk\u00e9sz\u00fclt alkot\u00e1sokon. Ezek a k\u00e9pek egyszer\u0171 emberi v\u00e1gyakat jelen\u00edtenek meg, amelyekkel b\u00e1rki azonosulhat: szabads\u00e1g, a napi gondokt\u00f3l val\u00f3 f\u00fcggetlens\u00e9g, min\u0151s\u00e9gi oktat\u00e1s a j\u00f6v\u0151 gener\u00e1ci\u00f3j\u00e1nak, sikeres \u00e9let, egy \u00e9letc\u00e9l megval\u00f3sul\u00e1sa, boldog, b\u00e9k\u00e9s \u00f6regkor egy t\u00e1voli j\u00f6v\u0151ben, sz\u00e9p k\u00f6rnyezetben. \u00a0 Ha a v\u00e1gyak szintj\u00e9n nincs k\u00fcl\u00f6nbs\u00e9g ember \u00e9s ember k\u00f6zt, m\u00e1s tekintetben sincs \u00e9rtelme megk\u00fcl\u00f6nb\u00f6ztet\u00e9st tenni &#8211; \u00fczeni a k\u00e9pz\u0151m\u0171v\u00e9szeti projekt. A rekl\u00e1mok a sz\u00e9ppel, j\u00f3val, harmonikussal val\u00f3 azonosul\u00e1s ir\u00e1nti v\u00e1gyra \u00e9p\u00edtenek. Erre a pszichol\u00f3gi\u00e1ra alapoz a <em>Roma v\u00e1gyak<\/em> sorozat is.<\/p>\r\n\r\n<p><img loading=\"lazy\" decoding=\"async\" class=\"aligncenter size-medium wp-image-265\" title=\"szirmai\" src=\"\/wp-content\/uploads\/x\/szirmai-450x288.jpg\" alt=\"\" width=\"450\" height=\"288\" \/><\/p>\r\n\r\n<p>A megnyit\u00f3n  ismertetj\u00fck dr. S\u00edklaki Istv\u00e1n szoci\u00e1lpszichol\u00f3gus, egyetemi docens \u00e1ltal  vezetett, az <strong>\u201eIntegr\u00e1lt rekl\u00e1mok  fogadtat\u00e1sa&#8221;<\/strong> c\u00edm\u0171 f\u00f3kuszcsoportos kutat\u00e1s eredm\u00e9nyeit. A kutat\u00e1st a  Szoci\u00e1lis \u00e9s Munka\u00fcgyi Miniszt\u00e9rium t\u00e1mogatta.<\/p>","protected":false},"excerpt":{"rendered":"<p>Megnyit\u00f3: 2008. okt\u00f3ber 28. (kedd) 18:00 \u00f3ra Helysz\u00edn: Magyar Telekom Sz\u00e9kh\u00e1z, Bp. I. ker.; Krisztina krt. 55. A ki\u00e1ll\u00edt\u00e1son megtekinthet\u0151ek a Roma v\u00e1gyak \u00f3ri\u00e1splak\u00e1t-kamp\u00e1ny k\u00e9pei, amelyeket 2008. j\u00fanius\u00e1ban ker\u00fcltek ki a metr\u00f3 ter\u00fclet\u00e9re. A ki\u00e1ll\u00edtott alkot\u00e1sok W\u00e9ber Imre \u00e9s Bakos G\u00e1bor \u201eV\u00e1gy k\u00e9peinek&#8221; sorozat\u00e1hoz, valamint a Mened\u00e9k Egyes\u00fclet \u00d6narck\u00e9p projektj\u00e9hez tartoznak. A V\u00e1gy sorozat eredend\u0151en [&hellip;]<\/p>\n","protected":false},"author":1,"featured_media":0,"parent":0,"comment_status":"open","ping_status":"open","sticky":false,"template":"","format":"standard","meta":{"_acf_changed":false,"footnotes":""},"categories":[3],"tags":[],"class_list":["post-820261","post","type-post","status-publish","format-standard","hentry","category-hirek"],"acf":[],"_links":{"self":[{"href":"https:\/\/exindex.hu\/hu\/wp-json\/wp\/v2\/posts\/820261","targetHints":{"allow":["GET"]}}],"collection":[{"href":"https:\/\/exindex.hu\/hu\/wp-json\/wp\/v2\/posts"}],"about":[{"href":"https:\/\/exindex.hu\/hu\/wp-json\/wp\/v2\/types\/post"}],"author":[{"embeddable":true,"href":"https:\/\/exindex.hu\/hu\/wp-json\/wp\/v2\/users\/1"}],"replies":[{"embeddable":true,"href":"https:\/\/exindex.hu\/hu\/wp-json\/wp\/v2\/comments?post=820261"}],"version-history":[{"count":0,"href":"https:\/\/exindex.hu\/hu\/wp-json\/wp\/v2\/posts\/820261\/revisions"}],"wp:attachment":[{"href":"https:\/\/exindex.hu\/hu\/wp-json\/wp\/v2\/media?parent=820261"}],"wp:term":[{"taxonomy":"category","embeddable":true,"href":"https:\/\/exindex.hu\/hu\/wp-json\/wp\/v2\/categories?post=820261"},{"taxonomy":"post_tag","embeddable":true,"href":"https:\/\/exindex.hu\/hu\/wp-json\/wp\/v2\/tags?post=820261"}],"curies":[{"name":"wp","href":"https:\/\/api.w.org\/{rel}","templated":true}]}}