{"id":820282,"date":"2008-11-01T15:05:21","date_gmt":"2008-11-01T13:05:21","guid":{"rendered":"https:\/\/exindex.hu\/?p=820282"},"modified":"2008-11-01T15:05:21","modified_gmt":"2008-11-01T13:05:21","slug":"muveszet-pszichiatria-terapia","status":"publish","type":"post","link":"https:\/\/exindex.hu\/hu\/hirek\/muveszet-pszichiatria-terapia\/","title":{"rendered":"M\u0171v\u00e9szet, pszichi\u00e1tria, ter\u00e1pia"},"content":{"rendered":"<p>Az MTA M\u0171v\u00e9szett\u00f6rt\u00e9neti Kutat\u00f3int\u00e9zet \u00e9s a Magyar Nemzeti Gal\u00e9ria<br \/>\r\nszervez\u00e9s\u00e9ben megrendez\u00e9sre ker\u00fcl\u0151 tudom\u00e1nyos konferencia<\/p>\r\n<p>2008. november 4.<\/p>\r\n<p>Helysz\u00edn: Magyar Nemzeti Gal\u00e9ria<br \/>\r\n1014 Budapest, Szent Gy\u00f6rgy t\u00e9r 2., B \u00e9p. Fszt. el\u0151ad\u00f3terem<\/p>\r\n<p>8:30 Regisztr\u00e1ci\u00f3<\/p>\r\n<p>9:00 &#8211; 12:30 Levezet\u0151 eln\u00f6k: Dr. Beke L\u00e1szl\u00f3<\/p>\r\n<p>9:00 <br \/>\r\nDr. Beke L\u00e1szl\u00f3, az MTA M\u0171v\u00e9szett\u00f6rt\u00e9neti Kutat\u00f3int\u00e9zet igazgat\u00f3ja<br \/>\r\n<em>M\u0171v\u00e9szet, pszichi\u00e1tria, ter\u00e1pia, pszichol\u00f3gia<br \/>\r\n<\/em> <\/p>\r\n<p>9:30 <br \/>\r\nDr. H\u00e1rdi Istv\u00e1n, pszichi\u00e1ter, kandid\u00e1tus, c\u00edmzetes f\u0151iskolai tan\u00e1r<br \/>\r\nA Magyar Pszichi\u00e1triai T\u00e1rsas\u00e1g Kifejez\u00e9s-pszichopatol\u00f3giai \u00e9s M\u0171v\u00e9szetter\u00e1pi\u00e1s Szekci\u00f3 eln\u00f6ke<br \/>\r\n<em>Az \u00e9n m\u0171v\u00e9szeim (P\u00e9ld\u00e1k 50 \u00e9vi pszichi\u00e1triai gyakorlatomb\u00f3l) <\/em><\/p>\r\n<p>10:00<br \/>\r\nMartin Schuster, a K\u00f6lni Egyetem Nevel\u00e9s-l\u00e9lektani Tansz\u00e9k professzora<br \/>\r\n<em>Ritual, Kunst und Kunsttherapie<\/em><\/p>\r\n<p>10:30 K\u00e1v\u00e9sz\u00fcnet <\/p>\r\n<p>11:00<br \/>\r\nDr. T\u00e9nyi Tam\u00e1s habilit\u00e1lt egyetemi docens, pszichi\u00e1ter<br \/>\r\nP\u00e9csi Tudom\u00e1nyegyetem Pszichi\u00e1triai \u00e9s Pszichoter\u00e1pi\u00e1s Klinika<br \/>\r\n<em>Nietzsche : m\u0171 &#8211; sors &#8211; betegs\u00e9g<\/em><\/p>\r\n<p>11:30 <br \/>\r\nDr. Hans Martin Prinzhorn,\u00a0 Department of General Linguistics, Universit\u00e4t, Wien<br \/>\r\n<em>Kunst, Psychiatrie, Psychologie, Kunst und Geisteskrankheit (Hans Prinzhorn Sammlung)<br \/>\r\n<\/em><br \/>\r\n12:00<br \/>\r\nOskar Pfeifer, Schriftsteller <br \/>\r\n<em>Beitrag zur \u00f6sterreichischen Szene<\/em><\/p>\r\n<p>14:00 -17:30 Levezet\u0151 eln\u00f6k: Dr. Faludy Judit, m\u0171v\u00e9szett\u00f6rt\u00e9n\u00e9sz, MTA MKI<br \/>\r\n14:00 Dr. Cs\u00e9pe Val\u00e9ria k\u00f6sz\u00f6nt\u0151je, MTA F\u0151titk\u00e1rhelyettes<\/p>\r\n<p>14:10<br \/>\r\nDr. Imre Gy\u00f6rgyi, m\u0171v\u00e9szett\u00f6rt\u00e9n\u00e9sz, MNG<br \/>\r\n<em>Nom\u00e1d Venus<\/em><\/p>\r\n<p>14:40<br \/>\r\nPlesznivy Edit, m\u0171v\u00e9szett\u00f6rt\u00e9n\u00e9sz, MNG<br \/>\r\n<em>Diagnosztikai \u201eleletegy\u00fcttes&#8221;, ter\u00e1pi\u00e1s k\u00e9panyag vagy art brut alkot\u00e1s?<\/em><br \/>\r\nGy\u0171jt\u00e9si preferenci\u00e1k a budapesti Pszichi\u00e1triai M\u00fazeum m\u0171k\u00f6d\u00e9s\u00e9nek nyolc \u00e9vtizede alatt<\/p>\r\n<p>15:10<br \/>\r\nGa\u00e1l J\u00f3zsef, k\u00e9pz\u0151m\u0171v\u00e9sz, egyetemi docens, Magyar K\u00e9pz\u0151m\u0171v\u00e9szeti Egyetem <br \/>\r\n<em>Az \u00e9l\u0151 art brut &#8211; Szult\u00e1n<\/em><\/p>\r\n<p>15:40 K\u00e1v\u00e9sz\u00fcnet<\/p>\r\n<p>16:00<br \/>\r\nKom\u00e1romi Erzs\u00e9bet Katalin, textilm\u0171v\u00e9sz, k\u00e9pz\u0151m\u0171v\u00e9sz-terapeuta<br \/>\r\n<em>Cifra palota. Vizu\u00e1lis \u00f6nkifejez\u00e9s form\u00e1l\u00f3d\u00e1sa Ritter G\u00e1bor k\u00e9peiben <\/em><\/p>\r\n<p>16:30<br \/>\r\nSz\u00fccs Gy\u00f6rgy, m\u0171v\u00e9szett\u00f6rt\u00e9n\u00e9sz, MNG<br \/>\r\n<em>\u00c1larcok m\u00f6g\u00f6tt. Megk\u00f6zel\u00edt\u00e9si m\u00f3dozatok Teleki Ern\u0151 rajzaihoz<\/em><\/p>","protected":false},"excerpt":{"rendered":"<p>Az MTA M\u0171v\u00e9szett\u00f6rt\u00e9neti Kutat\u00f3int\u00e9zet \u00e9s a Magyar Nemzeti Gal\u00e9ria szervez\u00e9s\u00e9ben megrendez\u00e9sre ker\u00fcl\u0151 tudom\u00e1nyos konferencia 2008. november 4. Helysz\u00edn: Magyar Nemzeti Gal\u00e9ria 1014 Budapest, Szent Gy\u00f6rgy t\u00e9r 2., B \u00e9p. Fszt. el\u0151ad\u00f3terem 8:30 Regisztr\u00e1ci\u00f3 9:00 &#8211; 12:30 Levezet\u0151 eln\u00f6k: Dr. Beke L\u00e1szl\u00f3 9:00 Dr. Beke L\u00e1szl\u00f3, az MTA M\u0171v\u00e9szett\u00f6rt\u00e9neti Kutat\u00f3int\u00e9zet igazgat\u00f3ja M\u0171v\u00e9szet, pszichi\u00e1tria, ter\u00e1pia, pszichol\u00f3gia 9:30 [&hellip;]<\/p>\n","protected":false},"author":1,"featured_media":0,"parent":0,"comment_status":"closed","ping_status":"closed","sticky":false,"template":"","format":"standard","meta":{"_acf_changed":false,"footnotes":""},"categories":[3],"tags":[],"class_list":["post-820282","post","type-post","status-publish","format-standard","hentry","category-hirek"],"acf":[],"_links":{"self":[{"href":"https:\/\/exindex.hu\/hu\/wp-json\/wp\/v2\/posts\/820282","targetHints":{"allow":["GET"]}}],"collection":[{"href":"https:\/\/exindex.hu\/hu\/wp-json\/wp\/v2\/posts"}],"about":[{"href":"https:\/\/exindex.hu\/hu\/wp-json\/wp\/v2\/types\/post"}],"author":[{"embeddable":true,"href":"https:\/\/exindex.hu\/hu\/wp-json\/wp\/v2\/users\/1"}],"replies":[{"embeddable":true,"href":"https:\/\/exindex.hu\/hu\/wp-json\/wp\/v2\/comments?post=820282"}],"version-history":[{"count":0,"href":"https:\/\/exindex.hu\/hu\/wp-json\/wp\/v2\/posts\/820282\/revisions"}],"wp:attachment":[{"href":"https:\/\/exindex.hu\/hu\/wp-json\/wp\/v2\/media?parent=820282"}],"wp:term":[{"taxonomy":"category","embeddable":true,"href":"https:\/\/exindex.hu\/hu\/wp-json\/wp\/v2\/categories?post=820282"},{"taxonomy":"post_tag","embeddable":true,"href":"https:\/\/exindex.hu\/hu\/wp-json\/wp\/v2\/tags?post=820282"}],"curies":[{"name":"wp","href":"https:\/\/api.w.org\/{rel}","templated":true}]}}