{"id":820289,"date":"2008-11-04T10:19:24","date_gmt":"2008-11-04T08:19:24","guid":{"rendered":"https:\/\/exindex.hu\/?p=820289"},"modified":"2008-11-04T10:40:53","modified_gmt":"2008-11-04T08:40:53","slug":"junior-prima-dij-kepzomuveszet","status":"publish","type":"post","link":"https:\/\/exindex.hu\/hu\/hirek\/junior-prima-dij-kepzomuveszet\/","title":{"rendered":"Junior Prima d\u00edj &#8211; k\u00e9pz\u0151m\u0171v\u00e9szet"},"content":{"rendered":"<p>Els\u0151 alkalommal adt\u00e1k \u00e1t a 30 \u00e9ves kor alatti tehets\u00e9geknek adott,\u00a0h\u00e9tezer eur\u00f3val j\u00e1r\u00f3   k\u00e9pz\u0151m\u0171v\u00e9szeti Junior Prima d\u00edjakat h\u00e9tf\u0151n a M\u0171v\u00e9szetek Palot\u00e1ja k\u00fcl\u00f6nterm\u00e9ben. A Prima Primissima d\u00edj l\u00e9trehoz\u00f3i \u00e1ltal alap\u00edtott elismer\u00e9st n\u00e9gy fiatal szobr\u00e1szm\u0171v\u00e9sz, k\u00e9t fot\u00f3riporter, k\u00e9t m\u00e9diam\u0171v\u00e9sz \u00e9s k\u00e9t fest\u0151m\u0171v\u00e9sz vehette \u00e1t.<\/p>\r\n\r\n<p style=\"text-align: center;\"><a href=\"\/wp-content\/uploads\/x\/juniorprima_d__as20081103_kombo.jpg\"><img loading=\"lazy\" decoding=\"async\" class=\"aligncenter size-full wp-image-290\" src=\"\/wp-content\/uploads\/x\/juniorprima_d__as20081103_kombo.jpg\" alt=\"\" width=\"500\" height=\"220\" \/><\/a><\/p>\r\n\r\n<p>&#8222;Nem el\u00e9g egy eg\u00e9sz \u00e9letp\u00e1ly\u00e1val, t\u00f6bb \u00e9vtizedes kiemelked\u0151 szakmai tapasztalattal rendelkez\u0151 tud\u00f3s, m\u0171v\u00e9sz, alkot\u00f3 magas szint\u0171 elismer\u00e9se ahhoz, hogy el\u00e9gedetten h\u00e1trad\u0151lj\u00fcnk&#8221; &#8211; fogalmazott a d\u00edj\u00e1tad\u00f3ra \u00edrt level\u00e9ben az elismer\u00e9s t\u00e1rsalap\u00edt\u00f3ja, <strong>Peter Munk<\/strong>. A kanadai \u00fczletember hozz\u00e1tette: &#8222;fel kell karolni a fiatalokat, akik majd hossz\u00fa \u00e9s sikeres p\u00e1ly\u00e1juk sor\u00e1n maguk is p\u00e9ldak\u00e9pp\u00e9 v\u00e1lhatnak. Erk\u00f6lcsi \u00e9s szakmai megbecs\u00fcl\u00e9st, anyagi t\u00e1mogat\u00e1st ny\u00fajt sz\u00e1mukra ez a d\u00edj. Nem m\u00e1s ez, mint befektet\u00e9s a j\u00f6v\u0151be&#8221;.<\/p>\r\n\r\n<p>A Junior Prima d\u00edj 2008-as d\u00edjazottjait <strong>F\u00e9ner Tam\u00e1s<\/strong> Prima Primissima-d\u00edjas fot\u00f3m\u0171v\u00e9sz, az MTI munkat\u00e1rsa, <strong>Sv\u00e1by Lajos<\/strong> Prima Primissima-d\u00edjas fest\u0151m\u0171v\u00e9sz \u00e9s <strong>Schrammel Imre<\/strong> Prima Primissima-d\u00edjas keramikusm\u0171v\u00e9sz &#8211; a legend\u00e1s versenylovat, Kincsemet \u00e1br\u00e1zol\u00f3 Junior Prima \u00e9s Prima Primissima d\u00edjak alkot\u00f3ja &#8211; v\u00e1lasztotta ki.<\/p>\r\n\r\n<p>Az elismer\u00e9st <strong>B\u00e1csi R\u00f3bert<\/strong> <strong>L\u00e1szl\u00f3<\/strong> fot\u00f3riporter, <strong>Kerezsi Nemere<\/strong> szobr\u00e1szm\u0171v\u00e9sz, <strong>Komlovszky-Szvet Tam\u00e1s<\/strong> szobr\u00e1szm\u0171v\u00e9sz, <strong>Kovalovszky D\u00e1niel<\/strong> fot\u00f3riporter, <strong>M\u00e9cs Mikl\u00f3s P\u00e1l<\/strong> m\u00e9diam\u0171v\u00e9sz, <strong>Majoros \u00c1ron Zsolt<\/strong> szobr\u00e1szm\u0171v\u00e9sz, <strong>Rab\u00f3czky Judit Rita<\/strong> szobr\u00e1szm\u0171v\u00e9sz, <strong>R\u00e1cz M\u00e1rta<\/strong> m\u00e9diam\u0171v\u00e9sz, <strong>So\u00f3s N\u00f3ra<\/strong> fest\u0151m\u0171v\u00e9sz \u00e9s <strong>Sz\u0171cs Levente<\/strong> fest\u0151m\u0171v\u00e9sz vehette \u00e1t a zs\u0171ri tagjait\u00f3l.<\/p>","protected":false},"excerpt":{"rendered":"<p>Els\u0151 alkalommal adt\u00e1k \u00e1t a 30 \u00e9ves kor alatti tehets\u00e9geknek adott,\u00a0h\u00e9tezer eur\u00f3val j\u00e1r\u00f3 k\u00e9pz\u0151m\u0171v\u00e9szeti Junior Prima d\u00edjakat h\u00e9tf\u0151n a M\u0171v\u00e9szetek Palot\u00e1ja k\u00fcl\u00f6nterm\u00e9ben. A Prima Primissima d\u00edj l\u00e9trehoz\u00f3i \u00e1ltal alap\u00edtott elismer\u00e9st n\u00e9gy fiatal szobr\u00e1szm\u0171v\u00e9sz, k\u00e9t fot\u00f3riporter, k\u00e9t m\u00e9diam\u0171v\u00e9sz \u00e9s k\u00e9t fest\u0151m\u0171v\u00e9sz vehette \u00e1t. &#8222;Nem el\u00e9g egy eg\u00e9sz \u00e9letp\u00e1ly\u00e1val, t\u00f6bb \u00e9vtizedes kiemelked\u0151 szakmai tapasztalattal rendelkez\u0151 tud\u00f3s, m\u0171v\u00e9sz, [&hellip;]<\/p>\n","protected":false},"author":1,"featured_media":820290,"parent":0,"comment_status":"open","ping_status":"open","sticky":false,"template":"","format":"standard","meta":{"_acf_changed":false,"footnotes":""},"categories":[3],"tags":[],"class_list":["post-820289","post","type-post","status-publish","format-standard","has-post-thumbnail","hentry","category-hirek"],"acf":[],"_links":{"self":[{"href":"https:\/\/exindex.hu\/hu\/wp-json\/wp\/v2\/posts\/820289","targetHints":{"allow":["GET"]}}],"collection":[{"href":"https:\/\/exindex.hu\/hu\/wp-json\/wp\/v2\/posts"}],"about":[{"href":"https:\/\/exindex.hu\/hu\/wp-json\/wp\/v2\/types\/post"}],"author":[{"embeddable":true,"href":"https:\/\/exindex.hu\/hu\/wp-json\/wp\/v2\/users\/1"}],"replies":[{"embeddable":true,"href":"https:\/\/exindex.hu\/hu\/wp-json\/wp\/v2\/comments?post=820289"}],"version-history":[{"count":0,"href":"https:\/\/exindex.hu\/hu\/wp-json\/wp\/v2\/posts\/820289\/revisions"}],"wp:featuredmedia":[{"embeddable":true,"href":"https:\/\/exindex.hu\/hu\/wp-json\/wp\/v2\/media\/820290"}],"wp:attachment":[{"href":"https:\/\/exindex.hu\/hu\/wp-json\/wp\/v2\/media?parent=820289"}],"wp:term":[{"taxonomy":"category","embeddable":true,"href":"https:\/\/exindex.hu\/hu\/wp-json\/wp\/v2\/categories?post=820289"},{"taxonomy":"post_tag","embeddable":true,"href":"https:\/\/exindex.hu\/hu\/wp-json\/wp\/v2\/tags?post=820289"}],"curies":[{"name":"wp","href":"https:\/\/api.w.org\/{rel}","templated":true}]}}