{"id":820293,"date":"2008-11-05T16:22:09","date_gmt":"2008-11-05T14:22:09","guid":{"rendered":"https:\/\/exindex.hu\/?p=820293"},"modified":"2008-11-05T16:25:54","modified_gmt":"2008-11-05T14:25:54","slug":"i-nemzetkozi-epiteszeti-makett-fesztival","status":"publish","type":"post","link":"https:\/\/exindex.hu\/hu\/hirek\/i-nemzetkozi-epiteszeti-makett-fesztival\/","title":{"rendered":"I. Nemzetk\u00f6zi \u00c9p\u00edt\u00e9szeti Makett Fesztiv\u00e1l"},"content":{"rendered":"<p>A K\u00c9K (Kort\u00e1rs \u00c9p\u00edt\u00e9szeti K\u00f6zpont) 2008. november 7-9 k\u00f6z\u00f6tt rendezi meg <em>100 szoba &#8211; 100 makett<\/em> c\u00edmmel az I. Nemzetk\u00f6zi \u00c9p\u00edt\u00e9szeti Makett Fesztiv\u00e1lt. A szimp\u00f3ziummal, v\u00e1rosi s\u00e9t\u00e1kkal \u00e9s vil\u00e1gh\u00edr\u0171 \u00e9p\u00edt\u00e9szek el\u0151ad\u00e1saival egybek\u00f6t\u00f6tt, nagyszab\u00e1s\u00fa \u00e9p\u00edt\u00e9szeti makett-ki\u00e1ll\u00edt\u00e1son sz\u00e1z eur\u00f3pai \u00e9p\u00edt\u00e9sziroda sz\u00e1z p\u00e1ly\u00e1zatra k\u00e9sz\u00fclt \u00e9p\u00fclet-modellj\u00e9t \u00e1ll\u00edtj\u00e1k ki.<\/p>\r\n\r\n<p><strong>Program<\/strong><br \/>\r\n <em><strong>November 7., p\u00e9ntek<\/strong><\/em><br \/>\r\n V\u00e1rosh\u00e1za d\u00edszterem<br \/>\r\n 16,30 Regisztr\u00e1ci\u00f3<br \/>\r\n 17h Megnyit\u00f3<br \/>\r\n 17,10 El\u0151ad\u00e1s: LAVA (Au) <a title=\"www.l-a-v-a.net\" href=\"http:\/\/www.l-a-v-a.net\/\" target=\"_blank\">www.l-a-v-a.net<\/a><br \/>\r\n 18h El\u0151ad\u00e1s: IANPLUS (I) <a title=\"www.ianplus.it\" href=\"http:\/\/www.ianplus.it\/\" target=\"_blank\">www.ianplus.it<\/a><br \/>\r\n 20h \u00c1ll\u00f3fogad\u00e1s<br \/>\r\n 21h Audi\u00f3vizu\u00e1lis performance, koncert<\/p>\r\n\r\n<p><em><strong>November 8., szombat<\/strong><\/em><br \/>\r\n V\u00e1rosi \u00e9p\u00edt\u00e9szeti s\u00e9t\u00e1k<br \/>\r\n 10h, 11h, 12h METRO4 &#8211; utaz\u00e1s a F\u00f6ld k\u00f6zpontja fel\u00e9, \u00e9p\u00fcl\u0151 \u00e1llom\u00e1sok 30 m m\u00e9lyen a f\u00f6ld alatt<br \/>\r\n 10h \u00e9s 12h Beyond Budapest &#8211; alternat\u00edv \u00e9lm\u00e9nyt\u00fara a VIII. ker\u00fcletben\u00a0\u00a0 <a title=\"www.beyondbudapest.hu\" href=\"http:\/\/www.beyondbudapest.hu\/\" target=\"_blank\">www.beyondbudapest.hu<\/a> <br \/>\r\n 11h \u00e9s 12h \u00c9p\u00edt\u00e9szeti s\u00e9ta a zsid\u00f3negyedben<br \/>\r\n K\u00c9K<br \/>\r\n 15h -22h Szimp\u00f3zion &#8211; a makettekhez kapcsol\u00f3d\u00f3 projektek bemutat\u00e1sa<br \/>\r\n 17h\u00a0 100 szoba &#8211; 100 makett ki\u00e1ll\u00edt\u00e1smegnyit\u00f3 &#8211; Dietmar Steiner, az AzW igazgat\u00f3ja (A)<br \/>\r\n 22h\u00a0 3D Dekonstrukci\u00f3 &#8211; a r\u00e9sztvev\u0151k 3D \u00e9p\u00edt\u00e9szeti anim\u00e1ci\u00f3ib\u00f3l neves Vj-k v\u00e1gnak, koncert, party<\/p>\r\n\r\n<p><a href=\"http:\/\/kek.org.hu\/modelfest\/\" target=\"_blank\">http:\/\/kek.org.hu\/modelfest\/<\/a><\/p>","protected":false},"excerpt":{"rendered":"<p>A K\u00c9K (Kort\u00e1rs \u00c9p\u00edt\u00e9szeti K\u00f6zpont) 2008. november 7-9 k\u00f6z\u00f6tt rendezi meg 100 szoba &#8211; 100 makett c\u00edmmel az I. Nemzetk\u00f6zi \u00c9p\u00edt\u00e9szeti Makett Fesztiv\u00e1lt. A szimp\u00f3ziummal, v\u00e1rosi s\u00e9t\u00e1kkal \u00e9s vil\u00e1gh\u00edr\u0171 \u00e9p\u00edt\u00e9szek el\u0151ad\u00e1saival egybek\u00f6t\u00f6tt, nagyszab\u00e1s\u00fa \u00e9p\u00edt\u00e9szeti makett-ki\u00e1ll\u00edt\u00e1son sz\u00e1z eur\u00f3pai \u00e9p\u00edt\u00e9sziroda sz\u00e1z p\u00e1ly\u00e1zatra k\u00e9sz\u00fclt \u00e9p\u00fclet-modellj\u00e9t \u00e1ll\u00edtj\u00e1k ki. Program November 7., p\u00e9ntek V\u00e1rosh\u00e1za d\u00edszterem 16,30 Regisztr\u00e1ci\u00f3 17h Megnyit\u00f3 17,10 [&hellip;]<\/p>\n","protected":false},"author":1,"featured_media":0,"parent":0,"comment_status":"open","ping_status":"open","sticky":false,"template":"","format":"standard","meta":{"_acf_changed":false,"footnotes":""},"categories":[3],"tags":[],"class_list":["post-820293","post","type-post","status-publish","format-standard","hentry","category-hirek"],"acf":[],"_links":{"self":[{"href":"https:\/\/exindex.hu\/hu\/wp-json\/wp\/v2\/posts\/820293","targetHints":{"allow":["GET"]}}],"collection":[{"href":"https:\/\/exindex.hu\/hu\/wp-json\/wp\/v2\/posts"}],"about":[{"href":"https:\/\/exindex.hu\/hu\/wp-json\/wp\/v2\/types\/post"}],"author":[{"embeddable":true,"href":"https:\/\/exindex.hu\/hu\/wp-json\/wp\/v2\/users\/1"}],"replies":[{"embeddable":true,"href":"https:\/\/exindex.hu\/hu\/wp-json\/wp\/v2\/comments?post=820293"}],"version-history":[{"count":0,"href":"https:\/\/exindex.hu\/hu\/wp-json\/wp\/v2\/posts\/820293\/revisions"}],"wp:attachment":[{"href":"https:\/\/exindex.hu\/hu\/wp-json\/wp\/v2\/media?parent=820293"}],"wp:term":[{"taxonomy":"category","embeddable":true,"href":"https:\/\/exindex.hu\/hu\/wp-json\/wp\/v2\/categories?post=820293"},{"taxonomy":"post_tag","embeddable":true,"href":"https:\/\/exindex.hu\/hu\/wp-json\/wp\/v2\/tags?post=820293"}],"curies":[{"name":"wp","href":"https:\/\/api.w.org\/{rel}","templated":true}]}}