{"id":820295,"date":"2008-11-05T16:29:15","date_gmt":"2008-11-05T14:29:15","guid":{"rendered":"https:\/\/exindex.hu\/?p=820295"},"modified":"2008-11-05T16:29:15","modified_gmt":"2008-11-05T14:29:15","slug":"fotohonap-2008","status":"publish","type":"post","link":"https:\/\/exindex.hu\/hu\/hirek\/fotohonap-2008\/","title":{"rendered":"Fot\u00f3h\u00f3nap 2008"},"content":{"rendered":"<p>Orsz\u00e1gszerte sz\u00e1mos k\u00fcl\u00f6nb\u00f6z\u0151 fot\u00f3ki\u00e1ll\u00edt\u00e1s ny\u00edlik novemberben a <a href=\"http:\/\/www.fotohonap.hu\/\" target=\"_blank\">Fot\u00f3h\u00f3nap 2008<\/a> &#8211;<em> Dial\u00f3gus<\/em> fesztiv\u00e1l keret\u00e9ben, a Magyar Fot\u00f3m\u0171v\u00e9szek Sz\u00f6vets\u00e9g\u00e9nek szervez\u00e9s\u00e9ben.<\/p>","protected":false},"excerpt":{"rendered":"<p>Orsz\u00e1gszerte sz\u00e1mos k\u00fcl\u00f6nb\u00f6z\u0151 fot\u00f3ki\u00e1ll\u00edt\u00e1s ny\u00edlik novemberben a Fot\u00f3h\u00f3nap 2008 &#8211; Dial\u00f3gus fesztiv\u00e1l keret\u00e9ben, a Magyar Fot\u00f3m\u0171v\u00e9szek Sz\u00f6vets\u00e9g\u00e9nek szervez\u00e9s\u00e9ben.<\/p>\n","protected":false},"author":1,"featured_media":0,"parent":0,"comment_status":"open","ping_status":"open","sticky":false,"template":"","format":"standard","meta":{"_acf_changed":false,"footnotes":""},"categories":[3],"tags":[],"class_list":["post-820295","post","type-post","status-publish","format-standard","hentry","category-hirek"],"acf":[],"_links":{"self":[{"href":"https:\/\/exindex.hu\/hu\/wp-json\/wp\/v2\/posts\/820295","targetHints":{"allow":["GET"]}}],"collection":[{"href":"https:\/\/exindex.hu\/hu\/wp-json\/wp\/v2\/posts"}],"about":[{"href":"https:\/\/exindex.hu\/hu\/wp-json\/wp\/v2\/types\/post"}],"author":[{"embeddable":true,"href":"https:\/\/exindex.hu\/hu\/wp-json\/wp\/v2\/users\/1"}],"replies":[{"embeddable":true,"href":"https:\/\/exindex.hu\/hu\/wp-json\/wp\/v2\/comments?post=820295"}],"version-history":[{"count":0,"href":"https:\/\/exindex.hu\/hu\/wp-json\/wp\/v2\/posts\/820295\/revisions"}],"wp:attachment":[{"href":"https:\/\/exindex.hu\/hu\/wp-json\/wp\/v2\/media?parent=820295"}],"wp:term":[{"taxonomy":"category","embeddable":true,"href":"https:\/\/exindex.hu\/hu\/wp-json\/wp\/v2\/categories?post=820295"},{"taxonomy":"post_tag","embeddable":true,"href":"https:\/\/exindex.hu\/hu\/wp-json\/wp\/v2\/tags?post=820295"}],"curies":[{"name":"wp","href":"https:\/\/api.w.org\/{rel}","templated":true}]}}