{"id":820298,"date":"2008-11-05T20:13:37","date_gmt":"2008-11-05T18:13:37","guid":{"rendered":"https:\/\/exindex.hu\/?p=820298"},"modified":"2008-11-14T18:42:15","modified_gmt":"2008-11-14T16:42:15","slug":"utca-2008","status":"publish","type":"post","link":"https:\/\/exindex.hu\/hu\/hirek\/utca-2008\/","title":{"rendered":"Utca 2008"},"content":{"rendered":"<p>Megnyit\u00f3: 2008. november 11., kedd<br \/>\r\n 18h: verset felolvas: Tam\u00e1s Zsuzsa, zs\u00edroskenyeret ken: Orosz Csaba<br \/>\r\n 19h: fell\u00e9p a szoci\u00e1lis munk\u00e1sokb\u00f3l \u00e9s hajl\u00e9ktalanokb\u00f3l \u00e1ll\u00f3 Oltalom Kultur\u00e1lis K\u00f6r<br \/>\r\n 20h-t\u00f3l: koncertek &#8211; Bardo, Lid\u00e9rc, Grand Hotel Budapest<\/p>\r\n\r\n<p>Helysz\u00edn: G\u00f6d\u00f6r Klub, Erzs\u00e9bet t\u00e9r<\/p>\r\n\r\n<p>R\u00e9sztvev\u00f5 m\u00fbv\u00e9szek: Bolla Rita, Chilf M\u00e1ria, Csont\u00f3 Lajos, Ferenczy Zsolt, G\u00e1bor Imre, Gressai Ferdin\u00e1nd, Halasi Rita, Kiss Ad\u00e9l, Koronczi Endre, Kov\u00e1cs Budha Tam\u00e1s, Ludman \u00c9va, Lugossy M\u00e1ria, Mihalik Gabriella, Marko Mrse, Ocztos Istv\u00e1n, Orosz Csaba, Resty\u00e1nszki Attila, Sarkadi Nagy Bal\u00e1zs, St. Auby Tam\u00e1s, S\u00fcli-Zakar Szabolcs, Szabics \u00c1gnes, Szab\u00f3 Eszter, Szab\u00f3 Ildik\u00f3 &#8211; Tesch Katalin, T\u00f3th Gy\u00f6rgy, Wolsky Andr\u00e1s, Z, Zselinszky Miroslav<\/p>\r\n\r\n<p>\u00d6tlet: Tam\u00e1s Zsuzsa<br \/>\r\n Koordin\u00e1torok: L\u00e9n\u00e1rd Anna, Szab\u00f3 Attila<\/p>\r\n\r\n<p>A ki\u00e1ll\u00edt\u00e1s megtekinthet\u00f5: november 11-december 2-ig, minden nap 14-20 \u00f3r\u00e1ig<br \/>\r\n A Csillagsz\u00e1ll\u00f3 kultur\u00e1lis utcalap m\u00e1sodik sz\u00fclet\u00e9snapi rendezv\u00e9nye.<\/p>\r\n\r\n<p><span style=\"font-size: xx-small;\">* ************* ********** ******* ******* ************* ***********<\/span>.<\/p>\r\n\r\n<p><a href=\"http:\/\/www.photoblog.com\/bigeyesoczy\/2008\/11\/11\/opening-of-street--gallery-by-night.html\" target=\"_blank\">bigeyesoczy<\/a> k\u00e9psor<\/p>\r\n\r\n<p><span style=\"font-size: xx-small;\">*********** ******<\/span><\/p>","protected":false},"excerpt":{"rendered":"<p>Megnyit\u00f3: 2008. november 11., kedd 18h: verset felolvas: Tam\u00e1s Zsuzsa, zs\u00edroskenyeret ken: Orosz Csaba 19h: fell\u00e9p a szoci\u00e1lis munk\u00e1sokb\u00f3l \u00e9s hajl\u00e9ktalanokb\u00f3l \u00e1ll\u00f3 Oltalom Kultur\u00e1lis K\u00f6r 20h-t\u00f3l: koncertek &#8211; Bardo, Lid\u00e9rc, Grand Hotel Budapest Helysz\u00edn: G\u00f6d\u00f6r Klub, Erzs\u00e9bet t\u00e9r R\u00e9sztvev\u00f5 m\u00fbv\u00e9szek: Bolla Rita, Chilf M\u00e1ria, Csont\u00f3 Lajos, Ferenczy Zsolt, G\u00e1bor Imre, Gressai Ferdin\u00e1nd, Halasi Rita, Kiss [&hellip;]<\/p>\n","protected":false},"author":1,"featured_media":0,"parent":0,"comment_status":"open","ping_status":"open","sticky":false,"template":"","format":"standard","meta":{"_acf_changed":false,"footnotes":""},"categories":[3],"tags":[],"class_list":["post-820298","post","type-post","status-publish","format-standard","hentry","category-hirek"],"acf":[],"_links":{"self":[{"href":"https:\/\/exindex.hu\/hu\/wp-json\/wp\/v2\/posts\/820298","targetHints":{"allow":["GET"]}}],"collection":[{"href":"https:\/\/exindex.hu\/hu\/wp-json\/wp\/v2\/posts"}],"about":[{"href":"https:\/\/exindex.hu\/hu\/wp-json\/wp\/v2\/types\/post"}],"author":[{"embeddable":true,"href":"https:\/\/exindex.hu\/hu\/wp-json\/wp\/v2\/users\/1"}],"replies":[{"embeddable":true,"href":"https:\/\/exindex.hu\/hu\/wp-json\/wp\/v2\/comments?post=820298"}],"version-history":[{"count":0,"href":"https:\/\/exindex.hu\/hu\/wp-json\/wp\/v2\/posts\/820298\/revisions"}],"wp:attachment":[{"href":"https:\/\/exindex.hu\/hu\/wp-json\/wp\/v2\/media?parent=820298"}],"wp:term":[{"taxonomy":"category","embeddable":true,"href":"https:\/\/exindex.hu\/hu\/wp-json\/wp\/v2\/categories?post=820298"},{"taxonomy":"post_tag","embeddable":true,"href":"https:\/\/exindex.hu\/hu\/wp-json\/wp\/v2\/tags?post=820298"}],"curies":[{"name":"wp","href":"https:\/\/api.w.org\/{rel}","templated":true}]}}