{"id":820300,"date":"2008-11-07T15:24:14","date_gmt":"2008-11-07T13:24:14","guid":{"rendered":"https:\/\/exindex.hu\/?p=820300"},"modified":"2008-11-07T15:24:14","modified_gmt":"2008-11-07T13:24:14","slug":"a-mutargytol-a-blogig-es-vissza","status":"publish","type":"post","link":"https:\/\/exindex.hu\/hu\/hirek\/a-mutargytol-a-blogig-es-vissza\/","title":{"rendered":"A m\u0171t\u00e1rgyt\u00f3l a blogig \u00e9s vissza"},"content":{"rendered":"<p>Szab\u00f3 Dezs\u0151vel \u00e9s V\u00e1rnagy Tiborral besz\u00e9lget Hor\u00e1nyi Attila<\/p>\r\n\r\n<p>Helysz\u00edn: ArtB\u00e1zis, Budapest VIII, Hor\u00e1nszky u. 25. <br \/>\r\n Id\u0151pont: 2008.11.12. szerda 19:00<\/p>\r\n\r\n<p>Az FFS soron k\u00f6vetkez\u0151 szerda esti besz\u00e9lget\u00e9se h\u00e1rom f\u0151 t\u00e9m\u00e1ra <br \/>\r\n koncentr\u00e1l majd:<\/p>\r\n\r\n<p>Egyr\u00e9szt: Mi egy m\u0171t\u00e1rgy ma? Hogyan illeszkedik ehhez a t\u00e1blak\u00e9pek <br \/>\r\n \u00e9vsz\u00e1zados trad\u00edci\u00f3ja? Mik\u00e9ppen lehet &#8211; \u00e9s kell-e egy\u00e1ltal\u00e1n &#8211; a <br \/>\r\n fotogr\u00e1fi\u00e1t a t\u00e1blak\u00e9pek mint\u00e1j\u00e1ra elk\u00e9pzelni? Kell-e, lehet-e, szabad-e <br \/>\r\n ekk\u00e9nt (m\u0171)t\u00e1rgyias\u00edtani?<\/p>\r\n\r\n<p>M\u00e1sr\u00e9szt: Fotogr\u00e1fia-e egy blogfot\u00f3? \u00c9s egy sorozat? \u00c9s m\u0171v\u00e9szet-e, <br \/>\r\n \u00e9rv\u00e9nyes m\u0171v\u00e9szi gesztus-e maga a blog? Egy\u00e1ltal\u00e1n: mi egy (m\u0171v\u00e9szi) <br \/>\r\n blog? A jelen meg\u00e9l\u00e9s\u00e9nek maradand\u00f3 r\u00f6gz\u00edt\u00e9se? Mi van benne, t\u00fal <br \/>\r\n aktualit\u00e1s\u00e1n? Mit v\u00e1runk, hogy benne legyen, t\u00fal az aktualit\u00e1son?<\/p>\r\n\r\n<p>Harmadr\u00e9szt: M\u0171fajok ezek &#8211; a fot\u00f3-t\u00e1blak\u00e9p \u00e9s a blogfot\u00f3? \u00cdzl\u00e9s dolga a <br \/>\r\n v\u00e1laszt\u00e1suk vagy a m\u0171v\u00e9szi elhivatotts\u00e1g\u00e9? \u00c9s mindez mit mond el mag\u00e1r\u00f3l <br \/>\r\n a fotogr\u00e1fi\u00e1r\u00f3l?<\/p>\r\n\r\n<p>Minden \u00e9rdekl\u0151d\u0151t szeretettel v\u00e1runk!<\/p>","protected":false},"excerpt":{"rendered":"<p>Szab\u00f3 Dezs\u0151vel \u00e9s V\u00e1rnagy Tiborral besz\u00e9lget Hor\u00e1nyi Attila Helysz\u00edn: ArtB\u00e1zis, Budapest VIII, Hor\u00e1nszky u. 25. Id\u0151pont: 2008.11.12. szerda 19:00 Az FFS soron k\u00f6vetkez\u0151 szerda esti besz\u00e9lget\u00e9se h\u00e1rom f\u0151 t\u00e9m\u00e1ra koncentr\u00e1l majd: Egyr\u00e9szt: Mi egy m\u0171t\u00e1rgy ma? Hogyan illeszkedik ehhez a t\u00e1blak\u00e9pek \u00e9vsz\u00e1zados trad\u00edci\u00f3ja? Mik\u00e9ppen lehet &#8211; \u00e9s kell-e egy\u00e1ltal\u00e1n &#8211; a fotogr\u00e1fi\u00e1t a t\u00e1blak\u00e9pek mint\u00e1j\u00e1ra [&hellip;]<\/p>\n","protected":false},"author":1,"featured_media":0,"parent":0,"comment_status":"open","ping_status":"open","sticky":false,"template":"","format":"standard","meta":{"_acf_changed":false,"footnotes":""},"categories":[3],"tags":[],"class_list":["post-820300","post","type-post","status-publish","format-standard","hentry","category-hirek"],"acf":[],"_links":{"self":[{"href":"https:\/\/exindex.hu\/hu\/wp-json\/wp\/v2\/posts\/820300","targetHints":{"allow":["GET"]}}],"collection":[{"href":"https:\/\/exindex.hu\/hu\/wp-json\/wp\/v2\/posts"}],"about":[{"href":"https:\/\/exindex.hu\/hu\/wp-json\/wp\/v2\/types\/post"}],"author":[{"embeddable":true,"href":"https:\/\/exindex.hu\/hu\/wp-json\/wp\/v2\/users\/1"}],"replies":[{"embeddable":true,"href":"https:\/\/exindex.hu\/hu\/wp-json\/wp\/v2\/comments?post=820300"}],"version-history":[{"count":0,"href":"https:\/\/exindex.hu\/hu\/wp-json\/wp\/v2\/posts\/820300\/revisions"}],"wp:attachment":[{"href":"https:\/\/exindex.hu\/hu\/wp-json\/wp\/v2\/media?parent=820300"}],"wp:term":[{"taxonomy":"category","embeddable":true,"href":"https:\/\/exindex.hu\/hu\/wp-json\/wp\/v2\/categories?post=820300"},{"taxonomy":"post_tag","embeddable":true,"href":"https:\/\/exindex.hu\/hu\/wp-json\/wp\/v2\/tags?post=820300"}],"curies":[{"name":"wp","href":"https:\/\/api.w.org\/{rel}","templated":true}]}}