{"id":820302,"date":"2008-11-12T18:51:07","date_gmt":"2008-11-12T16:51:07","guid":{"rendered":"https:\/\/exindex.hu\/?p=820302"},"modified":"2008-11-12T18:51:07","modified_gmt":"2008-11-12T16:51:07","slug":"muveszettortenesz-akarsz-lenni-megorultel-fiam","status":"publish","type":"post","link":"https:\/\/exindex.hu\/hu\/hirek\/muveszettortenesz-akarsz-lenni-megorultel-fiam\/","title":{"rendered":"M\u0171v\u00e9szett\u00f6rt\u00e9n\u00e9sz akarsz lenni? Meg\u0151r\u00fclt\u00e9l, fiam?"},"content":{"rendered":"<p>Kerekasztal-besz\u00e9lget\u00e9s R\u00e9nyi Andr\u00e1ssal \u00e9s Szak\u00e1cs B\u00e9la Zsolttal, az ELTE BTK M\u0171v\u00e9szett\u00f6rt\u00e9neti Int\u00e9zet\u00e9nek \u00e9s a PPKE BTK M\u0171v\u00e9szett\u00f6rt\u00e9net Tansz\u00e9k\u00e9nek vezet\u0151ivel<\/p>\r\n\r\n<p>2008. november 14-\u00e9n, p\u00e9nteken, 18:00 \u00f3rai kezdettel.<\/p>\r\n\r\n<p>Milyen t\u00e1rsadalmi \u00e9rt\u00e9ke van a m\u0171v\u00e9szett\u00f6rt\u00e9netnek?<br \/>\r\n Hova tov\u00e1bb m\u0171v\u00e9szett\u00f6rt\u00e9n\u00e9szk\u00e9nt?<br \/>\r\n Munkaer\u0151piaci ig\u00e9nyek \u00e9s szakmai lehet\u0151s\u00e9gek. Hol a priorit\u00e1s?<br \/>\r\n BsC, MsC (\u00e9s Ph.D): piaci elv\u00e1r\u00e1sok \u00e9s lehet\u0151s\u00e9gek a bolognai rendszerben.<br \/>\r\n L\u00e9tezik-e m\u0171v\u00e9szett\u00f6rt\u00e9n\u00e9sz-lobbi?<\/p>\r\n\r\n<p>Helysz\u00edn:<br \/>\r\n E\u00f6tv\u00f6s Collegium<br \/>\r\n 1118 Budapest, M\u00e9nesi \u00fat 11-13., f\u00f6ldszinti klubterem.<\/p>\r\n\r\n<p>Centrart M\u0171v\u00e9szett\u00f6rt\u00e9n\u00e9szek \u00daj M\u0171helye K\u00f6zhaszn\u00fa Egyes\u00fclet<br \/>\r\n <a href=\"http:\/\/www.centrart.hu\" target=\"_blank\">www.centrart.hu<\/a><\/p>","protected":false},"excerpt":{"rendered":"<p>Kerekasztal-besz\u00e9lget\u00e9s R\u00e9nyi Andr\u00e1ssal \u00e9s Szak\u00e1cs B\u00e9la Zsolttal, az ELTE BTK M\u0171v\u00e9szett\u00f6rt\u00e9neti Int\u00e9zet\u00e9nek \u00e9s a PPKE BTK M\u0171v\u00e9szett\u00f6rt\u00e9net Tansz\u00e9k\u00e9nek vezet\u0151ivel 2008. november 14-\u00e9n, p\u00e9nteken, 18:00 \u00f3rai kezdettel. Milyen t\u00e1rsadalmi \u00e9rt\u00e9ke van a m\u0171v\u00e9szett\u00f6rt\u00e9netnek? Hova tov\u00e1bb m\u0171v\u00e9szett\u00f6rt\u00e9n\u00e9szk\u00e9nt? Munkaer\u0151piaci ig\u00e9nyek \u00e9s szakmai lehet\u0151s\u00e9gek. Hol a priorit\u00e1s? BsC, MsC (\u00e9s Ph.D): piaci elv\u00e1r\u00e1sok \u00e9s lehet\u0151s\u00e9gek a bolognai rendszerben. L\u00e9tezik-e [&hellip;]<\/p>\n","protected":false},"author":1,"featured_media":0,"parent":0,"comment_status":"open","ping_status":"open","sticky":false,"template":"","format":"standard","meta":{"_acf_changed":false,"footnotes":""},"categories":[3],"tags":[],"class_list":["post-820302","post","type-post","status-publish","format-standard","hentry","category-hirek"],"acf":[],"_links":{"self":[{"href":"https:\/\/exindex.hu\/hu\/wp-json\/wp\/v2\/posts\/820302","targetHints":{"allow":["GET"]}}],"collection":[{"href":"https:\/\/exindex.hu\/hu\/wp-json\/wp\/v2\/posts"}],"about":[{"href":"https:\/\/exindex.hu\/hu\/wp-json\/wp\/v2\/types\/post"}],"author":[{"embeddable":true,"href":"https:\/\/exindex.hu\/hu\/wp-json\/wp\/v2\/users\/1"}],"replies":[{"embeddable":true,"href":"https:\/\/exindex.hu\/hu\/wp-json\/wp\/v2\/comments?post=820302"}],"version-history":[{"count":0,"href":"https:\/\/exindex.hu\/hu\/wp-json\/wp\/v2\/posts\/820302\/revisions"}],"wp:attachment":[{"href":"https:\/\/exindex.hu\/hu\/wp-json\/wp\/v2\/media?parent=820302"}],"wp:term":[{"taxonomy":"category","embeddable":true,"href":"https:\/\/exindex.hu\/hu\/wp-json\/wp\/v2\/categories?post=820302"},{"taxonomy":"post_tag","embeddable":true,"href":"https:\/\/exindex.hu\/hu\/wp-json\/wp\/v2\/tags?post=820302"}],"curies":[{"name":"wp","href":"https:\/\/api.w.org\/{rel}","templated":true}]}}