{"id":820303,"date":"2008-11-13T19:26:50","date_gmt":"2008-11-13T17:26:50","guid":{"rendered":"https:\/\/exindex.hu\/?p=820303"},"modified":"2008-11-19T03:19:50","modified_gmt":"2008-11-19T01:19:50","slug":"szirtes-napok","status":"publish","type":"post","link":"https:\/\/exindex.hu\/hu\/hirek\/szirtes-napok\/","title":{"rendered":"Szirtes-napok"},"content":{"rendered":"<p><br class=\"spacer_\" \/><\/p>\r\n\r\n<p><strong>Negyven \u00e9v, negyven film<\/strong><span style=\"font-size: small;\"><br \/>\r\nSzirtes Andr\u00e1s filmjei (1968 &#8211; 2008)<br \/>\r\n <\/span><\/p>\r\n\r\n<p><strong>BEMELEG\u00cdT\u00c9S<\/strong><\/p>\r\n\r\n<p style=\"text-align: left;\"><strong>2008. nov 20. 16:00<\/strong><\/p>\r\n\r\n<p>1976. <em>Madarak<\/em>, 35 mm, sz\u00ednes, 8 perc<br \/>\r\n1973-80. <em>Hajnal (andante)<\/em>, 16-35 mm, fekete feh\u00e9r, 21 perc<br \/>\r\n1981. <em>Gravit\u00e1ci\u00f3<\/em>, 35 mm, sz\u00ednes, 21 perc<br \/>\r\n1993-95. <em>A kisbaba reggelije<\/em>, 35 mm, fekete feh\u00e9r, 42 perc<\/p>\r\n\r\n<p>A la carte<\/p>\r\n\r\n<p><label><\/label> 2008. nov 20. 18:00 Felki\u00e1lt\u00e1ssal, avagy sz\u00f3t\u00f6bbs\u00e9g alapj\u00e1n sz\u00fcletik a d\u00f6nt\u00e9s. A k\u00edn\u00e1lat nem m\u00e1s, mint a teljes \u00e9letm\u0171.<\/p>\r\n\r\n<p>K\u00e1v\u00e9, desszert \u2013 ig\u00e9ny szerint<\/p>\r\n\r\n<p><!-- begin content --><\/p>\r\n\r\n\r\n<div class=\"node\">\r\n<div class=\"content\">\r\n<div class=\"event-nodeapi\">\r\n<div class=\"event-start\"><label><\/label> 2008. nov 20. 21:00<\/div>\r\n<\/div>\r\n<\/div>\r\n<div class=\"content\">Szirtes Andr\u00e1s k\u00e9zi kurblis vet\u00edt\u0151j\u00e9vel levet\u00edti kedvenc n\u00e9mafilm-tekercseit.<\/div>\r\n<\/div>\r\n\r\n\r\n<p><strong>ER\u0150S\u00cdT\u00c9S<\/strong><\/p>\r\n\r\n<p><strong><label><\/label> 2008. nov 21. 14:00<\/strong><\/p>\r\n\r\n<p>1984-86. <em>Lenz<\/em>, 35 mm, sz\u00ednes, 100 perc<br \/>\r\n1990-93. <em>Sade m\u00e1rki \u00e9s \u00e9lete<\/em>, 35 mm, fekete feh\u00e9r, 120 perc<\/p>\r\n\r\n<p>A la carte<\/p>\r\n\r\n<p><label><\/label> 2008. nov 21. 18:00 Felki\u00e1lt\u00e1ssal, avagy sz\u00f3t\u00f6bbs\u00e9g alapj\u00e1n sz\u00fcletik a d\u00f6nt\u00e9s. A k\u00edn\u00e1lat nem m\u00e1s, mint a teljes \u00e9letm\u0171.<\/p>\r\n\r\n<p>K\u00e1v\u00e9, desszert &#8211; ig\u00e9ny szerint<\/p>\r\n\r\n<p><label><\/label> 2008. nov 21. 21:00 Szirtes Andr\u00e1s k\u00e9zi kurblis vet\u00edt\u0151j\u00e9vel levet\u00edti kedvenc n\u00e9mafilm-tekercseit.<\/p>\r\n\r\n<p><strong>NY\u00daJT\u00c1S<\/strong><\/p>\r\n\r\n<p><strong><label><\/label> 2008. nov 22. 10:00<\/strong><\/p>\r\n\r\n<p>1993-96. <em>Bevezet\u00e9s a filmk\u00e9sz\u00edt\u00e9s rejtelmeibe<\/em>, I-VIII. r\u00e9sz, vide\u00f3 360 perc<br \/>\r\n1997-98. <em>Fejezetek a Bal\u00e1zs B\u00e9la St\u00fadi\u00f3 t\u00f6rt\u00e9net\u00e9b\u0151l<\/em>, video, 180 perc<\/p>\r\n\r\n<p>2008. nov 22. 18:00 Felki\u00e1lt\u00e1ssal, avagy sz\u00f3t\u00f6bbs\u00e9g alapj\u00e1n sz\u00fcletik a d\u00f6nt\u00e9s. A k\u00edn\u00e1lat nem m\u00e1s, mint a teljes \u00e9letm\u0171.<\/p>\r\n\r\n\r\n<div class=\"content\"><strong>DocuArt Filmm\u0171v\u00e9szeti K\u00f6zpont<\/strong><\/div>\r\n<div class=\"content\"><strong>Budapest, IX. R\u00e1day utca 18. &#8211; Erkel utca 15. <\/strong><\/div>\r\n<div class=\"content\"><strong>(bej\u00e1rat az Erkel utc\u00e1b\u00f3l)<br \/>\r\n <\/strong><\/div>\r\n<div class=\"content\"><a href=\"http:\/\/www.docuart.hu\/\" target=\"_blank\">http:\/\/www.docuart.hu\/<\/a><\/div>\r\n<div class=\"content\"><\/div>\r\n<div class=\"content\" style=\"text-align: center;\">*<\/div>\r\n<div class=\"content\" style=\"text-align: center;\">_<\/div>\r\n<div class=\"content\" style=\"text-align: center;\"><a href=\"\/wp-content\/uploads\/x\/szirtesfilmek1.jpg\"><img loading=\"lazy\" decoding=\"async\" class=\"aligncenter size-full wp-image-306\" title=\"szirtesfilmek1\" src=\"\/wp-content\/uploads\/x\/szirtesfilmek1.jpg\" alt=\"\" width=\"500\" height=\"247\" \/><\/a><\/div>\r\n<div class=\"content\" style=\"text-align: center;\"><\/div>\r\n<div class=\"content\" style=\"text-align: center;\">*<\/div>\r\n<div class=\"content\" style=\"text-align: center;\">_<\/div>\r\n<div class=\"content\" style=\"text-align: center;\"><a href=\"\/wp-content\/uploads\/x\/szirtesfilmek_etlap.jpg\"><img loading=\"lazy\" decoding=\"async\" class=\"aligncenter size-full wp-image-308\" title=\"szirtesfilmek_etlap\" src=\"\/wp-content\/uploads\/x\/szirtesfilmek_etlap.jpg\" alt=\"\" width=\"306\" height=\"623\" \/><\/a><\/div>\r\n<div class=\"content\" style=\"text-align: center;\"><\/div>\r\n<div class=\"content\" style=\"text-align: center;\">*<\/div>","protected":false},"excerpt":{"rendered":"<p>Negyven \u00e9v, negyven film Szirtes Andr\u00e1s filmjei (1968 &#8211; 2008) BEMELEG\u00cdT\u00c9S 2008. nov 20. 16:00 1976. Madarak, 35 mm, sz\u00ednes, 8 perc 1973-80. Hajnal (andante), 16-35 mm, fekete feh\u00e9r, 21 perc 1981. Gravit\u00e1ci\u00f3, 35 mm, sz\u00ednes, 21 perc 1993-95. A kisbaba reggelije, 35 mm, fekete feh\u00e9r, 42 perc A la carte 2008. nov 20. 18:00 [&hellip;]<\/p>\n","protected":false},"author":1,"featured_media":820306,"parent":0,"comment_status":"open","ping_status":"open","sticky":false,"template":"","format":"standard","meta":{"_acf_changed":false,"footnotes":""},"categories":[3],"tags":[],"class_list":["post-820303","post","type-post","status-publish","format-standard","has-post-thumbnail","hentry","category-hirek"],"acf":[],"_links":{"self":[{"href":"https:\/\/exindex.hu\/hu\/wp-json\/wp\/v2\/posts\/820303","targetHints":{"allow":["GET"]}}],"collection":[{"href":"https:\/\/exindex.hu\/hu\/wp-json\/wp\/v2\/posts"}],"about":[{"href":"https:\/\/exindex.hu\/hu\/wp-json\/wp\/v2\/types\/post"}],"author":[{"embeddable":true,"href":"https:\/\/exindex.hu\/hu\/wp-json\/wp\/v2\/users\/1"}],"replies":[{"embeddable":true,"href":"https:\/\/exindex.hu\/hu\/wp-json\/wp\/v2\/comments?post=820303"}],"version-history":[{"count":0,"href":"https:\/\/exindex.hu\/hu\/wp-json\/wp\/v2\/posts\/820303\/revisions"}],"wp:featuredmedia":[{"embeddable":true,"href":"https:\/\/exindex.hu\/hu\/wp-json\/wp\/v2\/media\/820306"}],"wp:attachment":[{"href":"https:\/\/exindex.hu\/hu\/wp-json\/wp\/v2\/media?parent=820303"}],"wp:term":[{"taxonomy":"category","embeddable":true,"href":"https:\/\/exindex.hu\/hu\/wp-json\/wp\/v2\/categories?post=820303"},{"taxonomy":"post_tag","embeddable":true,"href":"https:\/\/exindex.hu\/hu\/wp-json\/wp\/v2\/tags?post=820303"}],"curies":[{"name":"wp","href":"https:\/\/api.w.org\/{rel}","templated":true}]}}