{"id":820321,"date":"2008-11-19T03:15:32","date_gmt":"2008-11-19T01:15:32","guid":{"rendered":"https:\/\/exindex.hu\/?p=820321"},"modified":"2008-11-21T13:54:12","modified_gmt":"2008-11-21T11:54:12","slug":"budapest-muveszeti-vasar-video-a-lathataron","status":"publish","type":"post","link":"https:\/\/exindex.hu\/hu\/hirek\/budapest-muveszeti-vasar-video-a-lathataron\/","title":{"rendered":"Budapest M\u0171v\u00e9szeti V\u00e1s\u00e1r &#8211; Vide\u00f3 a l\u00e1that\u00e1ron"},"content":{"rendered":"<p><strong>Vide\u00f3 a l\u00e1that\u00e1ron<\/strong><br \/>\r\n <em>Video- \u00e9s digit\u00e1lis m\u0171v\u00e9szet a magyar m\u0171v\u00e9szeti piacon<\/em><\/p>\r\n\r\n<p>A vide\u00f3 m\u0171v\u00e9szeti \u00e9s piack\u00e9pes m\u0171fajj\u00e1 alakul\u00e1sa a szem\u00fcnk el\u0151tt zajl\u00f3, lez\u00e1ratlan folyamat. Maga a kateg\u00f3ria &#8211; vide\u00f3m\u0171v\u00e9szet &#8211; is problematikus, hiszen az elm\u00falt huszon\u00f6t \u00e9vben az elektronikus mozg\u00f3k\u00e9p megannyi szinten \u00e9rtelmez\u0151d\u00f6tt: a \u201eklasszikus&#8221; vide\u00f3kamer\u00e1k mellett megjelentek a mobiltelefonok, az egycsatorn\u00e1s vet\u00edt\u00e9sek mellett pedig az interakt\u00edv alkot\u00e1sok vagy a black box-ok.<\/p>\r\n\r\n<p>A sok\u00e1ig kiz\u00e1r\u00f3lag underground jelens\u00e9gk\u00e9nt sz\u00e1montartott m\u0171fajjal igaz\u00e1n a legut\u00f3bbi \u00e9vtizedben kezdett sz\u00e1molni a m\u0171v\u00e9szeti piac, a gal\u00e9ri\u00e1k, m\u00fazeumi gy\u0171jtem\u00e9nyek, kur\u00e1torok \u00e9s a gy\u0171jt\u0151k. A Budapest Art Fair 2008-ban k\u00fcl\u00f6n figyelmet szentel a m\u00e9dium saj\u00e1toss\u00e1gain alapul\u00f3 vide\u00f3haszn\u00e1latnak, a digit\u00e1lis- \u00e9s m\u00e9diam\u0171v\u00e9szetnek: annak m\u0171fajt\u00f6rt\u00e9neti-, illetve technikai k\u00e9rd\u00e9seit, bemutat\u00e1si lehet\u0151s\u00e9geit j\u00e1rja k\u00f6rbe; szerz\u0151i jogi probl\u00e9m\u00e1it vizsg\u00e1lja; illetve piaci helyzet\u00e9t figyeli. A n\u00e9gy napos, blokkokra bontott el\u0151ad\u00e1ssorozatok egy-egy aspektust vizsg\u00e1lnak, valamennyi blokkot ir\u00e1\u00e1ny\u00edtott besz\u00e9lget\u00e9s vezet be, megh\u00edvott el\u0151ad\u00f3kkal, szakemberekkel, m\u0171v\u00e9szekkel, egyetemi hallgat\u00f3kkal, k\u00f6z\u00e9letiekkel.<\/p>\r\n\r\n<p>Koncepci\u00f3: Oltai Kata \u00e9s Eike Berg<br \/>\r\n a Videospace Budapest k\u00f6zrem\u0171k\u00f6d\u00e9s\u00e9vel<\/p>\r\n\r\n<p><strong>M\u0171v\u00e9szeti egyetemek bemutatkoz\u00e1sa<\/strong><br \/>\r\n Helysz\u00edn: M\u0171csarnok Audit\u00f3rium<\/p>\r\n\r\n<p>A megh\u00edvott egyetemekr\u0151l egy m\u0171v\u00e9sztan\u00e1r \u00e9s oszt\u00e1lya mutatkozik be, v\u00e1logatott anyaggal, illetve a f\u00e9l\u00e9ves feladat\u00e1val. A blokk arra hivatott, hogy a legfiatalabb nemzed\u00e9ket mutassa be, akik k\u00e9pviselettel, bemutatkoz\u00e1si lehet\u0151s\u00e9ggel m\u00e9g nem rendelkeznek; ugyanakkor koncentr\u00e1l arra a mester-tan\u00edtv\u00e1ny viszonyra, mely trad\u00edci\u00f3 a magyar m\u0171v\u00e9szk\u00e9pz\u00e9st alapvet\u0151en jellemzi.<\/p>\r\n\r\n<p><strong>2008-11-20, cs\u00fct\u00f6rt\u00f6k, 17-19 \u00f3ra<\/strong>: MOME, M\u00e9dia Design<\/p>\r\n\r\n<p>Cs\u00e1ki L\u00e1szl\u00f3 T\u00e1rgyfilm feladata, Falvay Mikl\u00f3s Anal\u00f3g feladata, valamint v\u00e1logat\u00e1s a MOME M\u00e9dia Design Szak vizsgafeladataib\u00f3l.<\/p>\r\n\r\n<p><strong>2008-11-21, p\u00e9ntek, 11-13 \u00f3ra<\/strong>: MKE, Interm\u00e9dia<\/p>\r\n\r\n<p>V\u00e1logat\u00e1s az MKE Interm\u00e9dia szakon k\u00e9sz\u00fclt vide\u00f3munk\u00e1kb\u00f3l, bevezeti: Sug\u00e1r J\u00e1nos<\/p>\r\n\r\n\r\n<h4>T\u00f6bb, mint vide\u00f3<\/h4>\r\n\r\n\r\n<p>Helysz\u00edn<strong>:<\/strong> M\u0171csarnok Audit\u00f3rium <br \/>\r\n Id\u0151pont: <strong>2008.11.21. p\u00e9ntek, 17-19 \u00f3ra<\/strong><\/p>\r\n\r\n<p>Hogyan mutatjuk meg? Install\u00e1l\u00e1si lehet\u0151s\u00e9gek \u00e9s k\u00f6vetelm\u00e9nyek.<br \/>\r\n El\u0151ad\u00f3: Szab\u00f3 Attila, ki\u00e1ll\u00edt\u00e1si koordin\u00e1tor, kor\u00e1bban MODEM, Debrecen<\/p>\r\n\r\n<p>P\u00e1rbesz\u00e9d a magyar vide\u00f3m\u0171v\u00e9szetr\u0151l, t\u00f6rt\u00e9net\u00e9r\u0151l, szerepl\u0151ir\u0151l.<br \/>\r\n Besz\u00e9lget\u0151partnerek: Sug\u00e1r J\u00e1nos \u00e9s Eike<br \/>\r\n Vet\u00edt\u00e9s a besz\u00e9lget\u00e9ssel kapcsolatban.<\/p>\r\n\r\n\r\n<h4>Besz\u00e9ln\u00fcnk kell<\/h4>\r\n\r\n\r\n<p>Helysz\u00edn<strong>:<\/strong> M\u0171csarnok Audit\u00f3rium <br \/>\r\n Id\u0151pont<strong>:<\/strong> <strong>2008.11.22. szombat, 17-19 \u00f3ra<\/strong><\/p>\r\n\r\n<p>P\u00e1rbesz\u00e9d gal\u00e9riavezet\u0151k \u00e9s alkot\u00f3k k\u00f6z\u00f6tt a m\u0171faj piaci jelenl\u00e9t\u00e9r\u0151l, nemzetk\u00f6zi \u00e9s hazai v\u00e1s\u00e1ri tapasztalatair\u00f3l, gy\u0171jt\u00e9sr\u0151l \u00e9s gy\u0171jtehet\u0151s\u00e9gr\u0151l.<\/p>\r\n\r\n<p>1.k\u00f6r: gal\u00e9riavezet\u0151k: N\u00e9meth Orsolya \/ Next Art Gal\u00e9ria, Valk\u00f3 Margit \/ Kisterem, P\u0151cze Attila \/ Vintage Gal\u00e9ria<\/p>\r\n\r\n<p>2.k\u00f6r: alkot\u00f3k: Be\u00f6thy Bal\u00e1zs \/ Vintage Gal\u00e9ria, KissP\u00e1l Szabolcs \/ De\u00e1k Erika Gal\u00e9ria, V\u00e9csei J\u00falia \/ Kisterem<\/p>\r\n\r\n<p>A besz\u00e9lget\u00e9sek moder\u00e1tora: Berg Eike<\/p>\r\n\r\n\r\n<h4>\u00c9s ha valaki m\u00e1solja a DVD-t?<\/h4>\r\n\r\n\r\n<p>Helysz\u00edn<strong>:<\/strong> M\u0171csarnok Auditorium <br \/>\r\n Id\u0151pont: <strong>2008.11.22. szombat, 11-13 \u00f3ra<\/strong><\/p>\r\n\r\n<p>Mix. N\u00e9h\u00e1ny p\u00e9lda a kort\u00e1rs magyar vide\u00f3m\u0171v\u00e9szetb\u0151l.<br \/>\r\n K\u00e9kesi Zolt\u00e1n kritikus, Magyar K\u00e9pz\u0151m\u0171v\u00e9szeti Egyetem, Interm\u00e9dia Tansz\u00e9k<\/p>\r\n\r\n<p>A digit\u00e1lis m\u0171v\u00e9szeti tulajdon k\u00f6r\u00fcli jogi k\u00e9rd\u00e9sek.<br \/>\r\n El\u0151ad\u00f3: Pet\u0151 M\u00e1rk, a PRK Bell\u00e1k \u00e9s T\u00e1rsai \u00dcgyv\u00e9di Iroda munkat\u00e1rsa<\/p>\r\n\r\n<p>Alternat\u00edv m\u00e9di\u00e1k vagy &#8222;cs\u0151be h\u00faznak?&#8221; &#8211; m\u0171v\u00e9szet a You Tube-on.<br \/>\r\n El\u0151ad\u00f3: Keserue Zsolt<\/p>\r\n\r\n\r\n<h4>Playlist &#8211; Szem\u00e9lyes k\u00f6zel\u00edt\u00e9s a vide\u00f3m\u0171v\u00e9szethez<\/h4>\r\n\r\n\r\n<p>Helysz\u00edn<strong>:<\/strong> M\u0171csarnok Auditorium   <br \/>\r\n Id\u0151pont<strong>:<\/strong> <strong>2008.11.23. vas\u00e1rnap, 17-19 \u00f3ra<\/strong><\/p>\r\n\r\n<p>Elektronikus mozg\u00f3k\u00e9p &#8211; a m\u0171faj tulajdons\u00e1gai \u00e9s hat\u00e1rai a digit\u00e1lis korszakban. Vide\u00f3m\u0171v\u00e9szet t\u00e1rol\u00e1sa, adapt\u00e1l\u00e1sa<br \/>\r\n El\u0151ad\u00f3: Kozma \u00c9va, C3<\/p>\r\n\r\n<p>A m\u0171fajra felk\u00e9rt mag\u00e1ngy\u0171jt\u0151k \u00e9s kult\u00farak\u00f6zeli egy\u00e9nis\u00e9gek h\u00edvj\u00e1k fel a figyelmet, olym\u00f3don, hogy saj\u00e1t szempontjaik szerint \u00e1ll\u00edtanak \u00f6ssze egy-egy sz\u00e1mukra jelent\u0151s\u00e9ggel b\u00edr\u00f3 alkot\u00e1sokat felsorakoztat\u00f3 list\u00e1t, mely a hazai vide\u00f3term\u00e9st p\u00e9ld\u00e1zza.<br \/>\r\n R\u00e9sztvev\u0151k: Feh\u00e9r Gy\u00f6rgy, Spengler Katalin \/ Soml\u00f3i Zsolt, Pados G\u00e1bor<br \/>\r\n Besz\u00e9lget\u0151t\u00e1rs: Kozma Zsolt<\/p>\r\n\r\n<p>Az el\u0151ad\u00e1sok l\u00e1togat\u00e1s\u00e1hoz sz\u00fcks\u00e9ges &#8222;Art Fair&#8221; jegyet venni:<br \/>\r\njegy \u00e1ra: 2500 Ft<br \/>\r\nkedvezm\u00e9nyes: 1500 Ft<\/p>","protected":false},"excerpt":{"rendered":"<p>Vide\u00f3 a l\u00e1that\u00e1ron Video- \u00e9s digit\u00e1lis m\u0171v\u00e9szet a magyar m\u0171v\u00e9szeti piacon A vide\u00f3 m\u0171v\u00e9szeti \u00e9s piack\u00e9pes m\u0171fajj\u00e1 alakul\u00e1sa a szem\u00fcnk el\u0151tt zajl\u00f3, lez\u00e1ratlan folyamat. Maga a kateg\u00f3ria &#8211; vide\u00f3m\u0171v\u00e9szet &#8211; is problematikus, hiszen az elm\u00falt huszon\u00f6t \u00e9vben az elektronikus mozg\u00f3k\u00e9p megannyi szinten \u00e9rtelmez\u0151d\u00f6tt: a \u201eklasszikus&#8221; vide\u00f3kamer\u00e1k mellett megjelentek a mobiltelefonok, az egycsatorn\u00e1s vet\u00edt\u00e9sek mellett pedig [&hellip;]<\/p>\n","protected":false},"author":1,"featured_media":0,"parent":0,"comment_status":"open","ping_status":"open","sticky":false,"template":"","format":"standard","meta":{"_acf_changed":false,"footnotes":""},"categories":[3],"tags":[],"class_list":["post-820321","post","type-post","status-publish","format-standard","hentry","category-hirek"],"acf":[],"_links":{"self":[{"href":"https:\/\/exindex.hu\/hu\/wp-json\/wp\/v2\/posts\/820321","targetHints":{"allow":["GET"]}}],"collection":[{"href":"https:\/\/exindex.hu\/hu\/wp-json\/wp\/v2\/posts"}],"about":[{"href":"https:\/\/exindex.hu\/hu\/wp-json\/wp\/v2\/types\/post"}],"author":[{"embeddable":true,"href":"https:\/\/exindex.hu\/hu\/wp-json\/wp\/v2\/users\/1"}],"replies":[{"embeddable":true,"href":"https:\/\/exindex.hu\/hu\/wp-json\/wp\/v2\/comments?post=820321"}],"version-history":[{"count":0,"href":"https:\/\/exindex.hu\/hu\/wp-json\/wp\/v2\/posts\/820321\/revisions"}],"wp:attachment":[{"href":"https:\/\/exindex.hu\/hu\/wp-json\/wp\/v2\/media?parent=820321"}],"wp:term":[{"taxonomy":"category","embeddable":true,"href":"https:\/\/exindex.hu\/hu\/wp-json\/wp\/v2\/categories?post=820321"},{"taxonomy":"post_tag","embeddable":true,"href":"https:\/\/exindex.hu\/hu\/wp-json\/wp\/v2\/tags?post=820321"}],"curies":[{"name":"wp","href":"https:\/\/api.w.org\/{rel}","templated":true}]}}