{"id":820322,"date":"2008-11-19T03:09:49","date_gmt":"2008-11-19T01:09:49","guid":{"rendered":"https:\/\/exindex.hu\/?p=820322"},"modified":"2008-11-21T13:54:33","modified_gmt":"2008-11-21T11:54:33","slug":"budapest-muveszeti-vasar-artmagazin-forum","status":"publish","type":"post","link":"https:\/\/exindex.hu\/hu\/hirek\/budapest-muveszeti-vasar-artmagazin-forum\/","title":{"rendered":"Budapest M\u0171v\u00e9szeti V\u00e1s\u00e1r &#8211; F\u00f3rum"},"content":{"rendered":"<p><strong>Helysz\u00edn:<\/strong> Artmagazin F\u00f3rum <br \/>\r\n <strong>Id\u0151pont:<\/strong> 2008.11.20. -21.<\/p>\r\n\r\n<p>November 20-\u00e1n 16 \u00f3rakor:<\/p>\r\n\r\n<p>T\u00e9ma: <em>Ebb\u0151l meg lehet \u00e9lni?<\/em> &#8211; kezd\u0151 \u00e9s halad\u00f3 kort\u00e1rs gal\u00e9ri\u00e1sok foglalkoz\u00e1sukr\u00f3l, a kapcsol\u00f3d\u00f3 t\u00e9vk\u00e9pzetekr\u0151l \u00e9s a realit\u00e1sr\u00f3l<\/p>\r\n\r\n<p>R\u00e9sztvev\u0151k:<br \/>\r\n D\u00e9lceg Katalin &#8211; Dovin Gal\u00e9ria <br \/>\r\n Faur Zs\u00f3fi &#8211; R\u00e1day Gal\u00e9ria<br \/>\r\n N\u00e9meth Orsolya &#8211; Nextart Gal\u00e9ria<br \/>\r\n Tall\u00e9r \u00c1gnes &#8211; Inda Gal\u00e9ria<br \/>\r\n Kozma P\u00e9ter &#8211; kArton Gal\u00e9ria \u00e9s M\u00fazeum<\/p>\r\n\r\n<p>Novmeber 21-\u00e9n 12 \u00f3rakor:<\/p>\r\n\r\n<p>T\u00e9ma: <em>Egy\u00fcttm\u0171k\u00f6d\u00e9s: igen vagy nem, \u00e9s ha igen, akkor kivel?<\/em> &#8211; int\u00e9zm\u00e9nyek strat\u00e9gi\u00e1i a mag\u00e1nszf\u00e9ra bevon\u00e1s\u00e1ra<\/p>\r\n\r\n<p>R\u00e9sztvev\u0151k:<br \/>\r\n Gesk\u00f3 Judit &#8211; a Sz\u00e9pm\u0171v\u00e9szeti M\u00fazeum munkat\u00e1rsa, a m\u00fazeum kort\u00e1rs anyag\u00e1nak kur\u00e1tora<br \/>\r\n Bencsik Barnab\u00e1s &#8211; a Ludwig M\u00fazeum igazgat\u00f3ja<br \/>\r\n Petr\u00e1nyi Zsolt &#8211; a M\u0171csarnok igazgat\u00f3ja<br \/>\r\n Sz\u00e1zados L\u00e1szl\u00f3 &#8211; a Magyar Nemzeti Gal\u00e9ria 20. sz\u00e1zadi m\u0171v\u00e9szettel foglalkoz\u00f3 oszt\u00e1ly\u00e1nak munkat\u00e1rsa <br \/>\r\n Pados G\u00e1bor &#8211; az \u00cdrok\u00e9z Gy\u0171jtem\u00e9ny \u00e9s az acb Gal\u00e9ria egyik tulajdonosa<br \/>\r\n Vass L\u00e1szl\u00f3 &#8211; a veszpr\u00e9mi Vass L\u00e1szl\u00f3 Gy\u0171jtem\u00e9ny tulajdonosa<\/p>\r\n\r\n<p>A besz\u00e9lget\u00e9seket Topor T\u00fcnde, az Artmagazin f\u0151szerkeszt\u0151je vezeti.<\/p>\r\n\r\n<p>Az el\u0151ad\u00e1sok l\u00e1togat\u00e1s\u00e1hoz sz\u00fcks\u00e9ges &#8222;Art Fair&#8221; jegyet venni:<br \/>\r\n jegy \u00e1ra: 2500 Ft<br \/>\r\n kedvezm\u00e9nyes: 1500 Ft<\/p>","protected":false},"excerpt":{"rendered":"<p>Helysz\u00edn: Artmagazin F\u00f3rum Id\u0151pont: 2008.11.20. -21. November 20-\u00e1n 16 \u00f3rakor: T\u00e9ma: Ebb\u0151l meg lehet \u00e9lni? &#8211; kezd\u0151 \u00e9s halad\u00f3 kort\u00e1rs gal\u00e9ri\u00e1sok foglalkoz\u00e1sukr\u00f3l, a kapcsol\u00f3d\u00f3 t\u00e9vk\u00e9pzetekr\u0151l \u00e9s a realit\u00e1sr\u00f3l R\u00e9sztvev\u0151k: D\u00e9lceg Katalin &#8211; Dovin Gal\u00e9ria Faur Zs\u00f3fi &#8211; R\u00e1day Gal\u00e9ria N\u00e9meth Orsolya &#8211; Nextart Gal\u00e9ria Tall\u00e9r \u00c1gnes &#8211; Inda Gal\u00e9ria Kozma P\u00e9ter &#8211; kArton Gal\u00e9ria \u00e9s [&hellip;]<\/p>\n","protected":false},"author":1,"featured_media":0,"parent":0,"comment_status":"open","ping_status":"open","sticky":false,"template":"","format":"standard","meta":{"_acf_changed":false,"footnotes":""},"categories":[3],"tags":[],"class_list":["post-820322","post","type-post","status-publish","format-standard","hentry","category-hirek"],"acf":[],"_links":{"self":[{"href":"https:\/\/exindex.hu\/hu\/wp-json\/wp\/v2\/posts\/820322","targetHints":{"allow":["GET"]}}],"collection":[{"href":"https:\/\/exindex.hu\/hu\/wp-json\/wp\/v2\/posts"}],"about":[{"href":"https:\/\/exindex.hu\/hu\/wp-json\/wp\/v2\/types\/post"}],"author":[{"embeddable":true,"href":"https:\/\/exindex.hu\/hu\/wp-json\/wp\/v2\/users\/1"}],"replies":[{"embeddable":true,"href":"https:\/\/exindex.hu\/hu\/wp-json\/wp\/v2\/comments?post=820322"}],"version-history":[{"count":0,"href":"https:\/\/exindex.hu\/hu\/wp-json\/wp\/v2\/posts\/820322\/revisions"}],"wp:attachment":[{"href":"https:\/\/exindex.hu\/hu\/wp-json\/wp\/v2\/media?parent=820322"}],"wp:term":[{"taxonomy":"category","embeddable":true,"href":"https:\/\/exindex.hu\/hu\/wp-json\/wp\/v2\/categories?post=820322"},{"taxonomy":"post_tag","embeddable":true,"href":"https:\/\/exindex.hu\/hu\/wp-json\/wp\/v2\/tags?post=820322"}],"curies":[{"name":"wp","href":"https:\/\/api.w.org\/{rel}","templated":true}]}}