{"id":820325,"date":"2008-11-18T02:00:00","date_gmt":"2008-11-18T00:00:00","guid":{"rendered":"https:\/\/exindex.hu\/?p=820325"},"modified":"2008-11-19T17:29:15","modified_gmt":"2008-11-19T15:29:15","slug":"a-tudomany-kepei-a-kepek-tudomanya","status":"publish","type":"post","link":"https:\/\/exindex.hu\/hu\/hirek\/a-tudomany-kepei-a-kepek-tudomanya\/","title":{"rendered":"A tudom\u00e1ny k\u00e9pei, a k\u00e9pek tudom\u00e1nya"},"content":{"rendered":"<h2>Szimp\u00f3zium az A22 Gal\u00e9ri\u00e1ban<\/h2>\r\n\r\n\r\n<p>2008. november 22-\u00e9n, szombaton 10 \u00e9s 17 \u00f3ra k\u00f6z\u00f6tt az Ak\u00e1cfa u. 22-ben, az A22 gal\u00e9ri\u00e1ban szimp\u00f3ziumot rendez a Magyar Fot\u00f3m\u0171v\u00e9szek Sz\u00f6vets\u00e9ge \u00e9s a Nemzetk\u00f6zi Kepes T\u00e1rsas\u00e1g.<\/p>\r\n\r\n<p><strong>Program<\/strong><br \/>\r\n 10-13 \u00f3ra: d\u00e9lel\u0151tti el\u0151ad\u00e1sok (Megnyit\u00f3)<br \/>\r\n Levezet\u0151 eln\u00f6k: <em>Mengy\u00e1n Andr\u00e1s <\/em><\/p>\r\n\r\n<p><em>\u00b7 Haris L\u00e1szl\u00f3<\/em>: T\u00e1rlatvezet\u00e9s &#8211; a ki\u00e1ll\u00edt\u00e1s bemutat\u00e1sa a szimp\u00f3zium r\u00e9sztvev\u0151inek<\/p>\r\n\r\n<p><em>\u00b7 Stemlern\u00e9 Balogh Ilona<\/em>: A tudom\u00e1nyos f\u00e9nyk\u00e9pez\u00e9s kezdetei Magyarorsz\u00e1gon<\/p>\r\n\r\n<p><em>\u00b7 Lugosi Lugo L\u00e1szl\u00f3<\/em>: Kl\u00f6sz Gy\u00f6rgy, egy fotogr\u00e1fus a XIX.-XX. sz\u00e1zad fordul\u00f3j\u00e1n<\/p>\r\n\r\n<p><em>\u00b7 Dr. K\u00e1lm\u00e1n Alajos<\/em> akad\u00e9mikus: A katedr\u00e1lisok \u00e9s a krist\u00e1lyok szimmetri\u00e1i<\/p>\r\n\r\n<p><em>\u2022 Cs\u00e1ji Attila<\/em>: A hologr\u00e1fi\u00e1r\u00f3l<\/p>\r\n\r\n<p>13-14 \u00f3ra: eb\u00e9dsz\u00fcnet, szendvics, \u00fcd\u00edt\u0151<br \/>\r\n 14-17 \u00f3ra: d\u00e9lut\u00e1ni el\u0151ad\u00e1sok<br \/>\r\n Levezet\u0151 eln\u00f6k: Haris L\u00e1szl\u00f3<\/p>\r\n\r\n<p><em>\u00b7 Nagy D\u00e9nes<\/em>: T\u00e9r, id\u0151&#8230; \u00e9s a magyarok<\/p>\r\n\r\n<p><em>\u00b7 Dr. Lajos Tam\u00e1s<\/em> egyetemi tan\u00e1r: \u00c1raml\u00e1si k\u00e9pek<\/p>\r\n\r\n<p><em>\u00b7 Kecsk\u00e9s P\u00e9ter<\/em>: Fix\u00e1lt metafizika &#8211; Arnulf Rainer \u00faj fotogr\u00e1fi\u00e1ir\u00f3l<\/p>\r\n\r\n<p><em>\u00b7 Kerekes G\u00e1bor<\/em>: Fly off &#8211; az Over Roswell k\u00e9pek k\u00e9sz\u00edt\u00e9s\u00e9r\u0151l<\/p>\r\n\r\n<p>Z\u00e1rsz\u00f3<br \/>\r\n Minden el\u0151ad\u00e1s ut\u00e1n: hozz\u00e1sz\u00f3l\u00e1sok<br \/>\r\n<br \/>\r\n A szimp\u00f3zium ut\u00e1n levet\u00edtik <em>Matk\u00f3csik Andr\u00e1s<\/em> filmj\u00e9t <strong>Kass\u00e1k Lajos, a tiltott \u00e9s t\u0171rt m\u0171v\u00e9sz<\/strong> c\u00edmmel.<\/p>","protected":false},"excerpt":{"rendered":"<p>Szimp\u00f3zium az A22 Gal\u00e9ri\u00e1ban 2008. november 22-\u00e9n, szombaton 10 \u00e9s 17 \u00f3ra k\u00f6z\u00f6tt az Ak\u00e1cfa u. 22-ben, az A22 gal\u00e9ri\u00e1ban szimp\u00f3ziumot rendez a Magyar Fot\u00f3m\u0171v\u00e9szek Sz\u00f6vets\u00e9ge \u00e9s a Nemzetk\u00f6zi Kepes T\u00e1rsas\u00e1g. Program 10-13 \u00f3ra: d\u00e9lel\u0151tti el\u0151ad\u00e1sok (Megnyit\u00f3) Levezet\u0151 eln\u00f6k: Mengy\u00e1n Andr\u00e1s \u00b7 Haris L\u00e1szl\u00f3: T\u00e1rlatvezet\u00e9s &#8211; a ki\u00e1ll\u00edt\u00e1s bemutat\u00e1sa a szimp\u00f3zium r\u00e9sztvev\u0151inek \u00b7 Stemlern\u00e9 Balogh [&hellip;]<\/p>\n","protected":false},"author":1,"featured_media":0,"parent":0,"comment_status":"open","ping_status":"open","sticky":false,"template":"","format":"standard","meta":{"_acf_changed":false,"footnotes":""},"categories":[3],"tags":[],"class_list":["post-820325","post","type-post","status-publish","format-standard","hentry","category-hirek"],"acf":[],"_links":{"self":[{"href":"https:\/\/exindex.hu\/hu\/wp-json\/wp\/v2\/posts\/820325","targetHints":{"allow":["GET"]}}],"collection":[{"href":"https:\/\/exindex.hu\/hu\/wp-json\/wp\/v2\/posts"}],"about":[{"href":"https:\/\/exindex.hu\/hu\/wp-json\/wp\/v2\/types\/post"}],"author":[{"embeddable":true,"href":"https:\/\/exindex.hu\/hu\/wp-json\/wp\/v2\/users\/1"}],"replies":[{"embeddable":true,"href":"https:\/\/exindex.hu\/hu\/wp-json\/wp\/v2\/comments?post=820325"}],"version-history":[{"count":0,"href":"https:\/\/exindex.hu\/hu\/wp-json\/wp\/v2\/posts\/820325\/revisions"}],"wp:attachment":[{"href":"https:\/\/exindex.hu\/hu\/wp-json\/wp\/v2\/media?parent=820325"}],"wp:term":[{"taxonomy":"category","embeddable":true,"href":"https:\/\/exindex.hu\/hu\/wp-json\/wp\/v2\/categories?post=820325"},{"taxonomy":"post_tag","embeddable":true,"href":"https:\/\/exindex.hu\/hu\/wp-json\/wp\/v2\/tags?post=820325"}],"curies":[{"name":"wp","href":"https:\/\/api.w.org\/{rel}","templated":true}]}}