{"id":820332,"date":"2008-11-24T00:55:39","date_gmt":"2008-11-23T22:55:39","guid":{"rendered":"https:\/\/exindex.hu\/?p=820332"},"modified":"2008-11-25T11:12:18","modified_gmt":"2008-11-25T09:12:18","slug":"ketto-az-egyben","status":"publish","type":"post","link":"https:\/\/exindex.hu\/hu\/hirek\/ketto-az-egyben\/","title":{"rendered":"Kett\u0151 az egyben"},"content":{"rendered":"<p>Goran Radovanovi\u0107 ki\u00e1ll\u00edt\u00e1sa<\/p>\r\n\r\n<p>Megnyit\u00f3: 2008. november 25., 19.00<br \/>\r\n Megnyitja: Boj\u00e1r Iv\u00e1n Andr\u00e1s<br \/>\r\n Kur\u00e1tor: Kerekes Anna<\/p>\r\n\r\n<p>Megtekinthet\u0151: 2008. december 2.<br \/>\r\n Minden nap: 18.00-02.00<\/p>\r\n\r\n<p>Corvintet\u0151, Budapest 1082, Blaha Lujza t\u00e9r 1-2.<\/p>\r\n\r\n<p>Goran Radovanovi\u0107 ki\u00e1ll\u00edt\u00e1s\u00e1n 3 mikro-narr\u00e1ci\u00f3b\u00f3l \u00e1ll\u00f3 videoanyagra \u00e9p\u00fcl\u0151 install\u00e1ci\u00f3 ker\u00fcl bemutat\u00e1sra, melyek mindegyike az \u00e9p\u00fclethez kapcsol\u00f3dik &#8211; jelent\u0151s pillanatait illusztr\u00e1lva a Corvin t\u00f6rt\u00e9net\u00e9nek: az els\u0151 mozg\u00f3l\u00e9pcs\u0151, az els\u0151 utcai l\u00e1mp\u00e1val ell\u00e1tott t\u00e9r \u00e9s az els\u0151 mozg\u00f3 rekl\u00e1m, melyek m\u00e1ra m\u00e1r h\u00e9tk\u00f6znaposs\u00e1 v\u00e1ltak a nagyobb \u00e1ruh\u00e1zakn\u00e1l. Ezek a k\u00e9perny\u0151n megjelen\u0151 elfelejtett t\u00f6rt\u00e9netek egy, a homlokzatra utal\u00f3 burkolat m\u00f6g\u00e9 vannak rejtve. Ki kell \u00e1snod vagy lyukat kell f\u00farnod, hogy r\u00e1juk tal\u00e1lj!<br \/>\r\n<br \/>\r\n\u201eM\u00edg az \u00e1tmeneti t\u00e1rsadalmak hajlamosak a k\u00f6zelm\u00falt szimb\u00f3lumait (sz\u00e1nd\u00e9kosan vagy sem) elt\u00f6r\u00f6lni, siettetni, felmer\u00fcl a k\u00e9rd\u00e9s, hogy mindent el kellene-e feledni? Bizonyos szimb\u00f3lumok \u00e9s t\u00e1rgyak m\u00e9lyen beleiv\u00f3dtak kollekt\u00edv tudatalattinkba, de nem tudjuk, mit is kezdj\u00fcnk vel\u00fck, hogyan \u00e9lessz\u00fck fel \u0151ket \u00e9s er\u0151s\u00edts\u00fck meg \u00fajra \u00e9rt\u00e9keiket, az\u00e9rt, hogy ezek a k\u00f6zelm\u00faltunkr\u00f3l val\u00f3 sz\u00e1mad\u00e1ss\u00e1 v\u00e1ljanak \u00e9s, hogy egyes\u00fcljenek saj\u00e1t \u00e9s glob\u00e1lis popul\u00e1ris kult\u00far\u00e1nk kirekeszt\u0151 test\u00e9vel. Budapest k\u00f6zpontj\u00e1ban a Corvin \u00e1ruh\u00e1z szolg\u00e1l p\u00e9ldak\u00e9nt arra, ami id\u0151ben k\u00f6zeli \u00e9s ugyanakkor igen t\u00e1voli, minden budapesti ismeri ezt az \u00e9p\u00fcletet, \u00e9s t\u00f6bb\u00e9-kev\u00e9sb\u00e9 a m\u00faltj\u00e1t is, de nagyon kevesen keresik a v\u00e1laszt arra, hogyan illik a v\u00e1ros jelen\u00e9be \u00e9s j\u00f6v\u0151j\u00e9be.<br \/>\r\n<br \/>\r\nA r\u00e9gi, csapd\u00e1ba ejtett homlokzat felett az alum\u00ednium f\u00fcgg\u00f6ny burkol\u00e1sk\u00e9nt szolg\u00e1l, melynek fel\u00fclet\u00e9re v\u00e1szonk\u00e9nt r\u00f6gz\u00edtett hirdet\u0151t\u00e1bl\u00e1k \u00e9s (f\u00e9ny)rekl\u00e1mok fesz\u00fclnek. E k\u00f6z\u00f6tt a k\u00e9t s\u00edk k\u00f6z\u00f6tt az \u00e9p\u00fclet sz\u00e1m\u00e1ra igen kicsi a t\u00e9r \u201e\u00f6nmaga kifejez\u00e9s\u00e9re&#8221;, egy \u00e9lettel teli r\u00e9sze Budapest identit\u00e1s\u00e1nak. Az alum\u00ednium homlokzat csapd\u00e1ba ejtette a m\u00faltat \u00e9s a jelenben senyved, de hol van, milyen id\u0151h\u00f6z tartozik, vagy m\u00e9g ink\u00e1bb, mikor fog Budapest kollekt\u00edv lelkiismeret\u00e9be beleilleni, a jelenben vagy a j\u00f6v\u0151ben?<br \/>\r\n<br \/>\r\nA projekt c\u00e9lja, hogy megpr\u00f3b\u00e1lja \u00e1talak\u00edtani a homlokzatot, felhaszn\u00e1lni vizu\u00e1lis elemeit, hogy \u00faj form\u00e1t alkosson \u00e9s kifejezze \u00e9rt\u00e9k\u00e9t, egyedis\u00e9g\u00e9t. Ha min\u00e9l t\u00f6bb ember tekint majd a homlokzatra \u00fagy, mint Budapest n\u00e9lk\u00fcl\u00f6zhetetlen r\u00e9sz\u00e9re, tal\u00e1n megjelenik v\u00e9dett\u00e9 nyilv\u00e1n\u00edt\u00e1s\u00e1nak sz\u00e1nd\u00e9ka \u00e9s akkor az eredeti homlokzat is meg fog jelenni. Tal\u00e1n a t\u00e1rsadalom tudatoss\u00e1 v\u00e1lik mindk\u00e9t t\u00f6rt\u00e9nelmi r\u00e9teget tekintve \u00e9s tal\u00e1n hasonl\u00f3k\u00e9ppen tisztelni kezdi azokat.<br \/>\r\n<br \/>\r\nA homlokzatot Batka Istv\u00e1n form\u00e1lta \u00fajra 1966-ban, tal\u00e1n most j\u00f6tt el ism\u00e9t az ideje \u00fajb\u00f3li fel\u00e9leszt\u00e9s\u00e9nek, ak\u00e1r szimbolikusan, felhaszn\u00e1lva eszt\u00e9tik\u00e1j\u00e1t posztereken, csomagol\u00e1si terveken, printeken, enteri\u0151r\u00f6k\u00f6n \u00e9s m\u00e9g sok minden m\u00e1son. A homlokzat \u00edgy \u00e9rhetn\u00e9 el maxim\u00e1lis potenci\u00e1lj\u00e1t, m\u00e1rk\u00e1v\u00e1 v\u00e1lva, m\u00e1rk\u00e1t teremtve.&#8221;<\/p>\r\n\r\n<p>Goran Radovanovi\u0107<\/p>\r\n\r\n<p><a href=\"http:\/\/www.saatchi-gallery.co.uk\/stuart\/StudentArt\/ast_id\/84220\/Goran+Radovanovic\" target=\"_blank\">Goran Radovanovi\u0107<\/a> a stuttgarti Akademie Solitude, a J\u00f3zsef Attila K\u00f6r \u00e9s az ACAX | Nemzetk\u00f6zi Kort\u00e1rs K\u00e9pz\u0151m\u0171v\u00e9szeti Iroda egy\u00fcttm\u0171k\u00f6d\u00e9s\u00e9ben megval\u00f3sul\u00f3 Opening the Closed Shops m\u0171teremprogram vend\u00e9ge. 1985-ben sz\u00fcletett Bre\u017aic\u00e9ben, Szlov\u00e9ni\u00e1ban. K\u00e9t\u00e9ves kor\u00e1t\u00f3l Belgr\u00e1dban \u00e9lt, majd 2004-ben beiratkozott az \u00fajvid\u00e9ki M\u0171v\u00e9szeti Egyetem m\u00e9dia tansz\u00e9k\u00e9re. A gyermekkor\u00e1t\u00f3l jelen lev\u0151, a k\u00e9preg\u00e9nyek ir\u00e1nti, valamint a k\u00e9s\u0151bb kialakult, a szocialista \u00e9p\u00edt\u00e9szetre ir\u00e1nyul\u00f3 \u00e9rdekl\u0151d\u00e9se (ez az \u00e9p\u00edt\u00e9szeti st\u00edlus jellemezte egy\u00e9bk\u00e9nt a v\u00e1rosr\u00e9szt, ahol a m\u0171v\u00e9sz feln\u0151tt) nagy hat\u00e1ssal volt eszt\u00e9tik\u00e1j\u00e1ra \u00e9s grafikus kifejez\u00e9sm\u00f3dj\u00e1ra. K\u00e9s\u0151bbi egy\u00fcttm\u0171k\u00f6d\u00e9se k\u00eds\u00e9rleti elektronikus zen\u00e9szekkel a k\u00e9p \u00e9s hang k\u00f6z\u00f6tti viszony k\u00eds\u00e9rleti vide\u00f3kban t\u00f6rt\u00e9n\u0151 vizsg\u00e1lat\u00e1ra sarkallta.<\/p>","protected":false},"excerpt":{"rendered":"<p>Goran Radovanovi\u0107 ki\u00e1ll\u00edt\u00e1sa Megnyit\u00f3: 2008. november 25., 19.00 Megnyitja: Boj\u00e1r Iv\u00e1n Andr\u00e1s Kur\u00e1tor: Kerekes Anna Megtekinthet\u0151: 2008. december 2. Minden nap: 18.00-02.00 Corvintet\u0151, Budapest 1082, Blaha Lujza t\u00e9r 1-2. Goran Radovanovi\u0107 ki\u00e1ll\u00edt\u00e1s\u00e1n 3 mikro-narr\u00e1ci\u00f3b\u00f3l \u00e1ll\u00f3 videoanyagra \u00e9p\u00fcl\u0151 install\u00e1ci\u00f3 ker\u00fcl bemutat\u00e1sra, melyek mindegyike az \u00e9p\u00fclethez kapcsol\u00f3dik &#8211; jelent\u0151s pillanatait illusztr\u00e1lva a Corvin t\u00f6rt\u00e9net\u00e9nek: az els\u0151 mozg\u00f3l\u00e9pcs\u0151, [&hellip;]<\/p>\n","protected":false},"author":1,"featured_media":0,"parent":0,"comment_status":"open","ping_status":"open","sticky":false,"template":"","format":"standard","meta":{"_acf_changed":false,"footnotes":""},"categories":[3],"tags":[],"class_list":["post-820332","post","type-post","status-publish","format-standard","hentry","category-hirek"],"acf":[],"_links":{"self":[{"href":"https:\/\/exindex.hu\/hu\/wp-json\/wp\/v2\/posts\/820332","targetHints":{"allow":["GET"]}}],"collection":[{"href":"https:\/\/exindex.hu\/hu\/wp-json\/wp\/v2\/posts"}],"about":[{"href":"https:\/\/exindex.hu\/hu\/wp-json\/wp\/v2\/types\/post"}],"author":[{"embeddable":true,"href":"https:\/\/exindex.hu\/hu\/wp-json\/wp\/v2\/users\/1"}],"replies":[{"embeddable":true,"href":"https:\/\/exindex.hu\/hu\/wp-json\/wp\/v2\/comments?post=820332"}],"version-history":[{"count":0,"href":"https:\/\/exindex.hu\/hu\/wp-json\/wp\/v2\/posts\/820332\/revisions"}],"wp:attachment":[{"href":"https:\/\/exindex.hu\/hu\/wp-json\/wp\/v2\/media?parent=820332"}],"wp:term":[{"taxonomy":"category","embeddable":true,"href":"https:\/\/exindex.hu\/hu\/wp-json\/wp\/v2\/categories?post=820332"},{"taxonomy":"post_tag","embeddable":true,"href":"https:\/\/exindex.hu\/hu\/wp-json\/wp\/v2\/tags?post=820332"}],"curies":[{"name":"wp","href":"https:\/\/api.w.org\/{rel}","templated":true}]}}