{"id":820334,"date":"2008-11-24T01:09:42","date_gmt":"2008-11-23T23:09:42","guid":{"rendered":"https:\/\/exindex.hu\/?p=820334"},"modified":"2008-11-24T01:14:47","modified_gmt":"2008-11-23T23:14:47","slug":"video-prezentaciok-2-katarina-sevic","status":"publish","type":"post","link":"https:\/\/exindex.hu\/hu\/hirek\/video-prezentaciok-2-katarina-sevic\/","title":{"rendered":"Vide\u00f3 prezent\u00e1ci\u00f3k 2. &#8211; Katarina Sevi\u0107"},"content":{"rendered":"<p>Az <a href=\"http:\/\/www.crosstalk.hu\/\" target=\"_blank\">\u00c1thall\u00e1s Videom\u0171v\u00e9szeti Fesztiv\u00e1l<\/a>, Budapest r\u00e9szprogramjak\u00e9nt elindul a havonta megrendezend\u0151 \u201c<strong>Vide\u00f3 prezent\u00e1ci\u00f3k<\/strong>\u201c.<\/p>\r\n\r\n<p>Az egy est\u00e9s bemutat\u00f3k megh\u00edvottjai magyar \u00e9s k\u00fclf\u00f6ldi videom\u0171v\u00e9szek. Az esem\u00e9ny c\u00e9lja els\u0151sorban a kort\u00e1rs videom\u0171v\u00e9szettel foglalkoz\u00f3 alkot\u00f3k bemutat\u00e1sa, m\u00e1sodsorban a videom\u0171v\u00e9szet megismertet\u00e9se a sz\u00e9lesebb k\u00f6z\u00f6ns\u00e9ggel.<\/p>\r\n\r\n<p>M\u00e1sodik megh\u00edvott el\u0151ad\u00f3: Katarina Sevi\u0107<\/p>\r\n\r\n<p>Id\u0151pont: <strong>2008 november 26, szerda, 19h.<\/strong><br \/>\r\n Helysz\u00edn: <a href=\"http:\/\/labor.c3.hu\/\" target=\"_blank\">Labor<\/a>, 1053 Budapest, K\u00e9p\u00edr\u00f3 u. 6.<\/p>\r\n\r\n<p>Katarina Sevi\u0107 Jugoszl\u00e1vi\u00e1ban sz\u00fcletett, Budapesten \u00e9l \u00e9s dolgozik. A budapesti K\u00e9pz\u0151m\u0171v\u00e9szeti Egyetem Interm\u00e9dia tansz\u00e9k\u00e9n v\u00e9gzett. Jelenleg az MKE DLA hallgat\u00f3ja.<\/p>\r\n\r\n<p>A megfigyel\u00e9s \u00e9s kommunik\u00e1ci\u00f3 k\u00fcl\u00f6nb\u00f6z\u0151 strat\u00e9gi\u00e1it alkalmazva a munkaiban a priv\u00e1t \u00e9s a k\u00f6zt\u00e9r metsz\u00e9spontjait keresi. Gyakran kreat\u00edv kutat\u00e1si m\u00f3dszereket alkalmaz, mik\u00f6zben kifejez\u00e9seinek m\u00f3dja sz\u00e9les sk\u00e1l\u00e1n mozog: a konceptu\u00e1lis install\u00e1ci\u00f3, vide\u00f3, fot\u00f3.<\/p>\r\n\r\n<p>Sz\u00e1mos kollaborat\u00edv projekt kezdem\u00e9nyez\u0151je: alap\u00edt\u00f3ja volt a <a href=\"http:\/\/www.dinamo.hu\" target=\"_blank\">Dinam\u00f3<\/a>, \u00e9s az <a href=\"http:\/\/www.impex-info.org\" target=\"_blank\">Impex<\/a>, f\u00fcggetlen m\u0171v\u00e9szeti helysz\u00edneknek, a <a href=\"http:\/\/www.dieplanung.org\" target=\"_blank\">Die Planung \/ A Terv<\/a> t\u00e1rsszerkeszt\u0151je.<\/p>\r\n\r\n<p>A besz\u00e9lget\u00e9sen bemutat\u00e1sra ker\u00fcl a &#8216;Social Motions&#8217; c\u00edm\u0171 projekt vide\u00f3 \u00e9s fot\u00f3dokument\u00e1ci\u00f3ja. Az S. M. egy nagyszab\u00e1s\u00fa k\u00f6zt\u00e9ri akci\u00f3 volt, melyben k.b. 150 \u00f6nk\u00e9ntes vett r\u00e9szt. A m\u0171v\u00e9sz az alkot\u00e1s folyamat\u00e1r\u00f3l, a projekt fejl\u0151d\u00e9s\u00e9nek k\u00f6r\u00fclm\u00e9nyeir\u0151l fog b\u0151vebben besz\u00e1molni.<br \/>\r\n (projekt info: <a href=\"http:\/\/www.skulpturenpark.org\" target=\"_blank\">www.skulpturenpark.org<\/a>)<\/p>","protected":false},"excerpt":{"rendered":"<p>Az \u00c1thall\u00e1s Videom\u0171v\u00e9szeti Fesztiv\u00e1l, Budapest r\u00e9szprogramjak\u00e9nt elindul a havonta megrendezend\u0151 \u201cVide\u00f3 prezent\u00e1ci\u00f3k\u201c. Az egy est\u00e9s bemutat\u00f3k megh\u00edvottjai magyar \u00e9s k\u00fclf\u00f6ldi videom\u0171v\u00e9szek. Az esem\u00e9ny c\u00e9lja els\u0151sorban a kort\u00e1rs videom\u0171v\u00e9szettel foglalkoz\u00f3 alkot\u00f3k bemutat\u00e1sa, m\u00e1sodsorban a videom\u0171v\u00e9szet megismertet\u00e9se a sz\u00e9lesebb k\u00f6z\u00f6ns\u00e9ggel. M\u00e1sodik megh\u00edvott el\u0151ad\u00f3: Katarina Sevi\u0107 Id\u0151pont: 2008 november 26, szerda, 19h. Helysz\u00edn: Labor, 1053 Budapest, K\u00e9p\u00edr\u00f3 u. [&hellip;]<\/p>\n","protected":false},"author":1,"featured_media":0,"parent":0,"comment_status":"open","ping_status":"open","sticky":false,"template":"","format":"standard","meta":{"_acf_changed":false,"footnotes":""},"categories":[3],"tags":[],"class_list":["post-820334","post","type-post","status-publish","format-standard","hentry","category-hirek"],"acf":[],"_links":{"self":[{"href":"https:\/\/exindex.hu\/hu\/wp-json\/wp\/v2\/posts\/820334","targetHints":{"allow":["GET"]}}],"collection":[{"href":"https:\/\/exindex.hu\/hu\/wp-json\/wp\/v2\/posts"}],"about":[{"href":"https:\/\/exindex.hu\/hu\/wp-json\/wp\/v2\/types\/post"}],"author":[{"embeddable":true,"href":"https:\/\/exindex.hu\/hu\/wp-json\/wp\/v2\/users\/1"}],"replies":[{"embeddable":true,"href":"https:\/\/exindex.hu\/hu\/wp-json\/wp\/v2\/comments?post=820334"}],"version-history":[{"count":0,"href":"https:\/\/exindex.hu\/hu\/wp-json\/wp\/v2\/posts\/820334\/revisions"}],"wp:attachment":[{"href":"https:\/\/exindex.hu\/hu\/wp-json\/wp\/v2\/media?parent=820334"}],"wp:term":[{"taxonomy":"category","embeddable":true,"href":"https:\/\/exindex.hu\/hu\/wp-json\/wp\/v2\/categories?post=820334"},{"taxonomy":"post_tag","embeddable":true,"href":"https:\/\/exindex.hu\/hu\/wp-json\/wp\/v2\/tags?post=820334"}],"curies":[{"name":"wp","href":"https:\/\/api.w.org\/{rel}","templated":true}]}}