{"id":820338,"date":"2008-11-27T19:43:20","date_gmt":"2008-11-27T17:43:20","guid":{"rendered":"https:\/\/exindex.hu\/?p=820338"},"modified":"2008-11-27T19:51:59","modified_gmt":"2008-11-27T17:51:59","slug":"a-producerek","status":"publish","type":"post","link":"https:\/\/exindex.hu\/hu\/hirek\/a-producerek\/","title":{"rendered":"A producerek"},"content":{"rendered":"<p>Az <strong>Ernst M\u00fazeum<\/strong> november 15. \u00e9s  december 15. k\u00f6z\u00f6tt l\u00e1that\u00f3 <em>Er\u0151t venni<\/em> c\u00edm\u0171 ki\u00e1ll\u00edt\u00e1s alatt fiatal  kur\u00e1toroknak h\u00e1romnapos workshopot\/kurzust, a sz\u00e9lesebb k\u00f6z\u00f6ns\u00e9gnek pedig  el\u0151ad\u00e1ssorozatot rendez <em>A producerek<\/em> c\u00edmmel. A k\u00f6zponti  t\u00e9ma a m\u0171v\u00e9szeti \u00e9s kur\u00e1tori produkci\u00f3, annak t\u00f6rt\u00e9nete, konceptu\u00e1lis,  kontextu\u00e1lis \u00e9s gazdas\u00e1gi keretei, illetve m\u0171k\u00f6d\u00e9se.<\/p>\r\n\r\n<p><span style=\"text-decoration: line-through;\">A  nagyk\u00f6z\u00f6ns\u00e9g sz\u00e1m\u00e1ra nyitott el\u0151ad\u00e1sok <\/span><span style=\"text-decoration: line-through;\"><em>(angol  nyelven)<\/em>:<\/span><\/p>\r\n\r\n<p><strong>December 1.  h\u00e9tf\u0151 18 \u00f3ra<\/strong><\/p>\r\n\r\n<p>Diana  BALDON, f\u00fcggetlen kur\u00e1tor (B\u00e9cs), m\u0171v\u00e9szeti \u00edr\u00f3<\/p>\r\n\r\n<p><strong>December 2.  kedd, 18 \u00f3ra<\/strong><\/p>\r\n\r\n<p>ER\u0150SS  Nikolett, kur\u00e1tor, a Traf\u00f3 Gal\u00e9ria (Budapest) vezet\u0151je<\/p>\r\n\r\n<p>HEGYI  D\u00f3ra, kur\u00e1tor, a tranzit. hu projekt vezet\u0151je, a Periferic 8 &#8211; Art as Gift,  Biennial for Contemporary Art (Ia\u015fi) kur\u00e1tora<\/p>\r\n\r\n<p><strong>December 3.  szerda, 18 \u00f3ra<\/strong><\/p>\r\n\r\n<p>Ana  DEVIC, kur\u00e1tor, a z\u00e1gr\u00e1bi What, How and for Whom \/ WHW kur\u00e1tori csoport  tagja<\/p>\r\n\r\n<p><strong>December 12.  p\u00e9ntek, 18 \u00f3ra<\/strong><\/p>\r\n\r\n<p>Aneta  SZYLAK, kur\u00e1tor, m\u0171v\u00e9szeti \u00edr\u00f3-teoretikus, a gdanski WYSPA Institute of Art  t\u00e1rsalap\u00edt\u00f3ja \u00e9s igazgat\u00f3ja<\/p>\r\n\r\n<p>Cosmin  COSTINAS, f\u00fcggetlen kur\u00e1tor (Berlin) \u00e9s Binna CHOI, Casco, Office for Art,  Design and Theory (Utrecht) vezet\u0151je, mindketten az Electric Palm Tree kur\u00e1tori  csoport alap\u00edt\u00f3 tagjai<\/p>\r\n\r\n<p><br class=\"spacer_\" \/><\/p>\r\n\r\n<p>A  kurzussal \u00e9s az el\u0151ad\u00e1sokkal kapcsolatos inform\u00e1ci\u00f3:<\/p>\r\n\r\n<p>Zs\u00f6mb\u00f6r  Kriszta programasszisztens &#8211; <a href=\"mailto:krisztina.zsombor@chello.hu\">krisztina.zsombor@chello.hu<\/a><\/p>\r\n\r\n<p><br class=\"spacer_\" \/><\/p>\r\n\r\n<p>Az OVERCOMING ki\u00e1ll\u00edt\u00e1s a KW Institute for  Contemporary Art \/ berlin biennial for contemporary art (Berlin), IDEA art +  society (Kolozsv\u00e1r), a Lunds Konsthall (Lund), a M\u0171csarnok \/ Kunsthalle  Budapest, U-TURN Quadrennial for Contemporary Art (Copenhagen) k\u00f6zrem\u0171k\u00f6d\u00e9s\u00e9vel  l\u00e9trej\u00f6tt OPENING HOURS projekt r\u00e9sze, amely az EU Culture Programme  t\u00e1mogat\u00e1s\u00e1val val\u00f3sult meg.<\/p>\r\n\r\n<p>Nyitva tart\u00e1s: kedd-vas\u00e1rnap 11.00 &#8211;  19.00<\/p>\r\n\r\n<p>Ernst M\u00fazeum<\/p>\r\n\r\n<p>H-1065 Budapest, Nagymez\u0151 utca 8.  <a href=\"mailto:info@mucsarnok.hu\"><br \/>\r\n info@mucsarnok.hu<\/a><a href=\"http:\/\/www.mucsarnok.hu\/\" target=\"_blank\"><br \/>\r\n www.mucsarnok.hu<\/a> \/ <a href=\"http:\/\/www.kunsthalle.hu\/\" target=\"_blank\">www.kunsthalle.hu<\/a><\/p>\r\n\r\n<p><br class=\"spacer_\" \/><\/p>","protected":false},"excerpt":{"rendered":"<p>Az Ernst M\u00fazeum november 15. \u00e9s december 15. k\u00f6z\u00f6tt l\u00e1that\u00f3 Er\u0151t venni c\u00edm\u0171 ki\u00e1ll\u00edt\u00e1s alatt fiatal kur\u00e1toroknak h\u00e1romnapos workshopot\/kurzust, a sz\u00e9lesebb k\u00f6z\u00f6ns\u00e9gnek pedig el\u0151ad\u00e1ssorozatot rendez A producerek c\u00edmmel. A k\u00f6zponti t\u00e9ma a m\u0171v\u00e9szeti \u00e9s kur\u00e1tori produkci\u00f3, annak t\u00f6rt\u00e9nete, konceptu\u00e1lis, kontextu\u00e1lis \u00e9s gazdas\u00e1gi keretei, illetve m\u0171k\u00f6d\u00e9se. A nagyk\u00f6z\u00f6ns\u00e9g sz\u00e1m\u00e1ra nyitott el\u0151ad\u00e1sok (angol nyelven): December 1. h\u00e9tf\u0151 [&hellip;]<\/p>\n","protected":false},"author":1,"featured_media":0,"parent":0,"comment_status":"open","ping_status":"open","sticky":false,"template":"","format":"standard","meta":{"_acf_changed":false,"footnotes":""},"categories":[3],"tags":[],"class_list":["post-820338","post","type-post","status-publish","format-standard","hentry","category-hirek"],"acf":[],"_links":{"self":[{"href":"https:\/\/exindex.hu\/hu\/wp-json\/wp\/v2\/posts\/820338","targetHints":{"allow":["GET"]}}],"collection":[{"href":"https:\/\/exindex.hu\/hu\/wp-json\/wp\/v2\/posts"}],"about":[{"href":"https:\/\/exindex.hu\/hu\/wp-json\/wp\/v2\/types\/post"}],"author":[{"embeddable":true,"href":"https:\/\/exindex.hu\/hu\/wp-json\/wp\/v2\/users\/1"}],"replies":[{"embeddable":true,"href":"https:\/\/exindex.hu\/hu\/wp-json\/wp\/v2\/comments?post=820338"}],"version-history":[{"count":0,"href":"https:\/\/exindex.hu\/hu\/wp-json\/wp\/v2\/posts\/820338\/revisions"}],"wp:attachment":[{"href":"https:\/\/exindex.hu\/hu\/wp-json\/wp\/v2\/media?parent=820338"}],"wp:term":[{"taxonomy":"category","embeddable":true,"href":"https:\/\/exindex.hu\/hu\/wp-json\/wp\/v2\/categories?post=820338"},{"taxonomy":"post_tag","embeddable":true,"href":"https:\/\/exindex.hu\/hu\/wp-json\/wp\/v2\/tags?post=820338"}],"curies":[{"name":"wp","href":"https:\/\/api.w.org\/{rel}","templated":true}]}}