{"id":820339,"date":"2008-12-02T14:47:01","date_gmt":"2008-12-02T12:47:01","guid":{"rendered":"https:\/\/exindex.hu\/?p=820339"},"modified":"2008-12-03T10:33:57","modified_gmt":"2008-12-03T08:33:57","slug":"muveszek-irasainak-szerkeszteserol-gondolkodva","status":"publish","type":"post","link":"https:\/\/exindex.hu\/hu\/hirek\/muveszek-irasainak-szerkeszteserol-gondolkodva\/","title":{"rendered":"M\u0171v\u00e9szek \u00edr\u00e1sainak szerkeszt\u00e9s\u00e9r\u0151l gondolkodva"},"content":{"rendered":"<p><strong>Kristine Stiles<\/strong> el\u0151ad\u00e1sa<\/p>\r\n\r\n<p>Dr. Kristine Stiles, a Duke  Egyetem m\u0171v\u00e9szet, m\u0171v\u00e9szett\u00f6rt\u00e9net \u00e9s vizu\u00e1lis tanulm\u00e1nyok professzora a  m\u0171v\u00e9szsz\u00f6vegek v\u00e1logat\u00e1s\u00e1val, szerkeszt\u00e9s\u00e9vel \u00e9s elemz\u00e9s\u00e9vel kapcsolatos  tapasztalatair\u00f3l fog besz\u00e9lni, melyeket a m\u00e1ra m\u00e1r klasszikuss\u00e1 v\u00e1lt &#8211; Peter  Selz-zel (a Kaliforniai Egyetem, Berkeley emeritusz professzora) k\u00f6z\u00f6sen  k\u00e9sz\u00edtett &#8211; Theories and Documents of Contemporary Art c\u00edm\u0171 k\u00f6nyv szerkeszt\u00e9se  sor\u00e1n szerzett. Kristine Stiles arr\u00f3l is besz\u00e9l, hogy mint a k\u00f6nyv \u00e1tdolgozott,  kib\u0151v\u00edtett m\u00e1sodik kiad\u00e1s\u00e1nak egyed\u00fcli szerkeszt\u0151je, hogyan \u00edrta \u00fajra a  bevezet\u0151ket \u00e9s b\u0151v\u00edtette az eredeti v\u00e1logat\u00e1st t\u00f6bb mint sz\u00e1z m\u0171v\u00e9sszel. V\u00e9g\u00fcl a  Duke University Press-n\u00e9l hamarosan megjelen\u0151 k\u00f6nyv\u00e9t (Correspondence Course: An  Epistolary History of Carolee Schneemann and Her Circle) fogja bemutatni,  amelyben egybe szerkesztette, jegyzetekkel \u00e9s egy monogr\u00e1fia-terjedelm\u0171  bevezet\u0151vel l\u00e1tta el a h\u00edres performanszm\u0171v\u00e9sz, Carolee Schneemann 40 \u00e9ves  levelez\u00e9s\u00e9t<\/p>\r\n\r\n<p><strong>Id\u0151pont: December 4., 18  \u00f3ra<br \/>\r\n Helysz\u00edn: Labor (V., Budapest,  K\u00e9p\u00edr\u00f3 u. 6.)<\/strong><\/p>\r\n\r\n<p><strong>\u201eA m\u0171v\u00e9szet mindig k\u00f6vetkezm\u00e9nyekkel  j\u00e1r&#8221;<\/strong> elnevez\u00e9s\u0171 projekt, amely egy Mladen Stilinovic id\u00e9zetet  v\u00e1lasztott c\u00edm\u00e9\u00fcl, a What, How and for Whom? (Horv\u00e1torsz\u00e1g), a tranzit. hu  (Magyarorsz\u00e1g), a Museum Sztuki \u0141\u00f3d\u017a (Lengyelorsz\u00e1g) \u00e9s a Center_kuda.org  (Szerbia) egy\u00fcttm\u0171k\u00f6d\u00e9se, amelyet az EU Kult\u00fara 2007 Programja t\u00e1mogat. A  ki\u00e1ll\u00edt\u00e1sokon, kiadv\u00e1nyokon, szemin\u00e1riumokon \u00e9s kutat\u00e1sokon kereszt\u00fcl a projekt  c\u00e9lja, hogy p\u00e1rbesz\u00e9det kezdem\u00e9nyezzen egy p\u00e1rhuzamos m\u0171v\u00e9szett\u00f6rt\u00e9net \u00edr\u00e1s\u00e1nak  sz\u00fcks\u00e9gess\u00e9g\u00e9r\u0151l. Kritikus \u00e9s kreat\u00edv m\u00f3don nyitja meg \u00fajra a r\u00e9sztvev\u0151 orsz\u00e1gok  modernista \u00f6r\u00f6ks\u00e9g\u00e9nek \u00e9s t\u00f6rt\u00e9nelm\u00e9nek k\u00e9rd\u00e9sk\u00f6r\u00e9t, valamint az saj\u00e1t  t\u00f6rt\u00e9nelem, \u00f6n-poz\u00edcion\u00e1l\u00e1s, a m\u0171v\u00e9szett\u00f6rt\u00e9net \u00fajra\u00e9rtelmez\u00e9se, a kolletkt\u00edv  traumak \u00e9s amn\u00e9zia k\u00e9rd\u00e9seit. A projekt n\u00e9gy olyan ter\u00fclet tanulm\u00e1nyoz\u00e1s\u00e1ra  f\u00f3kusz\u00e1l, amelyek m\u00e9g mindig csak a hivatalos m\u0171v\u00e9szeti narrat\u00edv\u00e1k hat\u00e1r\u00e1n  kapnak helyet: a ki\u00e1ll\u00edt\u00e1sok t\u00f6rt\u00e9net\u00e9re, m\u0171v\u00e9szek \u00edr\u00e1saira, az archiv\u00e1l\u00e1si  gyakorlatokra, \u00e9s a konceptu\u00e1lis diz\u00e1jnra \u00e9s  tipogr\u00e1fi\u00e1ra.<\/p>","protected":false},"excerpt":{"rendered":"<p>Kristine Stiles el\u0151ad\u00e1sa Dr. Kristine Stiles, a Duke Egyetem m\u0171v\u00e9szet, m\u0171v\u00e9szett\u00f6rt\u00e9net \u00e9s vizu\u00e1lis tanulm\u00e1nyok professzora a m\u0171v\u00e9szsz\u00f6vegek v\u00e1logat\u00e1s\u00e1val, szerkeszt\u00e9s\u00e9vel \u00e9s elemz\u00e9s\u00e9vel kapcsolatos tapasztalatair\u00f3l fog besz\u00e9lni, melyeket a m\u00e1ra m\u00e1r klasszikuss\u00e1 v\u00e1lt &#8211; Peter Selz-zel (a Kaliforniai Egyetem, Berkeley emeritusz professzora) k\u00f6z\u00f6sen k\u00e9sz\u00edtett &#8211; Theories and Documents of Contemporary Art c\u00edm\u0171 k\u00f6nyv szerkeszt\u00e9se sor\u00e1n szerzett. Kristine [&hellip;]<\/p>\n","protected":false},"author":1,"featured_media":0,"parent":0,"comment_status":"open","ping_status":"open","sticky":false,"template":"","format":"standard","meta":{"_acf_changed":false,"footnotes":""},"categories":[3],"tags":[],"class_list":["post-820339","post","type-post","status-publish","format-standard","hentry","category-hirek"],"acf":[],"_links":{"self":[{"href":"https:\/\/exindex.hu\/hu\/wp-json\/wp\/v2\/posts\/820339","targetHints":{"allow":["GET"]}}],"collection":[{"href":"https:\/\/exindex.hu\/hu\/wp-json\/wp\/v2\/posts"}],"about":[{"href":"https:\/\/exindex.hu\/hu\/wp-json\/wp\/v2\/types\/post"}],"author":[{"embeddable":true,"href":"https:\/\/exindex.hu\/hu\/wp-json\/wp\/v2\/users\/1"}],"replies":[{"embeddable":true,"href":"https:\/\/exindex.hu\/hu\/wp-json\/wp\/v2\/comments?post=820339"}],"version-history":[{"count":0,"href":"https:\/\/exindex.hu\/hu\/wp-json\/wp\/v2\/posts\/820339\/revisions"}],"wp:attachment":[{"href":"https:\/\/exindex.hu\/hu\/wp-json\/wp\/v2\/media?parent=820339"}],"wp:term":[{"taxonomy":"category","embeddable":true,"href":"https:\/\/exindex.hu\/hu\/wp-json\/wp\/v2\/categories?post=820339"},{"taxonomy":"post_tag","embeddable":true,"href":"https:\/\/exindex.hu\/hu\/wp-json\/wp\/v2\/tags?post=820339"}],"curies":[{"name":"wp","href":"https:\/\/api.w.org\/{rel}","templated":true}]}}