{"id":820342,"date":"2008-12-04T19:35:50","date_gmt":"2008-12-04T17:35:50","guid":{"rendered":"https:\/\/exindex.hu\/?p=820342"},"modified":"2008-12-05T23:33:17","modified_gmt":"2008-12-05T21:33:17","slug":"uzenet-a-terben-szobraszat-es-nyilvanossag","status":"publish","type":"post","link":"https:\/\/exindex.hu\/hu\/hirek\/uzenet-a-terben-szobraszat-es-nyilvanossag\/","title":{"rendered":"\u00dczenet a t\u00e9r(b)en. Szobr\u00e1szat \u00e9s nyilv\u00e1noss\u00e1g"},"content":{"rendered":"<p>A        Magyar Szobr\u00e1sz T\u00e1rsas\u00e1g \u00e9s a M\u0171csarnok k\u00f6z\u00f6s szimp\u00f3ziuma<\/p>\r\n\r\n<p><strong>2008.<\/strong> <strong>december 9.<\/strong><strong>,        kedd, <strong>10-16h<\/strong><\/strong>.<br \/>\r\n <strong>M\u0171csarnok, el\u0151ad\u00f3terem<\/strong><\/p>\r\n\r\n<p><img loading=\"lazy\" decoding=\"async\" class=\"aligncenter size-full wp-image-349\" src=\"\/wp-content\/uploads\/x\/krisztisajt.jpg\" alt=\"\" width=\"500\" height=\"375\" \/><\/p>\r\n\r\n<p style=\"text-align: center;\"><em>Tihanyi Dominika \u00e9s Lendvai G\u00e1bor \/ \u00daj ir\u00e1ny csoport : \u00d6n itt        \u00e1ll c. projektje, Nyugati t\u00e9ri alulj\u00e1r\u00f3,  2006<\/em><\/p>\r\n\r\n<p><br class=\"spacer_\" \/><\/p>\r\n\r\n<p>megh\u00edvott        el\u0151ad\u00f3k:<\/p>\r\n\r\n<p><strong>Bolg\u00e1r        Eszter<\/strong>,        <strong>Boros G\u00e9za, Erhardt Mikl\u00f3s<\/strong>, <strong>Frazon Zs\u00f3fia, K<\/strong><strong>ert\u00e9sz L\u00e1szl\u00f3<\/strong>, <strong>Lakner Antal<\/strong>, <strong>Paksi        Endre Lehel, Tihanyi Dominika<\/strong><\/p>\r\n\r\n<p><strong> <\/strong><\/p>\r\n\r\n<p><span style=\"text-decoration: underline;\">f\u00f3kuszban:        a public art<\/span><\/p>\r\n\r\n<p><br class=\"spacer_\" \/><\/p>\r\n\r\n<p>program:<\/p>\r\n\r\n<p>I.<\/p>\r\n\r\n<p><strong>Erhardt        Mikl\u00f3s<\/strong>:        <em>Mi (a) public art? A public art mint        m\u0171fogalom<\/em><strong><br \/>\r\n Kert\u00e9sz        L\u00e1szl\u00f3<\/strong>:        <em>Van-e \u00e9let a f\u0151v\u00e1roson k\u00edv\u00fcl, avagy        egy Public Art p\u00e1ly\u00e1zat tanuls\u00e1gai<\/em><strong><br \/>\r\n Frazon        Zs\u00f3fia<\/strong> <em>&#8211;<\/em> <em>Te itt \u00e1ll. K\u00f6zt\u00e9ri road movie<\/em><strong><br \/>\r\n Paksi Endre Lehel<\/strong> &#8211; <em>KIUTAK 2008 &#8211; utaz\u00f3 propaganda-ki\u00e1ll\u00edt\u00e1s<\/em> (Szobr\u00e1szat\u00e9rt Alap\u00edtv\u00e1ny)<strong><br \/>\r\n Bolg\u00e1r        Eszter<\/strong>:        <em>Az arc k\u00f6zt\u00e9ri projektjei<\/em><strong><br \/>\r\n Lakner        Antal<\/strong> &#8211; <em>T\u00e9relt\u00e9r\u00edt\u00e9s<\/em> <em>&#8211; akci\u00f3s \u00e9p\u00edt\u00e9szeti modellek nyilv\u00e1nos        t\u00e9rben<\/em><strong><br \/>\r\n Tihanyi        Dominika<\/strong> <em>&#8211; Kreat\u00edv strat\u00e9gi\u00e1k \u00e9s a k\u00f6zt\u00e9ri        m\u0171v\u00e9szet szerepe a        v\u00e1rosfejleszt\u00e9ben<\/em><strong><br \/>\r\n +<br \/>\r\n <\/strong><em>A        szobr\u00e1szszimp\u00f3zium  visszat\u00e9r\u0151 eleme, hogy a f\u0151t\u00e9m\u00e1hoz k\u00f6zvetlen\u00fcl        nem kapcsol\u00f3d\u00f3, kurrens, \u00e9rdekes jelens\u00e9geket tematiz\u00e1l\u00f3 el\u0151ad\u00e1sok hangzanak el.<\/em><\/p>\r\n\r\n<p><em>\u00c1lland\u00f3 megh\u00edvott el\u0151ad\u00f3nk id\u00e9n arra keres v\u00e1laszt, hogy hov\u00e1        t\u0171nt a k\u00f6zterekr\u0151l a munk\u00e1s alakja: <\/em><\/p>\r\n\r\n<p><strong>Boros        G\u00e9za<\/strong>: <em>Az olvaszt\u00e1rok nem szt\u00e1rok? &#8211;        Munk\u00e1sszobor tegnap \u00e9s ma<\/em><\/p>\r\n\r\n<p><br class=\"spacer_\" \/><\/p>\r\n\r\n<p><em>k\u00e9rd\u00e9sek,        hozz\u00e1sz\u00f3l\u00e1sok<\/em><em>,        vita<\/em><\/p>\r\n\r\n<p><br class=\"spacer_\" \/><\/p>\r\n\r\n<p>13:00        &#8211; eb\u00e9d<\/p>\r\n\r\n<p><br class=\"spacer_\" \/><\/p>\r\n\r\n<p>Az el\u0151ad\u00e1sc\u00edmek \u00e9s t\u00e9m\u00e1k, napirend esetleges v\u00e1ltoz\u00e1sa a M\u0171csarnok        honlapj\u00e1n:<strong><br \/>\r\n www.mucsarnok.hu        &gt; T\u00e1rsm\u0171v\u00e9szetek &gt; Konferenci\u00e1k<\/strong><\/p>\r\n\r\n<p>A        szimp\u00f3zium el\u0151ad\u00e1sainak szerkesztett sz\u00f6veg\u00e9t az esem\u00e9nyt dokument\u00e1l\u00f3 kiadv\u00e1ny-sorozatunk        \u00fajabb k\u00f6tet\u00e9ben k\u00edv\u00e1njuk megjelentetni<\/p>\r\n\r\n<p>kontakt:<br \/>\r\n Ker\u00e9nyin\u00e9 N. Sztoj\u00e1nka: 460 7009, <a href=\"https:\/\/webmail.c3.hu\/cgi-bin\/openwebmail\/openwebmail-read.pl?sessionid=b2*webmail.c3.hu-session-0.972211686053441&amp;folder=INBOX&amp;page=3&amp;longpage=0&amp;sort=date_rev&amp;msgdatetype=sentdate&amp;keyword=&amp;searchtype=subject&amp;message_id=%3C019801c9560c%24adf91bb0%248f00a8c0%40krisztisajto%3E&amp;action=readmessage&amp;headers=simple&amp;attmode=simple&amp;db_chkstatus=1\" target=\"_blank\">sztoji@mucsarnok.hu<\/a><br \/>\r\n Cs\u00f3ka Edina: 460 7015, <a href=\"https:\/\/webmail.c3.hu\/cgi-bin\/openwebmail\/openwebmail-read.pl?sessionid=b2*webmail.c3.hu-session-0.972211686053441&amp;folder=INBOX&amp;page=3&amp;longpage=0&amp;sort=date_rev&amp;msgdatetype=sentdate&amp;keyword=&amp;searchtype=subject&amp;message_id=%3C019801c9560c%24adf91bb0%248f00a8c0%40krisztisajto%3E&amp;action=readmessage&amp;headers=simple&amp;attmode=simple&amp;db_chkstatus=1\" target=\"_blank\">ecsoka@mucsarnok.hu<\/a><\/p>","protected":false},"excerpt":{"rendered":"<p>A Magyar Szobr\u00e1sz T\u00e1rsas\u00e1g \u00e9s a M\u0171csarnok k\u00f6z\u00f6s szimp\u00f3ziuma 2008. december 9., kedd, 10-16h. M\u0171csarnok, el\u0151ad\u00f3terem Tihanyi Dominika \u00e9s Lendvai G\u00e1bor \/ \u00daj ir\u00e1ny csoport : \u00d6n itt \u00e1ll c. projektje, Nyugati t\u00e9ri alulj\u00e1r\u00f3, 2006 megh\u00edvott el\u0151ad\u00f3k: Bolg\u00e1r Eszter, Boros G\u00e9za, Erhardt Mikl\u00f3s, Frazon Zs\u00f3fia, Kert\u00e9sz L\u00e1szl\u00f3, Lakner Antal, Paksi Endre Lehel, Tihanyi Dominika f\u00f3kuszban: [&hellip;]<\/p>\n","protected":false},"author":1,"featured_media":820349,"parent":0,"comment_status":"open","ping_status":"open","sticky":false,"template":"","format":"standard","meta":{"_acf_changed":false,"footnotes":""},"categories":[3],"tags":[],"class_list":["post-820342","post","type-post","status-publish","format-standard","has-post-thumbnail","hentry","category-hirek"],"acf":[],"_links":{"self":[{"href":"https:\/\/exindex.hu\/hu\/wp-json\/wp\/v2\/posts\/820342","targetHints":{"allow":["GET"]}}],"collection":[{"href":"https:\/\/exindex.hu\/hu\/wp-json\/wp\/v2\/posts"}],"about":[{"href":"https:\/\/exindex.hu\/hu\/wp-json\/wp\/v2\/types\/post"}],"author":[{"embeddable":true,"href":"https:\/\/exindex.hu\/hu\/wp-json\/wp\/v2\/users\/1"}],"replies":[{"embeddable":true,"href":"https:\/\/exindex.hu\/hu\/wp-json\/wp\/v2\/comments?post=820342"}],"version-history":[{"count":0,"href":"https:\/\/exindex.hu\/hu\/wp-json\/wp\/v2\/posts\/820342\/revisions"}],"wp:featuredmedia":[{"embeddable":true,"href":"https:\/\/exindex.hu\/hu\/wp-json\/wp\/v2\/media\/820349"}],"wp:attachment":[{"href":"https:\/\/exindex.hu\/hu\/wp-json\/wp\/v2\/media?parent=820342"}],"wp:term":[{"taxonomy":"category","embeddable":true,"href":"https:\/\/exindex.hu\/hu\/wp-json\/wp\/v2\/categories?post=820342"},{"taxonomy":"post_tag","embeddable":true,"href":"https:\/\/exindex.hu\/hu\/wp-json\/wp\/v2\/tags?post=820342"}],"curies":[{"name":"wp","href":"https:\/\/api.w.org\/{rel}","templated":true}]}}