{"id":820350,"date":"2008-12-05T02:00:00","date_gmt":"2008-12-05T00:00:00","guid":{"rendered":"https:\/\/exindex.hu\/?p=820350"},"modified":"2008-12-07T16:08:04","modified_gmt":"2008-12-07T14:08:04","slug":"video-prezentaciok-3-vecsei-julia","status":"publish","type":"post","link":"https:\/\/exindex.hu\/hu\/hirek\/video-prezentaciok-3-vecsei-julia\/","title":{"rendered":"Vide\u00f3 prezent\u00e1ci\u00f3k 3. &#8211; V\u00e9csei J\u00falia"},"content":{"rendered":"<p>Az <a href=\"http:\/\/www.crosstalk.hu\/\" target=\"_blank\">\u00c1thall\u00e1s<\/a> Videom\u0171v\u00e9szeti Fesztiv\u00e1l, Budapest r\u00e9szprogramjak\u00e9nt elindult a havonta megrendezend\u0151 <em>Vide\u00f3 prezent\u00e1ci\u00f3k<\/em> sorozat. Az egy est\u00e9s bemutat\u00f3k megh\u00edvottjai magyar \u00e9s k\u00fclf\u00f6ldi videom\u0171v\u00e9szek. Az esem\u00e9ny c\u00e9lja els\u0151sorban a kort\u00e1rs videom\u0171v\u00e9szettel foglalkoz\u00f3 alkot\u00f3k bemutat\u00e1sa, m\u00e1sodsorban a videom\u0171v\u00e9szet megismertet\u00e9se a sz\u00e9lesebb k\u00f6z\u00f6ns\u00e9ggel.<\/p>\r\n\r\n<p>Harmadik megh\u00edvott el\u0151ad\u00f3: V\u00e9csei J\u00falia<\/p>\r\n\r\n<p>Id\u0151pont: <strong>2008 december 9, kedd, 19h.<\/strong><br \/>\r\n Helysz\u00edn: <a href=\"http:\/\/labor.c3.hu\/\" target=\"_blank\">Labor<\/a>, 1053 Budapest, K\u00e9p\u00edr\u00f3 u. 6.<\/p>\r\n\r\n<p><a href=\"http:\/\/www.c3.hu\/~rub\/vecseijulia\/\" target=\"_blank\">V\u00e9csei J\u00falia<\/a> m\u00e9diam\u00fbv\u00e9sz.<br \/>\r\n 1991-1995 k\u00f6z\u00f6tt a budapesti K\u00e9pz\u00f5- \u00e9s Iparm\u00fbv\u00e9szeti Szakk\u00f6z\u00e9piskola fot\u00f3 szakos hallgat\u00f3ja majd 1996-ban felv\u00e9telt nyert a Magyar K\u00e9pz\u00f5m\u00fbv\u00e9szeti Egyetem\u00a0 Interm\u00e9dia szak\u00e1ra. 2001-ben m\u00e9diam\u00fbv\u00e9szk\u00e9nt diplom\u00e1zott. 2002 \u00e9s 2004 k\u00f6z\u00f6tt a Magyar Iparm\u00fbv\u00e9szeti Egyetemen m\u00fbv\u00e9szeti menedzsernek tanult. <br \/>\r\n Derkovits \u00f6szt\u00f6nd\u00edjas, a Cora \u00e1ruh\u00e1z p\u00e1ly\u00e1zat\u00e1nak, Magyar K\u00e9pz\u00f5m\u00fbv\u00e9szeti F\u00f5iskola; Glatz Oszk\u00e1r Alap\u00edtv\u00e1nyi d\u00edjazottja; C3 Kultur\u00e1lis \u00e9s Kommunik\u00e1ci\u00f3s K\u00f6zpont \u00f6szt\u00f6nd\u00edjasa, a Fiatal K\u00e9pz\u00f5m\u00fbv\u00e9szek St\u00fadi\u00f3ja Egyes\u00fclet eln\u00f6ke.<\/p>\r\n\r\n<p>2007 m\u00e1jus\u00e1ban elind\u00edtja a ZINE, &#8222;<a href=\"http:\/\/www.c3.hu\/~rub\/rajzlap\/\" target=\"_blank\">RAJZLAP\/DRAWING-PAPER<\/a>&#8221; c\u00edm\u00fb projektj\u00e9t: &#8222;A rajz ter\u00fclet\u00e9n alkot\u00f3 k\u00e9pz\u00f5m\u00fbv\u00e9szeket k\u00e9rek fel, hogy egy-egy sz\u00e1mot hozzanak l\u00e9tre. A sorozatnak \u00e9vente 6 sz\u00e1ma jelenik meg, az els\u00f5 hat kiadv\u00e1ny alkot\u00f3i fiatal m\u00fbv\u00e9szek. A rajzlap korl\u00e1tozott p\u00e9ld\u00e1nysz\u00e1m\u00fa. <br \/>\r\n A zine mag\u00e1nkezdem\u00e9nyez\u00e9sben val\u00f3sul meg.&#8221;- V\u00e9csei J\u00falia<\/p>","protected":false},"excerpt":{"rendered":"<p>Az \u00c1thall\u00e1s Videom\u0171v\u00e9szeti Fesztiv\u00e1l, Budapest r\u00e9szprogramjak\u00e9nt elindult a havonta megrendezend\u0151 Vide\u00f3 prezent\u00e1ci\u00f3k sorozat. Az egy est\u00e9s bemutat\u00f3k megh\u00edvottjai magyar \u00e9s k\u00fclf\u00f6ldi videom\u0171v\u00e9szek. Az esem\u00e9ny c\u00e9lja els\u0151sorban a kort\u00e1rs videom\u0171v\u00e9szettel foglalkoz\u00f3 alkot\u00f3k bemutat\u00e1sa, m\u00e1sodsorban a videom\u0171v\u00e9szet megismertet\u00e9se a sz\u00e9lesebb k\u00f6z\u00f6ns\u00e9ggel. Harmadik megh\u00edvott el\u0151ad\u00f3: V\u00e9csei J\u00falia Id\u0151pont: 2008 december 9, kedd, 19h. Helysz\u00edn: Labor, 1053 Budapest, K\u00e9p\u00edr\u00f3 [&hellip;]<\/p>\n","protected":false},"author":1,"featured_media":0,"parent":0,"comment_status":"open","ping_status":"open","sticky":false,"template":"","format":"standard","meta":{"_acf_changed":false,"footnotes":""},"categories":[3],"tags":[],"class_list":["post-820350","post","type-post","status-publish","format-standard","hentry","category-hirek"],"acf":[],"_links":{"self":[{"href":"https:\/\/exindex.hu\/hu\/wp-json\/wp\/v2\/posts\/820350","targetHints":{"allow":["GET"]}}],"collection":[{"href":"https:\/\/exindex.hu\/hu\/wp-json\/wp\/v2\/posts"}],"about":[{"href":"https:\/\/exindex.hu\/hu\/wp-json\/wp\/v2\/types\/post"}],"author":[{"embeddable":true,"href":"https:\/\/exindex.hu\/hu\/wp-json\/wp\/v2\/users\/1"}],"replies":[{"embeddable":true,"href":"https:\/\/exindex.hu\/hu\/wp-json\/wp\/v2\/comments?post=820350"}],"version-history":[{"count":0,"href":"https:\/\/exindex.hu\/hu\/wp-json\/wp\/v2\/posts\/820350\/revisions"}],"wp:attachment":[{"href":"https:\/\/exindex.hu\/hu\/wp-json\/wp\/v2\/media?parent=820350"}],"wp:term":[{"taxonomy":"category","embeddable":true,"href":"https:\/\/exindex.hu\/hu\/wp-json\/wp\/v2\/categories?post=820350"},{"taxonomy":"post_tag","embeddable":true,"href":"https:\/\/exindex.hu\/hu\/wp-json\/wp\/v2\/tags?post=820350"}],"curies":[{"name":"wp","href":"https:\/\/api.w.org\/{rel}","templated":true}]}}