{"id":820354,"date":"2008-12-10T00:25:45","date_gmt":"2008-12-09T22:25:45","guid":{"rendered":"https:\/\/exindex.hu\/?p=820354"},"modified":"2009-01-07T19:34:19","modified_gmt":"2009-01-07T17:34:19","slug":"aica-kortars-muveszeti-dij","status":"publish","type":"post","link":"https:\/\/exindex.hu\/hu\/hirek\/aica-kortars-muveszeti-dij\/","title":{"rendered":"AICA Kort\u00e1rs M\u0171v\u00e9szeti D\u00edj 2008"},"content":{"rendered":"<p>A 2008-as AICA Kort\u00e1rs M\u0171v\u00e9szeti D\u00edj nyertesei:<\/p>\r\n\r\n<p>1. M\u0171kritikus:<br \/>\r\n Andr\u00e1s Edit: <a href=\"http:\/\/www.springerin.at\/dyn\/heft_text.php?textid=2103&amp;lang=en\" target=\"_blank\">An agent still at work<\/a>. The trauma of collective memory of the socialist past. Springerin 3\/08<\/p>\r\n\r\n<p>2. Kur\u00e1tor:<br \/>\r\n Hegyi D\u00f3ra: <a href=\"http:\/\/www.periferic.org\/\" target=\"_blank\">Periferic 8<\/a> Kort\u00e1rs K\u00e9pz\u0151m\u0171v\u00e9szeti Bienn\u00e1le (Iasi, Rom\u00e1nia, 2008. okt\u00f3ber)<\/p>\r\n\r\n<p>3. M\u0171v\u00e9sz:<br \/>\r\n Szab\u00f3 \u00c1d\u00e1m: <a href=\"\/wp-content\/uploads\/mh\/151\/52346\/kv_hi.jpg\" target=\"_blank\">Sv\u00e9dasztal<\/a> (Inda Gal\u00e9ria, Budapest, 2008. j\u00fanius-augusztus)<\/p>\r\n\r\n<p><br class=\"spacer_\" \/><\/p>\r\n\r\n<p>Az Oktat\u00e1si \u00e9s Kultur\u00e1lis      Miniszt\u00e9rium \u00e9s a M\u0171kritikusok Nemzetk\u00f6zi Sz\u00f6vets\u00e9ge (AICA) Magyar      Tagozat\u00e1nak egy\u00fcttm\u0171k\u00f6d\u00e9sek\u00e9nt 2008-ban alap\u00edtott, \u00e9vente oda\u00edt\u00e9lend\u0151 d\u00edj      c\u00e9lja a kort\u00e1rs magyar m\u0171v\u00e9szeti esem\u00e9nyek \u00e9s az azokkal foglalkoz\u00f3      m\u0171kritika kiemelked\u0151 szakmai teljes\u00edtm\u00e9nyeinek elismer\u00e9se.<\/p>\r\n\r\n<p>A d\u00edjat az AICA Magyar Tagozat\u00e1nak eln\u00f6ks\u00e9ge h\u00e1rom kateg\u00f3ri\u00e1ban osztja ki,      egy m\u0171kritikusnak, egy kur\u00e1tornak \u00e9s egy m\u0171v\u00e9sznek az adott \u00e9vben ny\u00fajtott      kiemelked\u0151 munk\u00e1j\u00e1\u00e9rt. Az elismer\u00e9ssel j\u00e1r\u00f3 p\u00e9nzbeli honor\u00e1rium valamennyi      kateg\u00f3ri\u00e1ban, egyenk\u00e9nt brutt\u00f3 400.000- Ft.<\/p>\r\n\r\n<p>A jel\u00f6ltekre b\u00e1rki javaslatot tehet az AICA honlapj\u00e1n (<a href=\"http:\/\/www.aica.hu\/\" target=\"_blank\">www.aica.hu<\/a> \u00e9s     <a href=\"mailto:aicahu@gmail.com\"> aicahu@gmail.com<\/a> ) az \u00e9v folyam\u00e1n, a publik\u00e1ci\u00f3 megjelen\u00e9sekor, a      ki\u00e1ll\u00edt\u00e1s nyitva tart\u00e1s\u00e1nak idej\u00e9n, illetve azt k\u00f6vet\u0151en, a d\u00edjaz\u00e1sra      javasolt publik\u00e1ci\u00f3 illetve ki\u00e1ll\u00edt\u00e1s megnevez\u00e9s\u00e9vel, \u00e9s a javaslat r\u00f6vid      indokl\u00e1s\u00e1val.<\/p>\r\n\r\n<p>A d\u00edjat minden \u00e9v december\u00e9ben a budapesti Ludwig M\u00fazeum &#8211; Kort\u00e1rs M\u0171v\u00e9szeti      M\u00fazeumban \u00fcnnep\u00e9lyes keretek k\u00f6z\u00f6tt adja \u00e1t az AICA Magyar tagozata.<\/p>\r\n\r\n<p>A 2008-as AICA Kort\u00e1rs M\u0171v\u00e9szeti D\u00edj jel\u00f6ltjei voltak:<\/p>\r\n\r\n<p>1. M\u0171kritikus:<br \/>\r\n Andr\u00e1s Edit: An agent still at work. The trauma of collective memory of the socialist past. Springerin 3\/08<br \/>\r\n Gy\u00f6rgy P\u00e9ter: Kort\u00e1rs m\u0171v\u00e9szet magyar m\u00fazeumokban. A paksi p\u00e9lda. \u00c9let \u00e9s Irodalom 2008. augusztus 29.<br \/>\r\n M\u00e9lyi J\u00f3zsef: Lebut\u00edtott eml\u00e9kezet, Mozg\u00f3 Vil\u00e1g 2008\/1<\/p>\r\n\r\n<p>2. Kur\u00e1tor:<br \/>\r\n Er\u0151ss Nikolett: Artur Zmijewski (Traf\u00f3, Budapest, 2008. janu\u00e1r-m\u00e1rcius)<br \/>\r\n Hegyi D\u00f3ra: Periferic 8 Kort\u00e1rs K\u00e9pz\u0151m\u0171v\u00e9szeti Bienn\u00e1le (Iasi, Rom\u00e1nia, 2008. okt\u00f3ber)<br \/>\r\n K\u00e9szman J\u00f3zsef &#8211; Nagy Edina: A Lipcse-jelens\u00e9g (M\u0171csarnok, Budapest, 2008. m\u00e1rcius-m\u00e1jus)<\/p>\r\n\r\n<p>3. M\u0171v\u00e9sz:<br \/>\r\n M\u00e9cs Mikl\u00f3s: Akhilleusz \u00e9s a tekn\u0151sb\u00e9ka (St\u00fadi\u00f3 Gal\u00e9ria, 2008. november)<br \/>\r\n Szab\u00f3 \u00c1d\u00e1m: Sv\u00e9dasztal (Inda Gal\u00e9ria, Budapest, 2008. j\u00fanius-augusztus)<br \/>\r\n V\u00e1rnai Gyula: Most m\u00e1r tudom (Na mi van? M\u0171csarnok, Budapest, 2008. j\u00fanius-augusztus)<\/p>\r\n\r\n<p>kor\u00e1bban:<br \/>\r\n http:\/\/<a href=\"http:\/\/www.aica.hu\/mukritikusokdija.html\" target=\"_blank\">www.aica.hu\/mukritikusokdija.html<\/a><\/p>\r\n\r\n<p><br class=\"spacer_\" \/><\/p>","protected":false},"excerpt":{"rendered":"<p>A 2008-as AICA Kort\u00e1rs M\u0171v\u00e9szeti D\u00edj nyertesei: 1. M\u0171kritikus: Andr\u00e1s Edit: An agent still at work. The trauma of collective memory of the socialist past. Springerin 3\/08 2. Kur\u00e1tor: Hegyi D\u00f3ra: Periferic 8 Kort\u00e1rs K\u00e9pz\u0151m\u0171v\u00e9szeti Bienn\u00e1le (Iasi, Rom\u00e1nia, 2008. okt\u00f3ber) 3. M\u0171v\u00e9sz: Szab\u00f3 \u00c1d\u00e1m: Sv\u00e9dasztal (Inda Gal\u00e9ria, Budapest, 2008. j\u00fanius-augusztus) Az Oktat\u00e1si \u00e9s Kultur\u00e1lis Miniszt\u00e9rium [&hellip;]<\/p>\n","protected":false},"author":1,"featured_media":0,"parent":0,"comment_status":"open","ping_status":"open","sticky":false,"template":"","format":"standard","meta":{"_acf_changed":false,"footnotes":""},"categories":[3],"tags":[],"class_list":["post-820354","post","type-post","status-publish","format-standard","hentry","category-hirek"],"acf":[],"_links":{"self":[{"href":"https:\/\/exindex.hu\/hu\/wp-json\/wp\/v2\/posts\/820354","targetHints":{"allow":["GET"]}}],"collection":[{"href":"https:\/\/exindex.hu\/hu\/wp-json\/wp\/v2\/posts"}],"about":[{"href":"https:\/\/exindex.hu\/hu\/wp-json\/wp\/v2\/types\/post"}],"author":[{"embeddable":true,"href":"https:\/\/exindex.hu\/hu\/wp-json\/wp\/v2\/users\/1"}],"replies":[{"embeddable":true,"href":"https:\/\/exindex.hu\/hu\/wp-json\/wp\/v2\/comments?post=820354"}],"version-history":[{"count":0,"href":"https:\/\/exindex.hu\/hu\/wp-json\/wp\/v2\/posts\/820354\/revisions"}],"wp:attachment":[{"href":"https:\/\/exindex.hu\/hu\/wp-json\/wp\/v2\/media?parent=820354"}],"wp:term":[{"taxonomy":"category","embeddable":true,"href":"https:\/\/exindex.hu\/hu\/wp-json\/wp\/v2\/categories?post=820354"},{"taxonomy":"post_tag","embeddable":true,"href":"https:\/\/exindex.hu\/hu\/wp-json\/wp\/v2\/tags?post=820354"}],"curies":[{"name":"wp","href":"https:\/\/api.w.org\/{rel}","templated":true}]}}