{"id":820356,"date":"2008-12-09T02:00:00","date_gmt":"2008-12-09T00:00:00","guid":{"rendered":"https:\/\/exindex.hu\/?p=820356"},"modified":"2008-12-19T19:57:35","modified_gmt":"2008-12-19T17:57:35","slug":"herczeg-klara-dij","status":"publish","type":"post","link":"https:\/\/exindex.hu\/hu\/hirek\/herczeg-klara-dij\/","title":{"rendered":"Herczeg Kl\u00e1ra D\u00edj"},"content":{"rendered":"<p><img loading=\"lazy\" decoding=\"async\" class=\"aligncenter size-full wp-image-360\" src=\"\/wp-content\/uploads\/x\/hkd20.jpg\" alt=\"\" width=\"500\" height=\"357\" \/><\/p>\r\n\r\n<p style=\"text-align: center;\"><!--[if gte mso 9]><xml> Normal   0                         MicrosoftInternetExplorer4 <\/xml><![endif]--><!--  --><!--[if gte mso 10]> <mce:style><!   \/* Style Definitions *\/  table.MsoNormalTable \t{mso-style-name:\"Table Normal\"; \tmso-tstyle-rowband-size:0; \tmso-tstyle-colband-size:0; \tmso-style-noshow:yes; \tmso-style-parent:\"\"; \tmso-padding-alt:0in 5.4pt 0in 5.4pt; \tmso-para-margin:0in; \tmso-para-margin-bottom:.0001pt; \tmso-pagination:widow-orphan; \tfont-size:10.0pt; \tfont-family:\"Times New Roman\";} --> <!--[endif]--><\/p>\r\n\r\n<p><br class=\"spacer_\" \/><\/p>\r\n\r\n<p>2008-ban a Herczeg Kl\u00e1ra-d\u00edj senior fokozat\u00e1ra R\u00e9nyi Andr\u00e1s tett aj\u00e1nl\u00e1sokat, akit az FKSE vezet\u0151s\u00e9ge k\u00e9rt fel erre a feladatra. R\u00e9nyi Andr\u00e1s aj\u00e1nl\u00e1saib\u00f3l pedig a Fiatal K\u00e9pz\u0151m\u0171v\u00e9szek St\u00fadi\u00f3ja Alap\u00edtv\u00e1ny kurat\u00f3riuma <strong>K\u00f6r\u00f6s\u00e9nyi Tam\u00e1s<\/strong>t jel\u00f6lte a Herczeg Kl\u00e1ra-d\u00edj senior fokozat\u00e1ra.<\/p>\r\n\r\n<p><strong>K\u00f6r\u00f6s\u00e9nyi Tam\u00e1s<\/strong> szobr\u00e1szm\u0171v\u00e9sz, 1990-t\u0151l a Magyar K\u00e9pz\u0151m\u0171v\u00e9szeti (F\u0151iskola) Egyetem oszt\u00e1lyvezet\u0151 tan\u00e1ra, 1999-t\u0151l tansz\u00e9kvezet\u0151je. A 70-es \u00e9vek k\u00f6zep\u00e9n konceptu\u00e1lis \u00e9remsorozatokat k\u00e9sz\u00edt. A 80-as \u00e9vek elej\u00e9ig egym\u00e1ssal p\u00e1rhuzamosan sz\u00fcletnek figur\u00e1lis, a pop art, a minimal art hat\u00e1s\u00e1t t\u00fckr\u00f6z\u0151 objektjei. A 90-es \u00e9vekben \u00faj gondolatok k\u00f6rvonalaz\u00f3dnak m\u0171veiben: az illeszked\u00e9s (<em>F\u00fcgung<\/em>), melynek l\u00e9nyeg\u00e9t ki\u00e9rlelt szobr\u00e1szi nyelven megsz\u00f3lal\u00f3 organikus \u00e9s a puzzle-j\u00e1t\u00e9kb\u00f3l ismert kirak\u00f3s form\u00e1k anal\u00f3gi\u00e1j\u00e1ra fogalmazott meg. A m\u0171vekben \u00f6n\u00e1ll\u00f3 plasztikai erej\u00fck\u00f6n t\u00fal egym\u00e1shoz val\u00f3 viszonyuk is hangs\u00falyos. D\u00edjaz\u00e1sa mellett m\u0171v\u00e9szeti kvalit\u00e1sain t\u00fal jelent\u0151s pedag\u00f3giai tev\u00e9kenys\u00e9ge is sz\u00f3l, aminek k\u00f6sz\u00f6nhet\u0151en nagy hat\u00e1ssal van a magyar szobr\u00e1szat leg\u00fajabb gener\u00e1ci\u00f3ira.<\/p>\r\n\r\n<p>2008-ban a Herczeg Kl\u00e1ra-d\u00edj junior fokozat\u00e1t az FKSE vezet\u0151s\u00e9ge a <strong>Sz\u00e1jjal \u00e9s Aggyal Fest\u0151k Vil\u00e1gsz\u00f6vets\u00e9ge<\/strong> k\u00e9pviselet\u00e9ben <strong>M\u00e9cs Mikl\u00f3snak \u00e9s Fischer Juditnak<\/strong> adta.<\/p>\r\n\r\n<p>A <strong>SZAF<\/strong> 2005 okt\u00f3ber 6-\u00e1n MSN Messenger 7.0-\u00e1n l\u00e9trej\u00f6tt egy m\u0171v\u00e9szeti vil\u00e1gszervezet, &#8211; amelynek ma 13 sz\u00e1jjal vagy aggyal fest\u0151 m\u0171v\u00e9sz tagja van &#8211; a Sz\u00e1jjal \u00e9s aggyal fest\u0151 m\u0171v\u00e9szek vil\u00e1gsz\u00f6vets\u00e9ge. A <strong>SZAF<\/strong> a Magyarorsz\u00e1gon is k\u00f6zismert SZLM (Sz\u00e1jjal \u00e9s l\u00e1bbal fest\u0151 m\u0171v\u00e9szek vil\u00e1gsz\u00f6vets\u00e9ge) mint\u00e1j\u00e1ra alakult. A <strong>SZAF<\/strong> utols\u00f3 csepp v\u00e9r\u00e9ig harcol azzal a teljess\u00e9ggel hib\u00e1s n\u00e9zettel, ami a k\u00f6z\u00e9pszer\u0171, tartalmatlan m\u0171vek l\u00e9tjogosults\u00e1g\u00e1t egyfajta technikai virtuozit\u00e1ssal indokolja. A <strong>SZAF<\/strong>-ot elkeser\u00edti az a felismer\u00e9s, hogy k\u00f6rnyezet\u00fckben megsz\u00e1ml\u00e1lhatatlan k\u00e9zzel fest\u0151 is ezen az \u00faton halad. K\u00e9ts\u00e9gbe ejti \u0151ket az a tendencia, ahogyan az emberek &#8211; nem kev\u00e9sb\u00e9 a k\u00e9pz\u0151m\u0171v\u00e9szetben tev\u00e9kenyked\u0151k &#8211; kapcsolata a m\u0171v\u00e9szettel az id\u0151 el\u0151rehaladt\u00e1val egyre \u0151szint\u00e9tlenebb\u00e9, egyre gondolatszeg\u00e9nyebb\u00e9 v\u00e1lik.<\/p>\r\n\r\n<p>C\u00e9ljuk legkev\u00e9sb\u00e9 sem a sz\u00e1jjal \u00e9s l\u00e1bbal fest\u0151k karikiroz\u00e1sa. Szervezet\u00fck csup\u00e1n annak formai, megjelen\u00e9si, \u00e9s terjeszt\u00e9si mechanizmus\u00e1t saj\u00e1t\u00edtja ki egy m\u00e1sik sz\u00e9ls\u0151s\u00e9get felmutatva, ironia \u00e9s \u00f6nironia furcsa elegy\u00e9vel.<\/p>\r\n\r\n<p>A sz\u00e1jjal \u00e9s aggyal fest\u0151k legink\u00e1bb nem festenek. Legink\u00e1bb agyalnak \u00e9s besz\u00e9lnek a m\u0171v\u00e9szetr\u0151l. \u00d6nmaga par\u00f3di\u00e1j\u00e1ba ford\u00edtj\u00e1k, nevets\u00e9gess\u00e9 teszik a semmitmond\u00f3 tendenci\u00e1kat, \u00faj lehet\u0151s\u00e9geket t\u00e1rnak fel a ki\u00fcresedett, sz\u00e9pelg\u0151 fest\u0151is\u00e9g helyett, \u00f6tleteket, terveket dolgoznak ki egy izgalmasabb, \u0151szint\u00e9bb, nyitottabb, szabadabb fest\u00e9szet (m\u0171v\u00e9szet) jegy\u00e9ben.<\/p>\r\n\r\n<p style=\"text-align: center;\"><a href=\"\/wp-content\/uploads\/x\/hk2008.jpg\"><img loading=\"lazy\" decoding=\"async\" class=\"aligncenter size-full wp-image-374\" title=\"hk2008\" src=\"\/wp-content\/uploads\/x\/hk2008.jpg\" alt=\"\" width=\"500\" height=\"277\" \/><\/a><\/p>\r\n\r\n<p><strong>A d\u00edj alap\u00edt\u00f3j\u00e1r\u00f3l:<\/strong><\/p>\r\n\r\n<p>Herczeg Kl\u00e1ra, Munk\u00e1csy-d\u00edjas szobr\u00e1szm\u0171v\u00e9sz, Budapesten sz\u00fcletett 1906. okt\u00f3ber 13-\u00e1n. Gyermekkor\u00e1ban B\u00e9csben \u00e9lt. M\u0171v\u00e9szeti tanulm\u00e1nyait el\u0151sz\u00f6r B\u00e9csben, majd a Budapesti K\u00e9pz\u0151m\u0171v\u00e9szeti F\u0151iskol\u00e1n v\u00e9gezte 1924-28 k\u00f6z\u00f6tt, ahol mestere Kisfaludy Str\u00f3bl Zsigmond volt. 1929-30-ban Berlinben \u00e9lt, ahol t\u00f6bbek k\u00f6z\u00f6tt a Rosenthal porcel\u00e1ngy\u00e1r sz\u00e1m\u00e1ra k\u00e9sz\u00edtett kisplasztik\u00e1kat, hogy meg\u00e9lhet\u00e9s\u00e9t biztos\u00edtsa. 1930-33 k\u00f6z\u00f6tt P\u00e1rizsban Charles Despiau mellett k\u00e9pezte tov\u00e1bb mag\u00e1t. 1925 \u00f3ta szerepelt m\u0171veivel hazai \u00e9s nemzetk\u00f6zi ki\u00e1ll\u00edt\u00e1sokon. R\u00e9szt vett az 1937. \u00e9vi p\u00e1rizsi \u00e9s az 1938. \u00e9vi New York-i vil\u00e1gki\u00e1ll\u00edt\u00e1son. Mintegy harminc k\u00f6zt\u00e9ren fel\u00e1ll\u00edtott szobra l\u00e1that\u00f3 Budapesten \u00e9s az eg\u00e9sz orsz\u00e1gban. Hazai m\u00fazeumokon k\u00edv\u00fcl megtal\u00e1lhat\u00f3k m\u0171vei k\u00fclf\u00f6ld\u00f6n is.<\/p>\r\n\r\n<p><strong>A Herczeg Kl\u00e1ra-d\u00edj t\u00f6rt\u00e9nete:<\/strong><\/p>\r\n\r\n<p>Az 1997. augusztus 6-\u00e1n elhunyt szobr\u00e1szm\u0171v\u00e9sz v\u00e9grendelet\u00e9ben, a Fiatal K\u00e9pz\u0151m\u0171v\u00e9szek Alap\u00edtv\u00e1nyt az \u00f6r\u00f6ks\u00e9g r\u00e9szes\u00e9v\u00e9 tette, a p\u00e1lyakezd\u0151 m\u0171v\u00e9szek t\u00e1mogat\u00e1s\u00e1nak sz\u00e1nd\u00e9k\u00e1val. Az Alap\u00edtv\u00e1ny Kurat\u00f3riuma \u00fagy d\u00f6nt\u00f6tt, hogy egy &#8211; az \u00f6r\u00f6ks\u00e9ghagy\u00f3r\u00f3l elnevezett &#8211; d\u00edjat alap\u00edt, amelyet minden \u00e9vben az FKSE vezet\u0151s\u00e9ge \u00e1ltal kiv\u00e1lasztott k\u00e9pz\u0151m\u0171v\u00e9sz kap majd meg &#8211; ami a d\u00edj junior fokozat\u00e1t adja.<\/p>\r\n\r\n<p>Herczeg Kl\u00e1ra mindig fontosnak tartotta az id\u0151s \u00e9s fiatal gener\u00e1ci\u00f3k egym\u00e1shoz val\u00f3 k\u00f6zeled\u00e9s\u00e9t. Ez\u00e9rt a hagyat\u00e9k kezel\u0151je (Dr. Sz\u00e9kely \u00c1d\u00e1mn\u00e9 Dr. Sz\u0171cs Ildik\u00f3) \u00fagy d\u00f6nt\u00f6tt, hogy a Fiatal K\u00e9pz\u0151m\u0171v\u00e9szek St\u00fadi\u00f3ja Egyes\u00fcletre (mint a p\u00e1lyakezd\u0151 k\u00e9pz\u0151m\u0171v\u00e9szeket k\u00e9pvisel\u0151 szervezetre) test\u00e1lja \u00e1t azt a megtisztel\u0151 feladatot, hogy a Herczeg Kl\u00e1ra-d\u00edj senoir fokozat\u00e1t gondozza.<\/p>\r\n\r\n<p>A Herczeg Kl\u00e1ra d\u00edjban r\u00e9szes\u00fclt m\u0171v\u00e9szek:<\/p>\r\n\r\n<p><strong>2007. St. Auby Tam\u00e1s &#8211; Gr\u00f3f Ferenc (Societ\u00e9 Realiste)<br \/>\r\n 2006. Szikora Tam\u00e1s &#8211; Tibor Zsolt<br \/>\r\n 2005. T\u00fcrk P\u00e9ter &#8211; L\u00f3r\u00e1nt Anik\u00f3<br \/>\r\n 2004. Lantos Ferenc &#8211; Galbovy Attila \/ P\u00e9li Barna<br \/>\r\n 2003. Deim P\u00e1l <\/strong><strong>&#8211;<\/strong><strong> Sz\u00e1sz Gy\u00f6rgy<br \/>\r\n 2002. Major J\u00e1nos &#8211; Kokesch \u00c1d\u00e1m<br \/>\r\n 2001. Kaj\u00e1n Tibor &#8211; Bencz\u00far Emese<br \/>\r\n 2000. Gyarmathy Tiham\u00e9r- Kir\u00e1ly Andr\u00e1s<br \/>\r\n 1999. Lossonczy Tam\u00e1s &#8211; Schneemeier Andrea<br \/>\r\n 1998. Papp Oszk\u00e1r &#8211; W\u00e4chter D\u00e9nes<\/strong><\/p>","protected":false},"excerpt":{"rendered":"<p>2008-ban a Herczeg Kl\u00e1ra-d\u00edj senior fokozat\u00e1ra R\u00e9nyi Andr\u00e1s tett aj\u00e1nl\u00e1sokat, akit az FKSE vezet\u0151s\u00e9ge k\u00e9rt fel erre a feladatra. R\u00e9nyi Andr\u00e1s aj\u00e1nl\u00e1saib\u00f3l pedig a Fiatal K\u00e9pz\u0151m\u0171v\u00e9szek St\u00fadi\u00f3ja Alap\u00edtv\u00e1ny kurat\u00f3riuma K\u00f6r\u00f6s\u00e9nyi Tam\u00e1st jel\u00f6lte a Herczeg Kl\u00e1ra-d\u00edj senior fokozat\u00e1ra. K\u00f6r\u00f6s\u00e9nyi Tam\u00e1s szobr\u00e1szm\u0171v\u00e9sz, 1990-t\u0151l a Magyar K\u00e9pz\u0151m\u0171v\u00e9szeti (F\u0151iskola) Egyetem oszt\u00e1lyvezet\u0151 tan\u00e1ra, 1999-t\u0151l tansz\u00e9kvezet\u0151je. A 70-es \u00e9vek k\u00f6zep\u00e9n konceptu\u00e1lis [&hellip;]<\/p>\n","protected":false},"author":1,"featured_media":820360,"parent":0,"comment_status":"open","ping_status":"open","sticky":false,"template":"","format":"standard","meta":{"_acf_changed":false,"footnotes":""},"categories":[3],"tags":[],"class_list":["post-820356","post","type-post","status-publish","format-standard","has-post-thumbnail","hentry","category-hirek"],"acf":[],"_links":{"self":[{"href":"https:\/\/exindex.hu\/hu\/wp-json\/wp\/v2\/posts\/820356","targetHints":{"allow":["GET"]}}],"collection":[{"href":"https:\/\/exindex.hu\/hu\/wp-json\/wp\/v2\/posts"}],"about":[{"href":"https:\/\/exindex.hu\/hu\/wp-json\/wp\/v2\/types\/post"}],"author":[{"embeddable":true,"href":"https:\/\/exindex.hu\/hu\/wp-json\/wp\/v2\/users\/1"}],"replies":[{"embeddable":true,"href":"https:\/\/exindex.hu\/hu\/wp-json\/wp\/v2\/comments?post=820356"}],"version-history":[{"count":0,"href":"https:\/\/exindex.hu\/hu\/wp-json\/wp\/v2\/posts\/820356\/revisions"}],"wp:featuredmedia":[{"embeddable":true,"href":"https:\/\/exindex.hu\/hu\/wp-json\/wp\/v2\/media\/820360"}],"wp:attachment":[{"href":"https:\/\/exindex.hu\/hu\/wp-json\/wp\/v2\/media?parent=820356"}],"wp:term":[{"taxonomy":"category","embeddable":true,"href":"https:\/\/exindex.hu\/hu\/wp-json\/wp\/v2\/categories?post=820356"},{"taxonomy":"post_tag","embeddable":true,"href":"https:\/\/exindex.hu\/hu\/wp-json\/wp\/v2\/tags?post=820356"}],"curies":[{"name":"wp","href":"https:\/\/api.w.org\/{rel}","templated":true}]}}