{"id":820368,"date":"2008-12-11T20:40:57","date_gmt":"2008-12-11T18:40:57","guid":{"rendered":"https:\/\/exindex.hu\/?p=820368"},"modified":"2008-12-11T20:40:57","modified_gmt":"2008-12-11T18:40:57","slug":"muveszet-es-politika","status":"publish","type":"post","link":"https:\/\/exindex.hu\/hu\/hirek\/muveszet-es-politika\/","title":{"rendered":"M\u0171v\u00e9szet \u00e9s politika"},"content":{"rendered":"<p align=\"center\"><strong>I. VIZU\u00c1LIS M\u0170V\u00c9SZETI  SZIMP\u00d3ZIUM<\/strong><\/p>\r\n\r\n<p><br class=\"spacer_\" \/><\/p>\r\n\r\n<p>MODEM Modern \u00e9s Kort\u00e1rs Muv\u00e9szeti K\u00f6zpont<br \/>\r\n 4026 Debrecen, Baltaz\u00e1r Dezs\u0151 t\u00e9r 1.<a href=\"http:\/\/www.modemart.hu\/\" target=\"_blank\"><br \/>\r\n www.modemart.hu<\/a><\/p>\r\n\r\n<p>December 12.,  p\u00e9ntek<\/p>\r\n\r\n<p>10:00 Megnyit\u00f3<\/p>\r\n\r\n<p>10:30<strong> Heller \u00c1gnes<\/strong>:  M\u0171v\u00e9szet \u00e9s hatalom<em>. Vitaind\u00edt\u00f3 el\u0151ad\u00e1s<\/em><\/p>\r\n\r\n<p>SZOCRE\u00c1L, ELLEN-SZOCRE\u00c1L<\/p>\r\n\r\n<p>Eln\u00f6k: <strong>Guly\u00e1s  G\u00e1bor<\/strong><\/p>\r\n\r\n<p>11:15<strong> Passuth  Krisztina<\/strong>: A szemben\u00e1ll\u00e1s strat\u00e9gi\u00e1i a  szocre\u00e1l\u00a0id\u0151kben<\/p>\r\n\r\n<p>11:45<strong> Szeifert  Judit<\/strong>: Rejt\u0151zk\u00f6d\u0151 m\u0171v\u00e9szet (Nem hivatalos m\u0171v\u00e9szeti strat\u00e9gi\u00e1k  Magyarorsz\u00e1gon a R\u00e1kosi-korban [1949-53])<\/p>\r\n\r\n<p>12:15<strong> Rieder G\u00e1bor<\/strong>:  A szocre\u00e1l k\u00f6r\u00fcl (Az \u00f6tvenes \u00e9vek m\u0171v\u00e9szett\u00f6rt\u00e9neti  kontextusa)<\/p>\r\n\r\n<p>12:45<strong> Lakos Erika<\/strong>:  A szocre\u00e1l a t\u00e1ncm\u0171v\u00e9szetben<\/p>\r\n\r\n<p>13:15 &#8211; 14:15 Eb\u00e9d az \u00c1trium \u00e9tteremben<\/p>\r\n\r\n<p>FILMIPAR A SZOCIALIZMUS IDEJ\u00c9N<\/p>\r\n\r\n<p>Eln\u00f6k: <strong>Suty\u00e1k  Tibor<\/strong><\/p>\r\n\r\n<p>14:15<strong> Hirsch Tibor<\/strong>:  T\u00e1mogatott nemzed\u00e9kek megt\u0171rt nemzed\u00e9kk\u00e9pei<\/p>\r\n\r\n<p>14:45<strong> Harmat  Gy\u00f6rgy<\/strong>: Mindig van kit\u00f6r\u00e9s (Auton\u00f3m kifejez\u00e9si lehet\u0151s\u00e9gek a filmm\u0171v\u00e9szetben  \u00e9s filmiparban a szocializmus idej\u00e9n)<\/p>\r\n\r\n<p>15:15<strong> Gelencs\u00e9r  G\u00e1bor<\/strong>: Essz\u00e9film versus filmessz\u00e9 (Egy \u201e\u00e1tl\u00e9pett&#8221;  korszakk\u00fcsz\u00f6b)<\/p>\r\n\r\n<p>15:45<strong> P\u00f3lik J\u00f3zsef<\/strong>:  Fel\u00e9p\u00fcl v\u00e9gre a h\u00e1zunk (A R\u00e1kosi-korszak filmm\u0171v\u00e9szet\u00e9r\u0151l)<\/p>\r\n\r\n<p>16:00 &#8211; 16:15 K\u00e1v\u00e9sz\u00fcnet<\/p>\r\n\r\n<p>M\u0170V\u00c9SZET \u00c9S POLITIKA<\/p>\r\n\r\n<p>Eln\u00f6k: <strong>Beke  L\u00e1szl\u00f3<\/strong><\/p>\r\n\r\n<p>16:15<strong> Keser\u00fc  Katalin<\/strong>: Testv\u00e9ris\u00e9g<\/p>\r\n\r\n<p><strong> <\/strong><\/p>\r\n\r\n<p>16:45<strong> H\u00f6rcher Ferenc<\/strong>: M\u0171v\u00e9szet \u00e9s politika a  demokr\u00e1cia kor\u00e1ban<\/p>\r\n\r\n<p>17:15<strong> Guly\u00e1s G\u00e1bor<\/strong>: A t\u00f6rt\u00e9nelem \u00edg\u00e9rete<strong> <\/strong><\/p>\r\n\r\n<p>17:45<strong> Boj\u00e1r Iv\u00e1n Andr\u00e1s<\/strong>: A csoportportr\u00e9 a  szovjet fest\u00e9szetben<\/p>\r\n\r\n<p>18:30 \u00c1ll\u00f3fogad\u00e1s<\/p>\r\n\r\n<p>20:00 Vet\u00edt\u00e9s. <strong>Nemes Csaba<\/strong> <em>Remake<\/em> c\u00edm\u0171 anim\u00e1ci\u00f3s filmje; <strong>El-Hassan R\u00f3za <\/strong>vide\u00f3munk\u00e1i<\/p>\r\n\r\n<p><strong>December 13.,  szombat<\/strong><\/p>\r\n\r\n<p><em> <\/em><\/p>\r\n\r\n<p>M\u0170V\u00c9SZET \u00c9S IDEOL\u00d3GIA<\/p>\r\n\r\n<p>Eln\u00f6k: <strong>Passuth  Krisztina<\/strong><\/p>\r\n\r\n<p>9:30<strong> Beke L\u00e1szl\u00f3<\/strong>:  Szocialista m\u0171v\u00e9szet 1968 t\u00fckr\u00e9ben<\/p>\r\n\r\n<p>10:00<strong> Valasty\u00e1n Tam\u00e1s<\/strong>: A  dolgok kagyl\u00f3z\u00fag\u00e1sa (&#8217;68 aspektusa \u00e9s kontextusa Petri  l\u00edr\u00e1j\u00e1ban)<\/p>\r\n\r\n<p>10:30<strong> Losoncz  Alp\u00e1r<\/strong>: A forradalom l\u00e1that\u00f3s\u00e1ga, l\u00e1tv\u00e1ny, fel\u00fclet<\/p>\r\n\r\n<p>11:00<strong> Sz\u00e9plaky Gerda<\/strong>: A hatalom m\u0171v\u00e9szete &#8211; a  m\u0171v\u00e9szet hatalma<\/p>\r\n\r\n<p>11:30<strong> T\u00edm\u00e1r Katalin<\/strong>: Face to Face: Ideol\u00f3gia  a marg\u00f3n<em> (munkac\u00edm)<\/em><\/p>\r\n\r\n<p>12:00 &#8211; 13:00 Eb\u00e9d az \u00c1trium \u00e9tteremben<\/p>\r\n\r\n<p>\u00c9P\u00cdT\u00c9SZETI NARRAT\u00cdV\u00c1K<\/p>\r\n\r\n<p>Eln\u00f6k: <strong>Boj\u00e1r Iv\u00e1n Andr\u00e1s<\/strong><\/p>\r\n\r\n<p>13:00<strong> Wessel\u00e9nyi-Garay Andor<\/strong>: Ellenp\u00e9ld\u00e1k: Az  \u00e9p\u00edt\u00e9szet mint politikakritikai m\u00e9dium<\/p>\r\n\r\n<p>13:30<strong> Berta  Erzs\u00e9bet<\/strong>: Az \u00daj \u00c9p\u00edt\u00e9szet v\u00e9delm\u00e9t\u0151l a szocialista  realista \u00e9p\u00edt\u00e9szet proklam\u00e1ci\u00f3j\u00e1ig &#8211; \u00e9s vissza (A magyar \u00e9p\u00edt\u00e9szetelm\u00e9let  fordulatai 1950-1960 k\u00f6z\u00f6tt)<\/p>\r\n\r\n<p>14:00<strong> N\u00e1dori Eszter<\/strong>: A budapesti Kossuth t\u00e9r  t\u00e9r\u00e9p\u00edt\u00e9szet\u00e9nek t\u00f6rt\u00e9nete \u00e9s a Kossuth-szobor\/szobrok<\/p>\r\n\r\n<p>14:30<strong> Millisits  M\u00e1t\u00e9<\/strong>: A vasm\u0171vess\u00e9g \u00e1br\u00e1zol\u00e1sa a \u201evas- \u00e9s ac\u00e9l orsz\u00e1g\u00e1nak&#8221;  m\u0171v\u00e9szet\u00e9ben<\/p>\r\n\r\n<p>15:00 Kerekasztal-besz\u00e9lget\u00e9s a kort\u00e1rs m\u0171v\u00e9szet \u00e9s a politika viszony\u00e1r\u00f3l<\/p>\r\n\r\n<p>Moder\u00e1tor: <strong>Suty\u00e1k Tibor<\/strong> (filoz\u00f3fus). R\u00e9sztvev\u0151k: <strong>Babarczy  Eszter<\/strong> (filoz\u00f3fus, eszt\u00e9ta), <strong>El-Hassan R\u00f3za <\/strong>(k\u00e9pz\u0151m\u0171v\u00e9sz), <strong>L. Simon L\u00e1szl\u00f3<\/strong> (m\u0171v\u00e9szeti \u00edr\u00f3), <strong>Nemes Csaba <\/strong>(k\u00e9pz\u0151m\u0171v\u00e9sz)<\/p>\r\n\r\n<p>16:30 K\u00f6nyvbemutat\u00f3. Sz\u00e9plaky Gerda (szerk.): <strong><em>A  zsarnoks\u00e1g sz\u00e9ps\u00e9ge<\/em><\/strong><em> (Tanulm\u00e1nyok  a totalitarizmus m\u0171v\u00e9szet\u00e9r\u0151l) <\/em>c\u00edm\u0171 k\u00f6tetet bemutatja <strong>Vajda  Mih\u00e1ly<\/strong><\/p>","protected":false},"excerpt":{"rendered":"<p>I. VIZU\u00c1LIS M\u0170V\u00c9SZETI SZIMP\u00d3ZIUM MODEM Modern \u00e9s Kort\u00e1rs Muv\u00e9szeti K\u00f6zpont 4026 Debrecen, Baltaz\u00e1r Dezs\u0151 t\u00e9r 1. www.modemart.hu December 12., p\u00e9ntek 10:00 Megnyit\u00f3 10:30 Heller \u00c1gnes: M\u0171v\u00e9szet \u00e9s hatalom. Vitaind\u00edt\u00f3 el\u0151ad\u00e1s SZOCRE\u00c1L, ELLEN-SZOCRE\u00c1L Eln\u00f6k: Guly\u00e1s G\u00e1bor 11:15 Passuth Krisztina: A szemben\u00e1ll\u00e1s strat\u00e9gi\u00e1i a szocre\u00e1l\u00a0id\u0151kben 11:45 Szeifert Judit: Rejt\u0151zk\u00f6d\u0151 m\u0171v\u00e9szet (Nem hivatalos m\u0171v\u00e9szeti strat\u00e9gi\u00e1k Magyarorsz\u00e1gon a R\u00e1kosi-korban [&hellip;]<\/p>\n","protected":false},"author":1,"featured_media":0,"parent":0,"comment_status":"open","ping_status":"open","sticky":false,"template":"","format":"standard","meta":{"_acf_changed":false,"footnotes":""},"categories":[3],"tags":[],"class_list":["post-820368","post","type-post","status-publish","format-standard","hentry","category-hirek"],"acf":[],"_links":{"self":[{"href":"https:\/\/exindex.hu\/hu\/wp-json\/wp\/v2\/posts\/820368","targetHints":{"allow":["GET"]}}],"collection":[{"href":"https:\/\/exindex.hu\/hu\/wp-json\/wp\/v2\/posts"}],"about":[{"href":"https:\/\/exindex.hu\/hu\/wp-json\/wp\/v2\/types\/post"}],"author":[{"embeddable":true,"href":"https:\/\/exindex.hu\/hu\/wp-json\/wp\/v2\/users\/1"}],"replies":[{"embeddable":true,"href":"https:\/\/exindex.hu\/hu\/wp-json\/wp\/v2\/comments?post=820368"}],"version-history":[{"count":0,"href":"https:\/\/exindex.hu\/hu\/wp-json\/wp\/v2\/posts\/820368\/revisions"}],"wp:attachment":[{"href":"https:\/\/exindex.hu\/hu\/wp-json\/wp\/v2\/media?parent=820368"}],"wp:term":[{"taxonomy":"category","embeddable":true,"href":"https:\/\/exindex.hu\/hu\/wp-json\/wp\/v2\/categories?post=820368"},{"taxonomy":"post_tag","embeddable":true,"href":"https:\/\/exindex.hu\/hu\/wp-json\/wp\/v2\/tags?post=820368"}],"curies":[{"name":"wp","href":"https:\/\/api.w.org\/{rel}","templated":true}]}}