{"id":821101,"date":"2010-10-24T14:47:34","date_gmt":"2010-10-24T13:47:34","guid":{"rendered":"https:\/\/exindex.hu\/?p=821101"},"modified":"2010-10-24T14:47:34","modified_gmt":"2010-10-24T13:47:34","slug":"a-tuleles-epiteszete","status":"publish","type":"post","link":"https:\/\/exindex.hu\/hu\/hirek\/a-tuleles-epiteszete\/","title":{"rendered":"A t\u00fal\u00e9l\u00e9s \u00e9p\u00edt\u00e9szete"},"content":{"rendered":"<p>Nemzetk\u00f6zi szimp\u00f3zium Yona Friedman munk\u00e1ss\u00e1g\u00e1r\u00f3l \u00e9s \u00f6r\u00f6ks\u00e9g\u00e9r\u0151l<br \/>\r\n <strong>2010. okt\u00f3ber 26.<\/strong><br \/>\r\n Traf\u00f3 Kort\u00e1rs M\u0171v\u00e9szetek H\u00e1za<\/p>\r\n\r\n<p>A szimp\u00f3zium angol nyelven zajlik.<\/p>\r\n\r\n<p>A K\u00c9K \u2013 Kort\u00e1rs \u00c9p\u00edt\u00e9szeti K\u00f6zpont, a Traf\u00f3 \u2013 Kort\u00e1rs M\u0171v\u00e9szetek  H\u00e1za, a Ludwig M\u00fazeum \u2013 Kort\u00e1rs M\u0171v\u00e9szeti M\u00fazeum \u00e9s a Budapesti Francia  Int\u00e9zet szimp\u00f3ziumot szerveznek, amelynek c\u00e9lja, hogy a kort\u00e1rs hazai \u00e9s  nemzetk\u00f6zi t\u00e1rsadalmi, \u00e9p\u00edt\u00e9szeti \u00e9s m\u0171v\u00e9szeti kontextusban vizsg\u00e1lja  \u00fajra Yona Friedman munk\u00e1ss\u00e1g\u00e1t, \u00e9s el\u0151seg\u00edtse a Friedman-\u00e9letm\u0171vel  foglalkoz\u00f3, illetve abb\u00f3l inspir\u00e1ci\u00f3 mer\u00edt\u0151 \u00e9p\u00edt\u00e9szek, urbanist\u00e1k,  k\u00e9pz\u0151m\u0171v\u00e9szek, teoretikusok \u00e9s aktivist\u00e1k tal\u00e1lkoz\u00e1s\u00e1t.<\/p>\r\n\r\n<p>Yona Friedman k\u00e9ts\u00e9gtelen\u00fcl a 20. sz\u00e1zad m\u00e1sodik fel\u00e9nek egyik  legnagyobb hat\u00e1s\u00fa \u00e9p\u00edt\u00e9szeti gondolkod\u00f3ja. A \u201cMobil \u00e9p\u00edt\u00e9szet  kutat\u00f3csoportj\u00e1nak\u201d megalap\u00edt\u00e1s\u00e1t\u00f3l kezdve az \u0171rv\u00e1roson kereszt\u00fcl a  shanghaji hidakig, Friedman \u00e9letm\u0171v\u00e9ben sz\u00e1mos olyan forma \u00e9s gondolat  szerepel, amelyek \u00e9vtizedeken kereszt\u00fcl megterm\u00e9keny\u00edt\u0151en hatottak az  \u00e9p\u00edt\u00e9szeti diskurzusokra, \u00e9p\u00edt\u00e9szek \u00e9s k\u00e9pz\u0151m\u0171v\u00e9szek gener\u00e1ci\u00f3it  inspir\u00e1lva. A hangs\u00faly, amit Friedman az infrastrukt\u00far\u00e1kra \u00e9s az alulr\u00f3l  szervez\u0151d\u0151 tervez\u00e9s jelent\u0151s\u00e9g\u00e9re fektetett, bizonyos \u00e9rtelemben ma is  ugyanolyan relev\u00e1ns \u00e9s el\u0151re mutat\u00f3, mint az 1960-as \u00e9s 1970-es \u00e9vekben  volt: Friedman elm\u00e9letei egy gyorsan v\u00e1ltoz\u00f3 t\u00e1rsadalom ig\u00e9nyeit  t\u00fckr\u00f6zik \u00e9s v\u00e1laszokat k\u00edn\u00e1lnak a megn\u00f6vekedett mobilit\u00e1s kih\u00edv\u00e1saira.<\/p>\r\n\r\n<p>Az elm\u00falt \u00e9vekben Yona Friedman munk\u00e1ss\u00e1ga \u00fajra az \u00e9rdekl\u0151d\u00e9s  el\u0151ter\u00e9be ker\u00fclt: rajzai, makettjei, sz\u00f6vegei, k\u00e9preg\u00e9nyei \u00e9s m\u00e1s  dokumentumai a legnagyobb preszt\u00edzs\u0171 m\u0171v\u00e9szeti m\u00fazeumokban \u00e9s  gal\u00e9ri\u00e1kban voltak ki\u00e1ll\u00edtva, \u00e9s a legfontosabb m\u0171v\u00e9szeti gy\u0171jtem\u00e9nyek  r\u00e9sz\u00e9t k\u00e9pezik. Mindazon\u00e1ltal, n\u00e9mileg megt\u00e9veszt\u0151 Yona Friedman  jelen\u0151t\u00e9s\u00e9g\u00e9t kiz\u00e1r\u00f3lag a k\u00fcl\u00f6nb\u00f6z\u0151 m\u0171v\u00e9szeti kontextusokban bemutatott  eredeti m\u0171alkot\u00e1sokban l\u00e1tni. Friedman munk\u00e1ja v\u00e9lhet\u0151en j\u00f3csk\u00e1n  reduk\u00e1l\u00f3dik az \u00e9letm\u0171  eszt\u00e9tiz\u00e1l\u00e1sa \u00e1ltal, ha ez ut\u00f3bbi megfosztja az  \u00e9letm\u0171vet t\u00e1rsadalmi \u00e9s politikai relevanci\u00e1j\u00e1t\u00f3l.  Friedman egyike azon  ritka \u00e9p\u00edt\u00e9szeknek, akik olyan \u00e9p\u00edt\u00e9szeti alapelveket dolgoztak ki,  amelyek sikeresen k\u00f6t\u00f6tt\u00e9k \u00f6ssze mobilit\u00e1s \u00e9s flexibilit\u00e1s formai  \u00faj\u00edt\u00e1sokban materializ\u00e1l\u00f3d\u00f3 ut\u00f3pikus koncepci\u00f3it a sz\u00fcks\u00e9g \u00e9s a  v\u00e9szhelyzet \u00e9p\u00edt\u00e9szet\u00e9nek radik\u00e1lis pragmatizmus\u00e1val. A magyar  sz\u00e1rmaz\u00e1s\u00fa \u00e9p\u00edt\u00e9sz munk\u00e1j\u00e1nak fontos, ha nem k\u00f6zponti eleme a szeg\u00e9nys\u00e9g  filoz\u00f3fi\u00e1ja, \u00e9s a t\u00fal\u00e9l\u00e9s \u00e9p\u00edt\u00e9szet\u00e9nek koncepci\u00f3ja, amelyek  jelent\u0151s\u00e9ge t\u00f6bbek k\u00f6z\u00f6tt a k\u00fcl\u00f6nb\u00f6z\u0151 nemzetk\u00f6zi seg\u00e9lyprogramokban,  fejleszt\u00e9si ir\u00e1nyvonalakban, \u00e9s a konkr\u00e9t \u00e9p\u00edt\u00e9szeti gyakorlatban \u00e9rhet\u0151  tetten.<\/p>\r\n\r\n<p>A szimp\u00f3zium amb\u00edci\u00f3ja, hogy \u00e1ttekintse Friedman m\u0171v\u00e9szetre,  \u00e9p\u00edt\u00e9szetre, urbanisztik\u00e1ra, szoci\u00e1lis munka \u00e9s technol\u00f3gi\u00e1ra vonatkoz\u00f3  koncepci\u00f3it, \u00e9s hogy megvizsg\u00e1lja e koncepci\u00f3k mai helyekre \u00e9s  helyzetekre val\u00f3 alkalmazhat\u00f3s\u00e1g\u00e1t, k\u00fcl\u00f6n\u00f6sen a jelenlegi gazdas\u00e1gi  v\u00e1ls\u00e1g t\u00fckr\u00e9ben. A szimp\u00f3zium el\u0151ad\u00e1sai \u00fajrapozicion\u00e1lj\u00e1k Friedman  munk\u00e1j\u00e1t, feleleven\u00edtve \u00e9s a kort\u00e1rs \u00e9p\u00edt\u00e9szetre \u00e9s m\u0171v\u00e9szetre gyakorolt  hat\u00e1saiban elemezve az \u00e9p\u00edt\u00e9sz gondolatait a mobilit\u00e1sr\u00f3l, a v\u00e1rosi  infrastrukt\u00far\u00e1r\u00f3l \u00e9s a k\u00f6z\u00f6ss\u00e9gi r\u00e9szv\u00e9telr\u0151l, mik\u00f6zben hangs\u00falyt  fektetnek e munka m\u0171v\u00e9szeti-eszt\u00e9tikai kontextusban val\u00f3 bemutat\u00e1s\u00e1nak  dilemm\u00e1j\u00e1ra is.<\/p>\r\n\r\n<p>A szimp\u00f3zium ingyenes, de <a href=\"http:\/\/kek.org.hu\/yona\/regisztracio\/\" target=\"_blank\">regisztr\u00e1ci\u00f3hoz k\u00f6t\u00f6tt<\/a>.<\/p>\r\n\r\n<p><strong>Program:<\/strong><\/p>\r\n\r\n<p><em>Yona Friedman a magyarorsz\u00e1gi kontextusban: m\u0171v\u00e9szet, \u00e9p\u00edt\u00e9szet, gondolkod\u00e1s<\/em><br \/>\r\n <strong>09.30 <\/strong>Er\u0151ss Nikolett (Traf\u00f3) es<strong> <\/strong>Poly\u00e1k Levente (K\u00c9K)<\/p>\r\n\r\n<p><em>Yona Friedman vonzereje &#8211; ma \u00e9s tegnap<\/em><br \/>\r\n <strong>10.00 <\/strong>Dominique Rouillard (Universite Malaquais, LIAT, Paris)<\/p>\r\n\r\n<p><em>A mobil \u00e9p\u00edt\u00e9szet: A GEAM-t\u00f3l a kort\u00e1rs projektekig<\/em><br \/>\r\n <strong>10.30 <\/strong>Cornelia Escher (Freie Universitat, Berlin)<\/p>\r\n\r\n<p><em>Inform\u00e1lis \u00e9p\u00edt\u00e9szet \u00e9s a t\u00fal\u00e9l\u00e9s infrastrukt\u00far\u00e1ja<\/em><br \/>\r\n <strong>11.00 <\/strong>Pelin Tan (Technical University, Istanbul)<\/p>\r\n\r\n<p><em>Csin\u00e1ld-magad urbanizmus<\/em><br \/>\r\n 11.30<strong> <\/strong>Joseph Grima (Domus, Milano)<\/p>\r\n\r\n<p><strong>12.00-14.00<\/strong><br \/>\r\n Eb\u00e9dsz\u00fcnet<\/p>\r\n\r\n<p><em>Minden ut\u00f3pia megval\u00f3s\u00edthat\u00f3<\/em><br \/>\r\n <strong>14.00 <\/strong>Manuel Orazi (School of Architecture Ascoli Piceno, UNICAM)<\/p>\r\n\r\n<p><em>Burj\u00e1nz\u00f3 urbanizmus<\/em><br \/>\r\n <strong>14.30 <\/strong>Mark Shepard (University of Buffalo, Architectural League)<br \/>\r\n <em><br \/>\r\n A t\u00fal\u00e9l\u00e9s \u00e9p\u00edt\u00e9szete: v\u00e1ls\u00e1ghelyzetek \u00e9s humanit\u00e1rius v\u00e1laszok<\/em><br \/>\r\n <strong>15.00 <\/strong>Patrick Coulombel (Architectes de l&#8217;urgence, Paris)<\/p>\r\n\r\n<p><strong>15.30-16.00<\/strong><br \/>\r\n k\u00e1v\u00e9sz\u00fcnet<\/p>\r\n\r\n<p><em>Kort\u00e1rs \u00e9p\u00edt\u00e9szeti gyakorlatok<\/em><br \/>\r\n <strong>16.00 <\/strong>Collectif Exyzt (Paris)<br \/>\r\n <strong>17.00 <\/strong>Raumlabor (Berlin)<\/p>\r\n\r\n<p><strong>18.00<\/strong> Kerekasztal-besz\u00e9lget\u00e9s<\/p>","protected":false},"excerpt":{"rendered":"<p>Nemzetk\u00f6zi szimp\u00f3zium Yona Friedman munk\u00e1ss\u00e1g\u00e1r\u00f3l \u00e9s \u00f6r\u00f6ks\u00e9g\u00e9r\u0151l 2010. okt\u00f3ber 26. Traf\u00f3 Kort\u00e1rs M\u0171v\u00e9szetek H\u00e1za A szimp\u00f3zium angol nyelven zajlik. A K\u00c9K \u2013 Kort\u00e1rs \u00c9p\u00edt\u00e9szeti K\u00f6zpont, a Traf\u00f3 \u2013 Kort\u00e1rs M\u0171v\u00e9szetek H\u00e1za, a Ludwig M\u00fazeum \u2013 Kort\u00e1rs M\u0171v\u00e9szeti M\u00fazeum \u00e9s a Budapesti Francia Int\u00e9zet szimp\u00f3ziumot szerveznek, amelynek c\u00e9lja, hogy a kort\u00e1rs hazai \u00e9s nemzetk\u00f6zi t\u00e1rsadalmi, \u00e9p\u00edt\u00e9szeti [&hellip;]<\/p>\n","protected":false},"author":1,"featured_media":0,"parent":0,"comment_status":"open","ping_status":"open","sticky":false,"template":"","format":"standard","meta":{"_acf_changed":false,"footnotes":""},"categories":[3],"tags":[],"class_list":["post-821101","post","type-post","status-publish","format-standard","hentry","category-hirek"],"acf":[],"_links":{"self":[{"href":"https:\/\/exindex.hu\/hu\/wp-json\/wp\/v2\/posts\/821101","targetHints":{"allow":["GET"]}}],"collection":[{"href":"https:\/\/exindex.hu\/hu\/wp-json\/wp\/v2\/posts"}],"about":[{"href":"https:\/\/exindex.hu\/hu\/wp-json\/wp\/v2\/types\/post"}],"author":[{"embeddable":true,"href":"https:\/\/exindex.hu\/hu\/wp-json\/wp\/v2\/users\/1"}],"replies":[{"embeddable":true,"href":"https:\/\/exindex.hu\/hu\/wp-json\/wp\/v2\/comments?post=821101"}],"version-history":[{"count":0,"href":"https:\/\/exindex.hu\/hu\/wp-json\/wp\/v2\/posts\/821101\/revisions"}],"wp:attachment":[{"href":"https:\/\/exindex.hu\/hu\/wp-json\/wp\/v2\/media?parent=821101"}],"wp:term":[{"taxonomy":"category","embeddable":true,"href":"https:\/\/exindex.hu\/hu\/wp-json\/wp\/v2\/categories?post=821101"},{"taxonomy":"post_tag","embeddable":true,"href":"https:\/\/exindex.hu\/hu\/wp-json\/wp\/v2\/tags?post=821101"}],"curies":[{"name":"wp","href":"https:\/\/api.w.org\/{rel}","templated":true}]}}