{"id":821102,"date":"2010-10-24T17:15:52","date_gmt":"2010-10-24T16:15:52","guid":{"rendered":"https:\/\/exindex.hu\/?p=821102"},"modified":"2010-10-24T17:17:33","modified_gmt":"2010-10-24T16:17:33","slug":"mulabor","status":"publish","type":"post","link":"https:\/\/exindex.hu\/hu\/hirek\/mulabor\/","title":{"rendered":"m\u0171LABOR"},"content":{"rendered":"<div>A <a href=\"http:\/\/www.k27.hu\/\" target=\"_blank\">K27 csoport<\/a> utaz\u00f3 ki\u00e1ll\u00edt\u00e1sa<\/div>\r\n<div>2010. okt\u00f3ber 25. &#8211; okt\u00f3ber 31.<\/div>\r\n<div>Megnyit\u00f3: 2010. okt\u00f3ber 26. 10:00<\/div>\r\n<div>Megnyitja: Dr. Kaposi Ambrus<\/div>\r\n<div><a href=\"http:\/\/www.mechatronika.hu\/\" target=\"_blank\">Mechatronikai Szakk\u00f6z\u00e9piskola \u00e9s Gimn\u00e1zium<\/a><\/div>\r\n<div>Budapest, R\u00e9tk\u00f6z u. 39.\u2028Tel.: 36-1246-1365<\/div>\r\n<div>Nyitvatart\u00e1s: h\u00e9tf\u0151 &#8211; p\u00e9ntek: 09.00 &#8211; 19.00, szombat: 09.00 &#8211; 19.00, vas\u00e1rnap: 09.00 &#8211; 19.00<\/div>\r\n\r\n\r\n<p>A m\u0171LABOR projekt a ki\u00e1ll\u00edt\u00e1s m\u00e9dium\u00e1n kereszt\u00fcl vizsg\u00e1lja a k\u00fcl\u00f6nb\u00f6z\u0151 t\u00e1rsadalmi szegmensek kort\u00e1rs m\u0171v\u00e9szet ir\u00e1nti \u00e9rdekl\u0151d\u00e9s\u00e9t, fog\u00e9konys\u00e1g\u00e1t.<br \/>\r\n &#8211;<br \/>\r\n Elszakad a gal\u00e9ri\u00e1kt\u00f3l, int\u00e9zm\u00e9nyes\u00fclt ki\u00e1ll\u00edt\u00f3helyekt\u0151l \u00e9s azok k\u00f6z\u00f6ns\u00e9g\u00e9t\u0151l, alkalmazkodik \u00e9s idomul a rendelkez\u00e9sre \u00e1ll\u00f3 terek lehet\u0151s\u00e9geihez. Az utaz\u00f3 ki\u00e1ll\u00edt\u00e1s \u00e1llom\u00e1sain szavazni lehet a ki\u00e1ll\u00edtott t\u00e1rgyakra, a szavaz\u00e1s eredm\u00e9nye a projekt r\u00e9sz\u00e9v\u00e9 v\u00e1lva egy webes fel\u00fcleten megjelenve tov\u00e1bb k\u00eds\u00e9ri azt.<br \/>\r\n &#8211;<br \/>\r\n A m\u0171t\u00e1rgyakat saj\u00e1t tev\u00e9kenys\u00e9g\u00fcnkb\u0151l v\u00e1logattuk,\u00a0 t\u00f6rekedt\u00fcnk a m\u0171form\u00e1k min\u00e9l sz\u00e9lesebb k\u00f6r\u0171 felvonultat\u00e1s\u00e1ra, a legf\u0151bb ir\u00e1nyok bemutat\u00e1s\u00e1ra. Rem\u00e9lj\u00fck \u00edgy olyanokhoz is eljuthat a kort\u00e1rs k\u00e9pz\u0151m\u0171v\u00e9szet, akik eddig nem ker\u00fcltek, ker\u00fclhettek k\u00f6zvetlen kapcsolatba vele.<\/p>","protected":false},"excerpt":{"rendered":"<p>A K27 csoport utaz\u00f3 ki\u00e1ll\u00edt\u00e1sa 2010. okt\u00f3ber 25. &#8211; okt\u00f3ber 31. Megnyit\u00f3: 2010. okt\u00f3ber 26. 10:00 Megnyitja: Dr. Kaposi Ambrus Mechatronikai Szakk\u00f6z\u00e9piskola \u00e9s Gimn\u00e1zium Budapest, R\u00e9tk\u00f6z u. 39.\u2028Tel.: 36-1246-1365 Nyitvatart\u00e1s: h\u00e9tf\u0151 &#8211; p\u00e9ntek: 09.00 &#8211; 19.00, szombat: 09.00 &#8211; 19.00, vas\u00e1rnap: 09.00 &#8211; 19.00 A m\u0171LABOR projekt a ki\u00e1ll\u00edt\u00e1s m\u00e9dium\u00e1n kereszt\u00fcl vizsg\u00e1lja a k\u00fcl\u00f6nb\u00f6z\u0151 t\u00e1rsadalmi [&hellip;]<\/p>\n","protected":false},"author":1,"featured_media":0,"parent":0,"comment_status":"open","ping_status":"open","sticky":false,"template":"","format":"standard","meta":{"_acf_changed":false,"footnotes":""},"categories":[3],"tags":[],"class_list":["post-821102","post","type-post","status-publish","format-standard","hentry","category-hirek"],"acf":[],"_links":{"self":[{"href":"https:\/\/exindex.hu\/hu\/wp-json\/wp\/v2\/posts\/821102","targetHints":{"allow":["GET"]}}],"collection":[{"href":"https:\/\/exindex.hu\/hu\/wp-json\/wp\/v2\/posts"}],"about":[{"href":"https:\/\/exindex.hu\/hu\/wp-json\/wp\/v2\/types\/post"}],"author":[{"embeddable":true,"href":"https:\/\/exindex.hu\/hu\/wp-json\/wp\/v2\/users\/1"}],"replies":[{"embeddable":true,"href":"https:\/\/exindex.hu\/hu\/wp-json\/wp\/v2\/comments?post=821102"}],"version-history":[{"count":0,"href":"https:\/\/exindex.hu\/hu\/wp-json\/wp\/v2\/posts\/821102\/revisions"}],"wp:attachment":[{"href":"https:\/\/exindex.hu\/hu\/wp-json\/wp\/v2\/media?parent=821102"}],"wp:term":[{"taxonomy":"category","embeddable":true,"href":"https:\/\/exindex.hu\/hu\/wp-json\/wp\/v2\/categories?post=821102"},{"taxonomy":"post_tag","embeddable":true,"href":"https:\/\/exindex.hu\/hu\/wp-json\/wp\/v2\/tags?post=821102"}],"curies":[{"name":"wp","href":"https:\/\/api.w.org\/{rel}","templated":true}]}}